{"id":231228,"date":"2018-03-27T23:07:59","date_gmt":"2018-03-27T23:07:59","guid":{"rendered":"http:\/\/diariodominicano.ddns.net\/?p=231228"},"modified":"2018-03-27T23:07:59","modified_gmt":"2018-03-27T23:07:59","slug":"cientificos-chilenos-avanzan-sobre-posibilidad-de-predecir-sismos","status":"publish","type":"post","link":"https:\/\/diariodominicano.com\/?p=231228","title":{"rendered":"Cient\u00edficos chilenos avanzan sobre posibilidad de predecir sismos"},"content":{"rendered":"<p><body><\/p>\n<p><img decoding=\"async\" src=\"img3\/sismo chile000.jpg\" \/>  <\/p>\n<p><strong> <\/strong><\/p>\n<p><strong>   SANTIAGO, 27 mar (Xinhua) &#8212; <\/strong>Un grupo de cient\u00edficos chilenos descubri\u00f3 una relaci\u00f3n entre las variaciones geomagn\u00e9ticas y sismos ocurridos durante los \u00faltimos a\u00f1os en Chile, \u00abun primer paso ante la posibilidad de predecir sismos\u00bb, inform\u00f3 hoy martes la prensa local.<\/p>\n<\/p>\n<p>   En el estudio, denominado \u00abTasa de variaci\u00f3n latitudinal de la rigidez del corte geomagn\u00e9tico en el margen convergente activo de Chile\u00bb, se analiz\u00f3 el comportamiento magn\u00e9tico en el hemisferio sur de la Tierra, public\u00f3 el peri\u00f3dico chileno \u00abLa Tercera\u00bb.<\/p>\n<\/p>\n<p>   En la investigaci\u00f3n participaron el profesor Enrique Cordaro, as\u00ed como los investigadores Patricio Venegas, de la Universidad de Chile, y David Laroze, de la Universidad de Tarapac\u00e1. <\/p>\n<\/p>\n<p>   \u00abEncontramos que la protecci\u00f3n que nos brinda el campo magn\u00e9tico de la Tierra contra las radiaciones del espacio est\u00e1 fuertemente relacionado con las placas tect\u00f3nicas y con terremotos en nuestro pa\u00eds\u00bb, dijo Cordaro.<\/p>\n<\/p>\n<p>   El acad\u00e9mico del Departamento de F\u00edsica de la Universidad de Chile y encargado del proyecto expuso que \u00abes un primer paso ante la posibilidad de predecir sismos, para lo cual es necesario continuar con esta investigaci\u00f3n\u00bb.<\/p>\n<\/p>\n<p>   Seg\u00fan el peri\u00f3dico, uno de los factores para esta relaci\u00f3n tiene que ver con la llamada anomal\u00eda magn\u00e9tica del Atl\u00e1ntico Sur, fen\u00f3meno que se extiende de Chile a Zimbabue en Africa del sur.<\/p>\n<\/p>\n<p>   Denota una dr\u00e1stica disminuci\u00f3n en el campo magn\u00e9tico presente en la Tierra, aumentando la exposici\u00f3n de radiaci\u00f3n espacial y, por lo tanto, obliga a los sat\u00e9lites a buscar otras rutas para no da\u00f1ar sus componentes electr\u00f3nicos.<\/p>\n<\/p>\n<p>   Los investigadores identificaron que este fen\u00f3meno tuvo un comportamiento similar en terremotos como el de Sumatra en 2004, Maule (Chile) en 2010 y Tohoku (Jap\u00f3n) en 2011. <\/p>\n<\/p>\n<p>   En esos sitios, detalla la informaci\u00f3n, observaron cambios bruscos en el campo magn\u00e9tico cercano antes del terremoto y oscilaciones que finalizaban justo en el momento del evento.<\/p>\n<\/p>\n<p>   Esto permiti\u00f3 definir un tiempo de espera entre el cambio brusco y el t\u00e9rmino de la existencia de oscilaciones, siendo del orden de un mes para el terremoto en Chile.<\/p>\n<\/p>\n<p>   De acuerdo con las evidencias, el magnetismo terrestre y los terremotos estar\u00edan fuertemente vinculados.<\/p>\n<\/p>\n<p>   \u00abEsto es un punto de vista nuevo que no ha sido explorado en tierra y concuerda con otros estudios recientes llevados a cabo con sat\u00e9lites\u00bb, puntualiz\u00f3 Cordaro.<\/p>\n<\/p>\n<p>   La investigaci\u00f3n completa ser\u00e1 publicada en la pr\u00f3xima edici\u00f3n impresa de la revista cient\u00edfica Annales Geophysicae. Fin<\/p>\n<h6> 2018-03-27 23:07:59 <\/h6>\n<p><!--\n<link rel=\"stylesheet\" href=\"css\/bootstrap.min.css\">\n\n\n<ul class=\"pagination\">\n\t    \n\t\n\n<li >\n\t<a href='?page_no=10860'>Previous<\/a>\n\t<\/li>\n\n\n       \n    \n\n<li><a href='?page_no=1'>1<\/a><\/li>\n\n\n\n<li><a href='?page_no=2'>2<\/a><\/li>\n\n\n\n<li><a>...<\/a><\/li>\n\n\n\n<li><a href='?page_no=10859'>10859<\/a><\/li>\n\n\n\n<li><a href='?page_no=10860'>10860<\/a><\/li>\n\n\n\n<li class='active'><a>10861<\/a><\/li>\n\n\n\n<li><a href='?page_no=10862'>10862<\/a><\/li>\n\n\n\n<li><a href='?page_no=10863'>10863<\/a><\/li>\n\n\n\n<li><a>...<\/a><\/li>\n\n\n\n<li><a href='?page_no=51012'>51012<\/a><\/li>\n\n\n\n<li><a href='?page_no=51013'>51013<\/a><\/li>\n\n    \n\t\n\n<li >\n\t<a href='?page_no=10862'>Next<\/a>\n\t<\/li>\n\n\n    \n\n<li><a href='?page_no=51013'>Last &rsaquo;&rsaquo;<\/a><\/li>\n\n<\/ul>\n\n\n--><br \/>\n<\/body><\/p>\n","protected":false},"excerpt":{"rendered":"<p>SANTIAGO, 27 mar (Xinhua) &#8212; Un grupo de cient\u00edficos chilenos descubri\u00f3 una relaci\u00f3n entre las variaciones geomagn\u00e9ticas y sismos ocurridos durante los \u00faltimos a\u00f1os en Chile, \u00abun primer paso ante la posibilidad de predecir sismos\u00bb, inform\u00f3 hoy martes la prensa local. En el estudio, denominado \u00abTasa de variaci\u00f3n latitudinal de la rigidez del corte geomagn\u00e9tico [&hellip;]<\/p>\n","protected":false},"author":3,"featured_media":0,"comment_status":"open","ping_status":"open","sticky":false,"template":"","format":"standard","meta":{"footnotes":""},"categories":[23],"tags":[],"class_list":["post-231228","post","type-post","status-publish","format-standard","hentry","category-internacional"],"_links":{"self":[{"href":"https:\/\/diariodominicano.com\/index.php?rest_route=\/wp\/v2\/posts\/231228","targetHints":{"allow":["GET"]}}],"collection":[{"href":"https:\/\/diariodominicano.com\/index.php?rest_route=\/wp\/v2\/posts"}],"about":[{"href":"https:\/\/diariodominicano.com\/index.php?rest_route=\/wp\/v2\/types\/post"}],"author":[{"embeddable":true,"href":"https:\/\/diariodominicano.com\/index.php?rest_route=\/wp\/v2\/users\/3"}],"replies":[{"embeddable":true,"href":"https:\/\/diariodominicano.com\/index.php?rest_route=%2Fwp%2Fv2%2Fcomments&post=231228"}],"version-history":[{"count":0,"href":"https:\/\/diariodominicano.com\/index.php?rest_route=\/wp\/v2\/posts\/231228\/revisions"}],"wp:attachment":[{"href":"https:\/\/diariodominicano.com\/index.php?rest_route=%2Fwp%2Fv2%2Fmedia&parent=231228"}],"wp:term":[{"taxonomy":"category","embeddable":true,"href":"https:\/\/diariodominicano.com\/index.php?rest_route=%2Fwp%2Fv2%2Fcategories&post=231228"},{"taxonomy":"post_tag","embeddable":true,"href":"https:\/\/diariodominicano.com\/index.php?rest_route=%2Fwp%2Fv2%2Ftags&post=231228"}],"curies":[{"name":"wp","href":"https:\/\/api.w.org\/{rel}","templated":true}]}}