{"id":231227,"date":"2018-03-28T09:00:30","date_gmt":"2018-03-28T09:00:30","guid":{"rendered":"http:\/\/diariodominicano.ddns.net\/?p=231227"},"modified":"2018-03-28T09:00:30","modified_gmt":"2018-03-28T09:00:30","slug":"sectores-independentistas-catalanes-instan-a-investir-a-puigdemont","status":"publish","type":"post","link":"https:\/\/diariodominicano.com\/?p=231227","title":{"rendered":"Sectores independentistas catalanes instan a investir a Puigdemont"},"content":{"rendered":"<p><body><\/p>\n<p><img decoding=\"async\" src=\"img3\/f6c0c8562b6b49e5c913e6ab7ab1785dec2dfeb5.jpg\" \/>  <\/p>\n<p>AFP \/ Llu\u00eds Gen\u00e9<\/p>\n<p>Roger Torrent preside una sesi\u00f3n en el Parlamento de Catalu\u00f1a, en Barcelona, el 28 de marzo de 2018<\/p>\n<p>Algunos sectores del independentismo catal\u00e1n instaron este mi\u00e9rcoles en el Parlamento regional a investir nuevamente al expresidente Carles Puigdemont, a pesar de su detenci\u00f3n en Alemania pendiente de un proceso de extradici\u00f3n a Espa\u00f1a, donde est\u00e1 inculpado por \u00abrebeli\u00f3n\u00bb.<\/p>\n<\/p>\n<p>\u00abEn estos tiempos de emergencia democr\u00e1tica para Catalu\u00f1a queremos decir p\u00fablicamente que no renunciaremos a la investidura del presidente Carles Puigdemont\u00bb, a quien la justicia prohibi\u00f3 ser escogido sin estar presente, se\u00f1al\u00f3 la diputada Gemma Geis, de su formaci\u00f3n Junts per Catalunya.<\/p>\n<\/p>\n<p>Los llamamientos se produjeron durante el debate de una resoluci\u00f3n de car\u00e1cter simb\u00f3lico, aprobada por la mayor\u00eda independentista de la c\u00e1mara catalana, que defend\u00eda el derecho de Puigdemont a ser investido presidente as\u00ed como la liberaci\u00f3n de los nueve separatistas encarcelados.<\/p>\n<\/p>\n<p>Despu\u00e9s del arresto de Puigdemont en Alemania en virtud de una orden de detenci\u00f3n europea, Junts per Catalunya (34 diputados) recuper\u00f3 la idea de investirlo.<\/p>\n<\/p>\n<p>La investidura deber\u00eda ser a distancia, lo que genera recelos en el otro gran partido independentista, Esquerra Republicana de Catalunya (ERC, 32 diputados), por las posibles consecuencias judiciales para el presidente del Parlamento, Roger Torrent, surgido de sus filas.<\/p>\n<\/p>\n<p>En cambio, re\u00fane el apoyo de los m\u00e1s radicales, la peque\u00f1a formaci\u00f3n de extrema izquierda Candidatura de Unidad Popular (4 esca\u00f1os).<\/p>\n<\/p>\n<p>\u00abPedimos un pleno de investidura ya para investir a Carles Puigdemont como presidente\u00bb, dijo su l\u00edder Carles Riera, ofreci\u00e9ndose incluso a presidir la c\u00e1mara y asumir todas las responsabilidades.<\/p>\n<\/p>\n<p>\u00abUstedes lo que quieren es tener un presidente en prisi\u00f3n\u00bb, les reproch\u00f3 In\u00e9s Arrimadas, la l\u00edder de Ciudadanos (centroderecha), la mayor bancada del Parlamento catal\u00e1n, con 36 diputados pero sin apoyos suficientes para gobernar.<\/p>\n<\/p>\n<p>A finales de enero, cuando el expresidente se encontraba en B\u00e9lgica y con cargos pendientes con la justicia espa\u00f1ola, el Tribunal Constitucional prohibi\u00f3 su investidura si no se entregaba previamente a las autoridades.<\/p>\n<\/p>\n<p>Finalmente, a principios de marzo renunci\u00f3 para permitir la r\u00e1pida formaci\u00f3n de un gobierno en la regi\u00f3n, bajo control directo de Madrid desde el 27 de octubre, cuando ces\u00f3 al ejecutivo de Puigdemont poco despu\u00e9s de la fallida declaraci\u00f3n de independencia del Parlamento catal\u00e1n.<\/p>\n<\/p>\n<p>Pero los siguientes dos candidatos escogidos, el activista Jordi S\u00e1nchez y el exportavoz del gobierno Jordi Turull, tampoco consiguieron ser investidos al estar en la c\u00e1rcel, junto a otros siete independentistas.<\/p>\n<h6> 2018-03-28 09:00:30 <\/h6>\n<p><!--\n<link rel=\"stylesheet\" href=\"css\/bootstrap.min.css\">\n\n\n<ul class=\"pagination\">\n\t    \n\t\n\n<li >\n\t<a href='?page_no=10859'>Previous<\/a>\n\t<\/li>\n\n\n       \n    \n\n<li><a href='?page_no=1'>1<\/a><\/li>\n\n\n\n<li><a href='?page_no=2'>2<\/a><\/li>\n\n\n\n<li><a>...<\/a><\/li>\n\n\n\n<li><a href='?page_no=10858'>10858<\/a><\/li>\n\n\n\n<li><a href='?page_no=10859'>10859<\/a><\/li>\n\n\n\n<li class='active'><a>10860<\/a><\/li>\n\n\n\n<li><a href='?page_no=10861'>10861<\/a><\/li>\n\n\n\n<li><a href='?page_no=10862'>10862<\/a><\/li>\n\n\n\n<li><a>...<\/a><\/li>\n\n\n\n<li><a href='?page_no=51012'>51012<\/a><\/li>\n\n\n\n<li><a href='?page_no=51013'>51013<\/a><\/li>\n\n    \n\t\n\n<li >\n\t<a href='?page_no=10861'>Next<\/a>\n\t<\/li>\n\n\n    \n\n<li><a href='?page_no=51013'>Last &rsaquo;&rsaquo;<\/a><\/li>\n\n<\/ul>\n\n\n--><br \/>\n<\/body><\/p>\n","protected":false},"excerpt":{"rendered":"<p>AFP \/ Llu\u00eds Gen\u00e9 Roger Torrent preside una sesi\u00f3n en el Parlamento de Catalu\u00f1a, en Barcelona, el 28 de marzo de 2018 Algunos sectores del independentismo catal\u00e1n instaron este mi\u00e9rcoles en el Parlamento regional a investir nuevamente al expresidente Carles Puigdemont, a pesar de su detenci\u00f3n en Alemania pendiente de un proceso de extradici\u00f3n a [&hellip;]<\/p>\n","protected":false},"author":3,"featured_media":0,"comment_status":"open","ping_status":"open","sticky":false,"template":"","format":"standard","meta":{"footnotes":""},"categories":[23],"tags":[],"class_list":["post-231227","post","type-post","status-publish","format-standard","hentry","category-internacional"],"_links":{"self":[{"href":"https:\/\/diariodominicano.com\/index.php?rest_route=\/wp\/v2\/posts\/231227","targetHints":{"allow":["GET"]}}],"collection":[{"href":"https:\/\/diariodominicano.com\/index.php?rest_route=\/wp\/v2\/posts"}],"about":[{"href":"https:\/\/diariodominicano.com\/index.php?rest_route=\/wp\/v2\/types\/post"}],"author":[{"embeddable":true,"href":"https:\/\/diariodominicano.com\/index.php?rest_route=\/wp\/v2\/users\/3"}],"replies":[{"embeddable":true,"href":"https:\/\/diariodominicano.com\/index.php?rest_route=%2Fwp%2Fv2%2Fcomments&post=231227"}],"version-history":[{"count":0,"href":"https:\/\/diariodominicano.com\/index.php?rest_route=\/wp\/v2\/posts\/231227\/revisions"}],"wp:attachment":[{"href":"https:\/\/diariodominicano.com\/index.php?rest_route=%2Fwp%2Fv2%2Fmedia&parent=231227"}],"wp:term":[{"taxonomy":"category","embeddable":true,"href":"https:\/\/diariodominicano.com\/index.php?rest_route=%2Fwp%2Fv2%2Fcategories&post=231227"},{"taxonomy":"post_tag","embeddable":true,"href":"https:\/\/diariodominicano.com\/index.php?rest_route=%2Fwp%2Fv2%2Ftags&post=231227"}],"curies":[{"name":"wp","href":"https:\/\/api.w.org\/{rel}","templated":true}]}}