{"id":231225,"date":"2018-03-28T09:06:05","date_gmt":"2018-03-28T09:06:05","guid":{"rendered":"http:\/\/diariodominicano.ddns.net\/?p=231225"},"modified":"2018-03-28T09:06:05","modified_gmt":"2018-03-28T09:06:05","slug":"francia-rinde-homenaje-nacional-al-gendarme-que-dio-su-vida-en-atentado","status":"publish","type":"post","link":"https:\/\/diariodominicano.com\/?p=231225","title":{"rendered":"Francia rinde homenaje nacional al gendarme que dio su vida en atentado"},"content":{"rendered":"<p><body><\/p>\n<p><img decoding=\"async\" src=\"img3\/e49686c2b528d4c8613a0df11e3e1caf6b6eb98c.jpg\" \/>  <\/p>\n<\/p>\n<p>AFP \/ Philippe LOPEZ<\/p>\n<p>El presidente franc\u00e9s Emmanuel Macron se inclina sobre el f\u00e9retro del coronel Arnaud Beltrame durante el homenaje nacional en los Inv\u00e1lidos de Par\u00eds, el 28 de marzo de 2018<\/p>\n<p>Desconocido hace una semana, el gendarme Arnaud Beltrame fue homenajeado este mi\u00e9rcoles como un h\u00e9roe nacional en Francia, tras haber dado su vida para salvar a una reh\u00e9n en un ataque yihadista.<\/p>\n<\/p>\n<p>Beltrame encarna el \u00abesp\u00edritu franc\u00e9s de resistencia\u00bb, proclam\u00f3 el presidente Emmanuel Macron, durante su elogio f\u00fanebre en el monumento de los Inv\u00e1lidos, en Par\u00eds.<\/p>\n<\/p>\n<p>\u00abSu memoria vivir\u00e1\u00bb y \u00absu ejemplo persistir\u00e1\u00bb, agreg\u00f3 el presidente franc\u00e9s acerca de este gendarme de 44 a\u00f1os, fallecido el viernes tras cambiarse por una reh\u00e9n durante un atentado en el sur del pa\u00eds que se sald\u00f3 con cuatro muertos.<\/p>\n<\/p>\n<p>Beltrame, ascendido al grado de coronel y distinguido Comandante de la Legi\u00f3n de Honor, falleci\u00f3 a manos del atacante Radouane Lakdim, un delincuente com\u00fan radicalizado que dijo actuar en nombre del grupo yihadista Estado Isl\u00e1mico.<\/p>\n<\/p>\n<p>Centenares de personas afluyeron al patio de los Inv\u00e1lidos, que alberga una necr\u00f3polis militar y donde est\u00e1 enterrado Napole\u00f3n.<\/p>\n<\/p>\n<p>El coronel Beltrame \u00abhac\u00eda frente a la agresi\u00f3n islamista, al odio, a la locura mort\u00edfera\u00bb, destac\u00f3 Macron, llamando a \u00abcada ciudadano\u00bb a una mayor \u00abvigilancia y civismo\u00bb, frente al \u00abislamismo subterr\u00e1neo\u00bb.<\/p>\n<\/p>\n<p>&#8211; \u00abOscurantismo b\u00e1rbaro\u00bb &#8211;<\/p>\n<\/p>\n<p>El presidente cit\u00f3 adem\u00e1s otro asunto que conmocion\u00f3 a Francia, el asesinato el viernes de una octogenaria jud\u00eda, Mireille Knoll, \u00abasesinada porque era jud\u00eda\u00bb y v\u00edctima del mismo \u00aboscurantismo b\u00e1rbaro\u00bb.<\/p>\n<\/p>\n<p>Entre los 1.200 invitados a los Inv\u00e1lidos, asistieron las familias de las v\u00edctimas, las personas presentes durante el ataque, as\u00ed como los expresidentes Nicolas Sarkozy y Fran\u00e7ois Hollande y numerosos militares.<\/p>\n<\/p>\n<p>El f\u00e9retro de Beltrame fue acompa\u00f1ado por 200 hermanos de armas.<\/p>\n<\/p>\n<p>Previamente, en todas las gendarmer\u00edas y prefecturas, as\u00ed como en el palacio presidencial del El\u00edseo y en la sede del ministerio del Interior se observ\u00f3 un minuto de silencio en su memoria.<\/p>\n<\/p>\n<p>Bajo la lluvia, miles de personas, entre ellos muchos colegiales, saludaron el convoy escoltado por siete motoristas de la guardia republicana, a su paso por las calles de la capital francesa hasta los Inv\u00e1lidos. Polic\u00edas, gendarmes y bomberos estuvieron presentes con sus uniformes de honor.<\/p>\n<\/p>\n<p>Un centenar de personas se congregaron igualmente el mi\u00e9rcoles en el patio del peque\u00f1o cuartel donde estaba destinado Beltrame.<\/p>\n<\/p>\n<p>\u00abSe sent\u00eda intr\u00ednsicamente gendarme. Para \u00e9l, ser gendarme quer\u00eda decir proteger\u00bb, dijo su viuda Marielle al semanario cristiano La Vie. Su decisi\u00f3n de tomar el lugar de una reh\u00e9n fue \u00abun gesto de gendarme y un gesto cristiano\u00bb, a\u00f1adi\u00f3.<\/p>\n<\/p>\n<p>Muri\u00f3 en el supermercado de Tr\u00e8bes donde Lakdim se atrincher\u00f3 tras haber matado previamente a una persona y herido a otra para robarles el coche, y a un cliente y a un empleado del establecimiento. Trat\u00f3 de negociar con el atacante sin \u00e9xito y falleci\u00f3 al d\u00eda siguiente tras ser herido de bala y arma blanca.<\/p>\n<\/p>\n<p>Beltrame se gradu\u00f3 como mayor de su escuela militar, antes de unirse a la unidad de \u00e9lite de paracaidistas en Irak, participar en la seguridad del palacio del El\u00edseo y dirigir una compa\u00f1\u00eda en el noroeste del pa\u00eds.<\/p>\n<\/p>\n<p>Sus exequias ser\u00e1n celebradas el jueves en Ferrals (sur), donde viv\u00eda con su esposa. Las otras tres v\u00edctimas tambi\u00e9n ser\u00e1n inhumadas ese d\u00eda.<\/p>\n<\/p>\n<p>En toda Francia, los homenajes a Beltrame se multiplicaron y algunas localidades bautizaron una calle o un lugar p\u00fablico con su nombre.<\/p>\n<\/p>\n<p>En cambio la unanimidad hizo agua a la hora de evaluar al gobierno, criticado por la derecha y la extrema derecha por su pol\u00edtica de lucha contra el islamismo radical -juzgada demasiado laxista- y el seguimiento de los extremistas.<\/p>\n<\/p>\n<p>Lakdim era objeto de seguimiento por parte de los servicios de inteligencia por sus supuestos v\u00ednculos con el salafismo.<\/p>\n<h6> 2018-03-28 09:06:05 <\/h6>\n<p><!--\n<link rel=\"stylesheet\" href=\"css\/bootstrap.min.css\">\n\n\n<ul class=\"pagination\">\n\t    \n\t\n\n<li >\n\t<a href='?page_no=10858'>Previous<\/a>\n\t<\/li>\n\n\n       \n    \n\n<li><a href='?page_no=1'>1<\/a><\/li>\n\n\n\n<li><a href='?page_no=2'>2<\/a><\/li>\n\n\n\n<li><a>...<\/a><\/li>\n\n\n\n<li><a href='?page_no=10857'>10857<\/a><\/li>\n\n\n\n<li><a href='?page_no=10858'>10858<\/a><\/li>\n\n\n\n<li class='active'><a>10859<\/a><\/li>\n\n\n\n<li><a href='?page_no=10860'>10860<\/a><\/li>\n\n\n\n<li><a href='?page_no=10861'>10861<\/a><\/li>\n\n\n\n<li><a>...<\/a><\/li>\n\n\n\n<li><a href='?page_no=51012'>51012<\/a><\/li>\n\n\n\n<li><a href='?page_no=51013'>51013<\/a><\/li>\n\n    \n\t\n\n<li >\n\t<a href='?page_no=10860'>Next<\/a>\n\t<\/li>\n\n\n    \n\n<li><a href='?page_no=51013'>Last &rsaquo;&rsaquo;<\/a><\/li>\n\n<\/ul>\n\n\n--><br \/>\n<\/body><\/p>\n","protected":false},"excerpt":{"rendered":"<p>AFP \/ Philippe LOPEZ El presidente franc\u00e9s Emmanuel Macron se inclina sobre el f\u00e9retro del coronel Arnaud Beltrame durante el homenaje nacional en los Inv\u00e1lidos de Par\u00eds, el 28 de marzo de 2018 Desconocido hace una semana, el gendarme Arnaud Beltrame fue homenajeado este mi\u00e9rcoles como un h\u00e9roe nacional en Francia, tras haber dado su [&hellip;]<\/p>\n","protected":false},"author":3,"featured_media":0,"comment_status":"open","ping_status":"open","sticky":false,"template":"","format":"standard","meta":{"footnotes":""},"categories":[23],"tags":[],"class_list":["post-231225","post","type-post","status-publish","format-standard","hentry","category-internacional"],"_links":{"self":[{"href":"https:\/\/diariodominicano.com\/index.php?rest_route=\/wp\/v2\/posts\/231225","targetHints":{"allow":["GET"]}}],"collection":[{"href":"https:\/\/diariodominicano.com\/index.php?rest_route=\/wp\/v2\/posts"}],"about":[{"href":"https:\/\/diariodominicano.com\/index.php?rest_route=\/wp\/v2\/types\/post"}],"author":[{"embeddable":true,"href":"https:\/\/diariodominicano.com\/index.php?rest_route=\/wp\/v2\/users\/3"}],"replies":[{"embeddable":true,"href":"https:\/\/diariodominicano.com\/index.php?rest_route=%2Fwp%2Fv2%2Fcomments&post=231225"}],"version-history":[{"count":0,"href":"https:\/\/diariodominicano.com\/index.php?rest_route=\/wp\/v2\/posts\/231225\/revisions"}],"wp:attachment":[{"href":"https:\/\/diariodominicano.com\/index.php?rest_route=%2Fwp%2Fv2%2Fmedia&parent=231225"}],"wp:term":[{"taxonomy":"category","embeddable":true,"href":"https:\/\/diariodominicano.com\/index.php?rest_route=%2Fwp%2Fv2%2Fcategories&post=231225"},{"taxonomy":"post_tag","embeddable":true,"href":"https:\/\/diariodominicano.com\/index.php?rest_route=%2Fwp%2Fv2%2Ftags&post=231225"}],"curies":[{"name":"wp","href":"https:\/\/api.w.org\/{rel}","templated":true}]}}