{"id":231224,"date":"2018-03-28T09:12:48","date_gmt":"2018-03-28T09:12:48","guid":{"rendered":"http:\/\/diariodominicano.ddns.net\/?p=231224"},"modified":"2018-03-28T09:12:48","modified_gmt":"2018-03-28T09:12:48","slug":"parlamento-catalan-reivindica-derechos-de-independentistas-presos","status":"publish","type":"post","link":"https:\/\/diariodominicano.com\/?p=231224","title":{"rendered":"Parlamento catal\u00e1n reivindica derechos de independentistas presos"},"content":{"rendered":"<p><body><\/p>\n<p><img decoding=\"async\" src=\"img3\/parlamento.jpg\" \/>  <\/p>\n<p><strong> Madrid, 28 mar (PL) <\/strong>El parlamento de Catalu\u00f1a celebra hoy un pleno urgente para reivindicar los derechos pol\u00edticos del expresidente Carles Puigdemont y de los l\u00edderes separatistas presos por su papel en la declaraci\u00f3n unilateral de independencia de esa regi\u00f3n espa\u00f1ola.<\/p>\n<\/p>\n<p>La c\u00e1mara regional debatir\u00e1 este mi\u00e9rcoles dos propuestas consensuadas por Junts per Catalunya (JxCat), Esquerra Republicana (ERC) y la anticapitalista Candidatura de Unidad Popular (CUP), los tres partidos secesionistas que suman mayor\u00eda absoluta.<\/p>\n<\/p>\n<p>En concreto, JxCat, ERC y la CUP defender\u00e1n el derecho de Puigdemont, Jordi S\u00e1nchez y Jordi Turull, diputados electos en los comicios de diciembre \u00faltimo, a ser investidos presidentes de la Generalitat (autogobierno catal\u00e1n).<\/p>\n<\/p>\n<p>Con estas resoluciones, m\u00e1s simb\u00f3licas que efectivas, las agrupaciones pretenden poner de manifiesto que los tres candidatos siguen siendo elegibles pese a las trabas judiciales.<\/p>\n<\/p>\n<p>El cesado mandatario fue arrestado el pasado domingo en Alemania por una orden de detenci\u00f3n europea activada dos d\u00edas antes por el Tribunal Supremo espa\u00f1ol, que lo proces\u00f3 por el delito de rebeli\u00f3n junto a S\u00e1nchez, Turull y otras nueve figuras del independentismo.<\/p>\n<\/p>\n<p>Precisamente, las iniciativas reclaman tambi\u00e9n la puesta en libertad inmediata de todos los l\u00edderes soberanistas que se encuentran en prisi\u00f3n preventiva.<\/p>\n<\/p>\n<p>La sesi\u00f3n comenzar\u00e1 con la comparecencia del S\u00edndic de Greuges (Defensor del Pueblo de Catalu\u00f1a), Rafael Rib\u00f3, que presentar\u00e1 un informe sobre el referendo de autodeterminaci\u00f3n del 1 de octubre y las cargas policiales de esa jornada contra ciudadanos inermes.<\/p>\n<\/p>\n<p>Elisenda Alamany, portavoz parlamentaria de Catalunya en Com\u00fa-Podem, advirti\u00f3 a las fuerzas separatistas que los simbolismos no desbloquean la situaci\u00f3n de la pr\u00f3spera comunidad aut\u00f3noma, intervenida desde hace cinco meses por el gobierno espa\u00f1ol.<\/p>\n<\/p>\n<p>Si bien dijo compartir la defensa de los derechos pol\u00edticos de los diputados, Alamany precis\u00f3 que el pleno de este mi\u00e9rcoles debe ir m\u00e1s all\u00e1 de esa constataci\u00f3n.<\/p>\n<\/p>\n<p>&#8216;Debe ser un espacio para poder avanzar, y avanzar no se hace con simbolismos o con constataciones denunciando los ataques del Gobierno del PP (Partido Popular del presidente Mariano Rajoy)&#8217;, indic\u00f3 la vocera de la agrupaci\u00f3n de izquierda.<\/p>\n<\/p>\n<p>En su opini\u00f3n, la mejor manera de responder a la vulneraci\u00f3n de derechos pasa por la formaci\u00f3n de un gobierno en Catalu\u00f1a para acabar con lo que defini\u00f3 de secuestro de sus instituciones por parte del ejecutivo del PP.<\/p>\n<\/p>\n<p>tgj\/edu<\/p>\n<h6> 2018-03-28 09:12:48 <\/h6>\n<p><!--\n<link rel=\"stylesheet\" href=\"css\/bootstrap.min.css\">\n\n\n<ul class=\"pagination\">\n\t    \n\t\n\n<li >\n\t<a href='?page_no=10857'>Previous<\/a>\n\t<\/li>\n\n\n       \n    \n\n<li><a href='?page_no=1'>1<\/a><\/li>\n\n\n\n<li><a href='?page_no=2'>2<\/a><\/li>\n\n\n\n<li><a>...<\/a><\/li>\n\n\n\n<li><a href='?page_no=10856'>10856<\/a><\/li>\n\n\n\n<li><a href='?page_no=10857'>10857<\/a><\/li>\n\n\n\n<li class='active'><a>10858<\/a><\/li>\n\n\n\n<li><a href='?page_no=10859'>10859<\/a><\/li>\n\n\n\n<li><a href='?page_no=10860'>10860<\/a><\/li>\n\n\n\n<li><a>...<\/a><\/li>\n\n\n\n<li><a href='?page_no=51012'>51012<\/a><\/li>\n\n\n\n<li><a href='?page_no=51013'>51013<\/a><\/li>\n\n    \n\t\n\n<li >\n\t<a href='?page_no=10859'>Next<\/a>\n\t<\/li>\n\n\n    \n\n<li><a href='?page_no=51013'>Last &rsaquo;&rsaquo;<\/a><\/li>\n\n<\/ul>\n\n\n--><br \/>\n<\/body><\/p>\n","protected":false},"excerpt":{"rendered":"<p>Madrid, 28 mar (PL) El parlamento de Catalu\u00f1a celebra hoy un pleno urgente para reivindicar los derechos pol\u00edticos del expresidente Carles Puigdemont y de los l\u00edderes separatistas presos por su papel en la declaraci\u00f3n unilateral de independencia de esa regi\u00f3n espa\u00f1ola. La c\u00e1mara regional debatir\u00e1 este mi\u00e9rcoles dos propuestas consensuadas por Junts per Catalunya (JxCat), [&hellip;]<\/p>\n","protected":false},"author":3,"featured_media":0,"comment_status":"open","ping_status":"open","sticky":false,"template":"","format":"standard","meta":{"footnotes":""},"categories":[23],"tags":[],"class_list":["post-231224","post","type-post","status-publish","format-standard","hentry","category-internacional"],"_links":{"self":[{"href":"https:\/\/diariodominicano.com\/index.php?rest_route=\/wp\/v2\/posts\/231224","targetHints":{"allow":["GET"]}}],"collection":[{"href":"https:\/\/diariodominicano.com\/index.php?rest_route=\/wp\/v2\/posts"}],"about":[{"href":"https:\/\/diariodominicano.com\/index.php?rest_route=\/wp\/v2\/types\/post"}],"author":[{"embeddable":true,"href":"https:\/\/diariodominicano.com\/index.php?rest_route=\/wp\/v2\/users\/3"}],"replies":[{"embeddable":true,"href":"https:\/\/diariodominicano.com\/index.php?rest_route=%2Fwp%2Fv2%2Fcomments&post=231224"}],"version-history":[{"count":0,"href":"https:\/\/diariodominicano.com\/index.php?rest_route=\/wp\/v2\/posts\/231224\/revisions"}],"wp:attachment":[{"href":"https:\/\/diariodominicano.com\/index.php?rest_route=%2Fwp%2Fv2%2Fmedia&parent=231224"}],"wp:term":[{"taxonomy":"category","embeddable":true,"href":"https:\/\/diariodominicano.com\/index.php?rest_route=%2Fwp%2Fv2%2Fcategories&post=231224"},{"taxonomy":"post_tag","embeddable":true,"href":"https:\/\/diariodominicano.com\/index.php?rest_route=%2Fwp%2Fv2%2Ftags&post=231224"}],"curies":[{"name":"wp","href":"https:\/\/api.w.org\/{rel}","templated":true}]}}