{"id":231223,"date":"2018-03-28T09:17:48","date_gmt":"2018-03-28T09:17:48","guid":{"rendered":"http:\/\/diariodominicano.ddns.net\/?p=231223"},"modified":"2018-03-28T09:17:48","modified_gmt":"2018-03-28T09:17:48","slug":"clima-tenso-debe-contornear-cierre-de-caravana-lula-por-brasil","status":"publish","type":"post","link":"https:\/\/diariodominicano.com\/?p=231223","title":{"rendered":"Clima tenso debe contornear cierre de caravana Lula por Brasil"},"content":{"rendered":"<p><body><\/p>\n<p><img decoding=\"async\" src=\"img3\/caravanalulaataque.jpg\" \/>  <\/p>\n<p><strong> Brasilia, 28 mar (PL)<\/strong> Despu\u00e9s del ataque con armas de fuego sufrido este martes, la caravana Lula por Brasil cerrar\u00e1 hoy su cuarta etapa en Boca Maldita, Curitiba, en un clima que debe estar contorneado por la tensi\u00f3n.<\/p>\n<\/p>\n<p>M\u00e1s all\u00e1 del atentado perpetrado ayer y denunciado por el presidente del Partido de los Trabajadores (PT) en el estado de Paran\u00e1, Doutor Rosinha, como &#8216;una tentativa clara de homicidio&#8217; contra el exdignatario Luiz In\u00e1cio Lula da Silva, otros elementos apuntan hacia el enrarecimiento de la atm\u00f3sfera en la capital paranaense.<\/p>\n<\/p>\n<p>Coincidiendo con el cierre de la caravana, el diputado federal y precandidato presidencial Jair Bolsonaro (Partido Social Liberal), ligado a los grupos de extrema derecha que asediaron durante todo el recorrido a Lula y su comitiva, anunci\u00f3 desde la semana pasada que viajar\u00eda a Curitiba este mi\u00e9rcoles.<\/p>\n<\/p>\n<p>Bolsonaro, integrante de la llamada bancada de la bala en la C\u00e1mara baja, tiene previsto llegar a las 11:30 (hora local) al aeropuerto Afonso Pena y de ah\u00ed sus seguidores planean organizar una caravana de autos para acompa\u00f1arlo durante las pocas horas que permanecer\u00e1 en la ciudad.<\/p>\n<\/p>\n<p>Por su parte, y seg\u00fan el portal Bocamaldita.com, tambi\u00e9n el grupo de extrema derecha Movimiento Brasil Libre (MBL) program\u00f3 una provocadora manifestaci\u00f3n que debe salir del Parque Barigui y llegar hasta la plaza 19 de Diciembre, cercana al lugar donde se realizar\u00e1 el acto de apoyo a Lula y casi a la misma hora.<\/p>\n<\/p>\n<p>Seg\u00fan se conoci\u00f3 anoche a trav\u00e9s de los medios alternativos, representantes del Colectivo Abogadas y Abogados por la Democracia (CAAD) entregar\u00e1n hoy al Ministerio P\u00fablico (MP) denuncias sobre los ataques practicados contra la caravana de Lula en su traves\u00eda por la regi\u00f3n sur del pa\u00eds.<\/p>\n<\/p>\n<p>La CAAD est\u00e1 elaborando tambi\u00e9n una acusaci\u00f3n por la manifiesta negligencia policial en relaci\u00f3n a esas agresiones en Rio Grande do Sul, Santa Catarina y Paran\u00e1, la cual ser\u00e1 presentada ante la Corte Interamericana de Derechos Humanos.<\/p>\n<\/p>\n<p>En una nota difundida poco despu\u00e9s de los ataques ocurridos en la tarde-noche de ayer entre las localidades de Quedas do Iguasu y Laranjeiras do Sul, la presidenta nacional del PT, Gleisi Hoffmann, alert\u00f3 que los mismos &#8216;son un alerta contra la violencia pol\u00edtica, de cu\u00f1o claramente fascista, que amenaza la democracia en nuestro pa\u00eds&#8217;.<\/p>\n<\/p>\n<p>No se trata de manifestaciones pol\u00edticas, garantizadas por la Constituci\u00f3n, se\u00f1al\u00f3 antes de remarcar que los bandos armados que atacaron los \u00f3mnibus de la caravana y al p\u00fablico que recibi\u00f3 a Lula no quieren manifestar nada m\u00e1s que el odio que sienten por quien piensa diferente de ellos.<\/p>\n<\/p>\n<p>Quieren callar e impedir por la fuerza al adversario pol\u00edtico y el nombre de eso es fascismo, enfatiz\u00f3.<\/p>\n<\/p>\n<p>La cuarta etapa del proyecto Lula por Brasil, una iniciativa del PT y la Fundaci\u00f3n Perseu Abramo, comenz\u00f3 el pasado 19 de marzo en R\u00edo Grande do Sul y desde el primer d\u00eda fue v\u00edctima de &#8216;actos fascistas de la derecha agraria&#8217;, seg\u00fan denunci\u00f3 oportunamente la bancada petista en la C\u00e1mara de Diputados.<\/p>\n<\/p>\n<p>tgj\/mpm<\/p>\n<h6> 2018-03-28 09:17:48 <\/h6>\n<p><!--\n<link rel=\"stylesheet\" href=\"css\/bootstrap.min.css\">\n\n\n<ul class=\"pagination\">\n\t    \n\t\n\n<li >\n\t<a href='?page_no=10856'>Previous<\/a>\n\t<\/li>\n\n\n       \n    \n\n<li><a href='?page_no=1'>1<\/a><\/li>\n\n\n\n<li><a href='?page_no=2'>2<\/a><\/li>\n\n\n\n<li><a>...<\/a><\/li>\n\n\n\n<li><a href='?page_no=10855'>10855<\/a><\/li>\n\n\n\n<li><a href='?page_no=10856'>10856<\/a><\/li>\n\n\n\n<li class='active'><a>10857<\/a><\/li>\n\n\n\n<li><a href='?page_no=10858'>10858<\/a><\/li>\n\n\n\n<li><a href='?page_no=10859'>10859<\/a><\/li>\n\n\n\n<li><a>...<\/a><\/li>\n\n\n\n<li><a href='?page_no=51012'>51012<\/a><\/li>\n\n\n\n<li><a href='?page_no=51013'>51013<\/a><\/li>\n\n    \n\t\n\n<li >\n\t<a href='?page_no=10858'>Next<\/a>\n\t<\/li>\n\n\n    \n\n<li><a href='?page_no=51013'>Last &rsaquo;&rsaquo;<\/a><\/li>\n\n<\/ul>\n\n\n--><br \/>\n<\/body><\/p>\n","protected":false},"excerpt":{"rendered":"<p>Brasilia, 28 mar (PL) Despu\u00e9s del ataque con armas de fuego sufrido este martes, la caravana Lula por Brasil cerrar\u00e1 hoy su cuarta etapa en Boca Maldita, Curitiba, en un clima que debe estar contorneado por la tensi\u00f3n. M\u00e1s all\u00e1 del atentado perpetrado ayer y denunciado por el presidente del Partido de los Trabajadores (PT) [&hellip;]<\/p>\n","protected":false},"author":3,"featured_media":0,"comment_status":"open","ping_status":"open","sticky":false,"template":"","format":"standard","meta":{"footnotes":""},"categories":[23],"tags":[],"class_list":["post-231223","post","type-post","status-publish","format-standard","hentry","category-internacional"],"_links":{"self":[{"href":"https:\/\/diariodominicano.com\/index.php?rest_route=\/wp\/v2\/posts\/231223","targetHints":{"allow":["GET"]}}],"collection":[{"href":"https:\/\/diariodominicano.com\/index.php?rest_route=\/wp\/v2\/posts"}],"about":[{"href":"https:\/\/diariodominicano.com\/index.php?rest_route=\/wp\/v2\/types\/post"}],"author":[{"embeddable":true,"href":"https:\/\/diariodominicano.com\/index.php?rest_route=\/wp\/v2\/users\/3"}],"replies":[{"embeddable":true,"href":"https:\/\/diariodominicano.com\/index.php?rest_route=%2Fwp%2Fv2%2Fcomments&post=231223"}],"version-history":[{"count":0,"href":"https:\/\/diariodominicano.com\/index.php?rest_route=\/wp\/v2\/posts\/231223\/revisions"}],"wp:attachment":[{"href":"https:\/\/diariodominicano.com\/index.php?rest_route=%2Fwp%2Fv2%2Fmedia&parent=231223"}],"wp:term":[{"taxonomy":"category","embeddable":true,"href":"https:\/\/diariodominicano.com\/index.php?rest_route=%2Fwp%2Fv2%2Fcategories&post=231223"},{"taxonomy":"post_tag","embeddable":true,"href":"https:\/\/diariodominicano.com\/index.php?rest_route=%2Fwp%2Fv2%2Ftags&post=231223"}],"curies":[{"name":"wp","href":"https:\/\/api.w.org\/{rel}","templated":true}]}}