{"id":231222,"date":"2018-03-28T09:25:13","date_gmt":"2018-03-28T09:25:13","guid":{"rendered":"http:\/\/diariodominicano.ddns.net\/?p=231222"},"modified":"2018-03-28T09:25:13","modified_gmt":"2018-03-28T09:25:13","slug":"trump-defiende-derecho-de-estadounidenses-a-poseer-armas","status":"publish","type":"post","link":"https:\/\/diariodominicano.com\/?p=231222","title":{"rendered":"Trump defiende derecho de estadounidenses a poseer armas"},"content":{"rendered":"<p><body><\/p>\n<p><img decoding=\"async\" src=\"img3\/1trump-muro-fronterizo.jpg\" \/>  <\/p>\n<p><strong>Washington, 28 mar (PL) <\/strong>La Segunda Enmienda de la Constituci\u00f3n estadounidense, la cual consagra el derecho de los ciudadanos a poseer armas de fuego, nunca ser\u00e1 derogada, asegur\u00f3 hoy el presidente Donald Trump.<\/p>\n<\/p>\n<p>En su cuenta personal de la red social Twitter, el mandatario republicano manifest\u00f3 que a los dem\u00f3cratas les gustar\u00eda ver que eso sucediera, pero, a pesar de las palabras de ayer del exjuez de la Corte Suprema de Justicia John Paul Stevens, de ninguna manera ocurrir\u00e1.<\/p>\n<\/p>\n<p>Necesitamos m\u00e1s republicanos en 2018 y siempre debemos mantener la Corte Suprema (mayor cantidad de jueces de ese partido), puntualiz\u00f3 el jefe de la Casa Blanca.<\/p>\n<\/p>\n<p>Stevens, de 97 a\u00f1os edad y retirado desde 2010, inst\u00f3 la v\u00edspera en un art\u00edculo de opini\u00f3n en el diario The New York Times a derogar la Segunda Enmienda.<\/p>\n<\/p>\n<p>Consider\u00f3 que esa parte de la ley de leyes ha sido distorsionada por cabilderos de la Asociaci\u00f3n Nacional del Rifle (NRA, por siglas en ingl\u00e9s).<\/p>\n<\/p>\n<p>A su juicio, ese poderoso lobby a favor de la tenencia y el uso de armamento pretende extender dicha enmienda m\u00e1s all\u00e1 de su intenci\u00f3n original.<\/p>\n<\/p>\n<p>Para Stevens, el movimiento surgido tras el letal tiroteo del \u00faltimo 14 de febrero en una escuela de Florida es muestra del amplio apoyo p\u00fablico a los intentos por minimizar el riesgo de asesinatos masivos en la sociedad estadounidense.<\/p>\n<\/p>\n<p>Nikolas Cruz, un exalumno de 19 a\u00f1os de edad, mat\u00f3 ese d\u00eda en la secundaria Marjory Stoneman Douglas, de la ciudad de Parkland, a 17 personas e hiri\u00f3 a la misma cantidad con un fusil AR-15 que adquiri\u00f3 de manera legal.<\/p>\n<\/p>\n<p>Tal apoyo es una clara se\u00f1al para que los legisladores promulguen leyes que proh\u00edban la propiedad civil de armas semiautom\u00e1ticas, expuso el otrora juez.<\/p>\n<\/p>\n<p>Adem\u00e1s, abog\u00f3 por elevar de 18 a 21 a\u00f1os la edad m\u00ednima de una persona para adquirir armas, y fortalecer el sistema de verificaci\u00f3n de antecedentes para los compradores de dichos medios.<\/p>\n<\/p>\n<p>&#8216;Pero los manifestantes deber\u00edan buscar una reforma m\u00e1s efectiva y duradera, deber\u00edan exigir la derogaci\u00f3n de la Segunda Enmienda de la Constituci\u00f3n&#8217;, puntualiz\u00f3 Stevens.<\/p>\n<\/p>\n<p>Record\u00f3 el fallo de la Corte Suprema en 2008, al cual \u00e9l se opuso, que sostuvo que la Segunda Enmienda protege el derecho individual a portar armas incluso para quienes no est\u00e1n afiliados a una milicia.<\/p>\n<\/p>\n<p>La revocaci\u00f3n de esa decisi\u00f3n mediante una enmienda constitucional har\u00eda mucho m\u00e1s para debilitar la capacidad de la NRA por obstaculizar el debate legislativo y bloquear una norma constructiva de control de armas que otra alternativa disponible, a\u00f1adi\u00f3.<\/p>\n<\/p>\n<p>mem\/dsa<\/p>\n<h6> 2018-03-28 09:25:13 <\/h6>\n<p><!--\n<link rel=\"stylesheet\" href=\"css\/bootstrap.min.css\">\n\n\n<ul class=\"pagination\">\n\t    \n\t\n\n<li >\n\t<a href='?page_no=10855'>Previous<\/a>\n\t<\/li>\n\n\n       \n    \n\n<li><a href='?page_no=1'>1<\/a><\/li>\n\n\n\n<li><a href='?page_no=2'>2<\/a><\/li>\n\n\n\n<li><a>...<\/a><\/li>\n\n\n\n<li><a href='?page_no=10854'>10854<\/a><\/li>\n\n\n\n<li><a href='?page_no=10855'>10855<\/a><\/li>\n\n\n\n<li class='active'><a>10856<\/a><\/li>\n\n\n\n<li><a href='?page_no=10857'>10857<\/a><\/li>\n\n\n\n<li><a href='?page_no=10858'>10858<\/a><\/li>\n\n\n\n<li><a>...<\/a><\/li>\n\n\n\n<li><a href='?page_no=51012'>51012<\/a><\/li>\n\n\n\n<li><a href='?page_no=51013'>51013<\/a><\/li>\n\n    \n\t\n\n<li >\n\t<a href='?page_no=10857'>Next<\/a>\n\t<\/li>\n\n\n    \n\n<li><a href='?page_no=51013'>Last &rsaquo;&rsaquo;<\/a><\/li>\n\n<\/ul>\n\n\n--><br \/>\n<\/body><\/p>\n","protected":false},"excerpt":{"rendered":"<p>Washington, 28 mar (PL) La Segunda Enmienda de la Constituci\u00f3n estadounidense, la cual consagra el derecho de los ciudadanos a poseer armas de fuego, nunca ser\u00e1 derogada, asegur\u00f3 hoy el presidente Donald Trump. En su cuenta personal de la red social Twitter, el mandatario republicano manifest\u00f3 que a los dem\u00f3cratas les gustar\u00eda ver que eso [&hellip;]<\/p>\n","protected":false},"author":3,"featured_media":0,"comment_status":"open","ping_status":"open","sticky":false,"template":"","format":"standard","meta":{"footnotes":""},"categories":[23],"tags":[],"class_list":["post-231222","post","type-post","status-publish","format-standard","hentry","category-internacional"],"_links":{"self":[{"href":"https:\/\/diariodominicano.com\/index.php?rest_route=\/wp\/v2\/posts\/231222","targetHints":{"allow":["GET"]}}],"collection":[{"href":"https:\/\/diariodominicano.com\/index.php?rest_route=\/wp\/v2\/posts"}],"about":[{"href":"https:\/\/diariodominicano.com\/index.php?rest_route=\/wp\/v2\/types\/post"}],"author":[{"embeddable":true,"href":"https:\/\/diariodominicano.com\/index.php?rest_route=\/wp\/v2\/users\/3"}],"replies":[{"embeddable":true,"href":"https:\/\/diariodominicano.com\/index.php?rest_route=%2Fwp%2Fv2%2Fcomments&post=231222"}],"version-history":[{"count":0,"href":"https:\/\/diariodominicano.com\/index.php?rest_route=\/wp\/v2\/posts\/231222\/revisions"}],"wp:attachment":[{"href":"https:\/\/diariodominicano.com\/index.php?rest_route=%2Fwp%2Fv2%2Fmedia&parent=231222"}],"wp:term":[{"taxonomy":"category","embeddable":true,"href":"https:\/\/diariodominicano.com\/index.php?rest_route=%2Fwp%2Fv2%2Fcategories&post=231222"},{"taxonomy":"post_tag","embeddable":true,"href":"https:\/\/diariodominicano.com\/index.php?rest_route=%2Fwp%2Fv2%2Ftags&post=231222"}],"curies":[{"name":"wp","href":"https:\/\/api.w.org\/{rel}","templated":true}]}}