{"id":231221,"date":"2018-03-28T09:30:51","date_gmt":"2018-03-28T09:30:51","guid":{"rendered":"http:\/\/diariodominicano.ddns.net\/?p=231221"},"modified":"2018-03-28T09:30:51","modified_gmt":"2018-03-28T09:30:51","slug":"investigan-asesinato-de-directora-de-carcel-de-mujeres-en-ecuador","status":"publish","type":"post","link":"https:\/\/diariodominicano.com\/?p=231221","title":{"rendered":"Investigan asesinato de directora de c\u00e1rcel de mujeres en Ecuador"},"content":{"rendered":"<p><body><\/p>\n<p><strong>Quito, 28 mar (PL)<\/strong> La Polic\u00eda Nacional de Ecuador investiga hoy las circunstancias y causas del asesinato de la directora del Centro de Privaci\u00f3n de Libertad Femenino de Guayaquil, Gavis Glenda Moreno.<\/p>\n<\/p>\n<p>La muerte violenta de la funcionaria ocurri\u00f3 la v\u00edspera, cuando fue baleada en el intercambiador de la v\u00eda a Daule, en la ciudad portuaria, capital de la provincia Guayas, precis\u00f3 la Secretar\u00eda Nacional de Comunicaci\u00f3n.<\/p>\n<\/p>\n<p>Reportes preliminares indican que el auto en el cual viajaba fue tiroteado por desconocidos en una moto, lo cual ocasion\u00f3 el deceso de Moreno y una herida en el abdomen, por un impacto de bala, a su chofer, quien pudo conducir hasta el hospital con la lesi\u00f3n.<\/p>\n<\/p>\n<p>Para verificar la situaci\u00f3n y seguir las pesquisas, se traslad\u00f3 el lugar del hecho la ministra de Justicia, Derechos humanos y Cultos, Rosana Alvarado.<\/p>\n<\/p>\n<p>El gobierno nacional lament\u00f3 el deceso de Moreno, quien ten\u00eda 46 a\u00f1os.<\/p>\n<\/p>\n<p>&#8216;Solidaridad con la familia de Gavis Moreno, Directora del Centro de Privaci\u00f3n de libertad Femenino de Guayaquil, quien fallece v\u00edctima de 12 disparos, repudiable hecho cometido en la v\u00eda Daule-Pascuales. Iniciaron las investigaciones y la b\u00fasqueda incansable de los criminales&#8217;, escribi\u00f3 en su cuenta en la red social Twitter la titular de Justicia.<\/p>\n<\/p>\n<p>Por su parte el coronel V\u00edctor Arauz, jefe de la Direcci\u00f3n Nacional de Delitos contra la Vida, Muertes Violentas, Desapariciones, Extorsi\u00f3n y Secuestros, advirti\u00f3 que el crimen no quedar\u00e1 en la impunidad.<\/p>\n<\/p>\n<p>mem\/scm<\/p>\n<h6> 2018-03-28 09:30:51 <\/h6>\n<p><!--\n<link rel=\"stylesheet\" href=\"css\/bootstrap.min.css\">\n\n\n<ul class=\"pagination\">\n\t    \n\t\n\n<li >\n\t<a href='?page_no=10854'>Previous<\/a>\n\t<\/li>\n\n\n       \n    \n\n<li><a href='?page_no=1'>1<\/a><\/li>\n\n\n\n<li><a href='?page_no=2'>2<\/a><\/li>\n\n\n\n<li><a>...<\/a><\/li>\n\n\n\n<li><a href='?page_no=10853'>10853<\/a><\/li>\n\n\n\n<li><a href='?page_no=10854'>10854<\/a><\/li>\n\n\n\n<li class='active'><a>10855<\/a><\/li>\n\n\n\n<li><a href='?page_no=10856'>10856<\/a><\/li>\n\n\n\n<li><a href='?page_no=10857'>10857<\/a><\/li>\n\n\n\n<li><a>...<\/a><\/li>\n\n\n\n<li><a href='?page_no=51012'>51012<\/a><\/li>\n\n\n\n<li><a href='?page_no=51013'>51013<\/a><\/li>\n\n    \n\t\n\n<li >\n\t<a href='?page_no=10856'>Next<\/a>\n\t<\/li>\n\n\n    \n\n<li><a href='?page_no=51013'>Last &rsaquo;&rsaquo;<\/a><\/li>\n\n<\/ul>\n\n\n--><br \/>\n<\/body><\/p>\n","protected":false},"excerpt":{"rendered":"<p>Quito, 28 mar (PL) La Polic\u00eda Nacional de Ecuador investiga hoy las circunstancias y causas del asesinato de la directora del Centro de Privaci\u00f3n de Libertad Femenino de Guayaquil, Gavis Glenda Moreno. La muerte violenta de la funcionaria ocurri\u00f3 la v\u00edspera, cuando fue baleada en el intercambiador de la v\u00eda a Daule, en la ciudad [&hellip;]<\/p>\n","protected":false},"author":3,"featured_media":0,"comment_status":"open","ping_status":"open","sticky":false,"template":"","format":"standard","meta":{"footnotes":""},"categories":[23],"tags":[],"class_list":["post-231221","post","type-post","status-publish","format-standard","hentry","category-internacional"],"_links":{"self":[{"href":"https:\/\/diariodominicano.com\/index.php?rest_route=\/wp\/v2\/posts\/231221","targetHints":{"allow":["GET"]}}],"collection":[{"href":"https:\/\/diariodominicano.com\/index.php?rest_route=\/wp\/v2\/posts"}],"about":[{"href":"https:\/\/diariodominicano.com\/index.php?rest_route=\/wp\/v2\/types\/post"}],"author":[{"embeddable":true,"href":"https:\/\/diariodominicano.com\/index.php?rest_route=\/wp\/v2\/users\/3"}],"replies":[{"embeddable":true,"href":"https:\/\/diariodominicano.com\/index.php?rest_route=%2Fwp%2Fv2%2Fcomments&post=231221"}],"version-history":[{"count":0,"href":"https:\/\/diariodominicano.com\/index.php?rest_route=\/wp\/v2\/posts\/231221\/revisions"}],"wp:attachment":[{"href":"https:\/\/diariodominicano.com\/index.php?rest_route=%2Fwp%2Fv2%2Fmedia&parent=231221"}],"wp:term":[{"taxonomy":"category","embeddable":true,"href":"https:\/\/diariodominicano.com\/index.php?rest_route=%2Fwp%2Fv2%2Fcategories&post=231221"},{"taxonomy":"post_tag","embeddable":true,"href":"https:\/\/diariodominicano.com\/index.php?rest_route=%2Fwp%2Fv2%2Ftags&post=231221"}],"curies":[{"name":"wp","href":"https:\/\/api.w.org\/{rel}","templated":true}]}}