{"id":231220,"date":"2018-03-28T09:33:29","date_gmt":"2018-03-28T09:33:29","guid":{"rendered":"http:\/\/diariodominicano.ddns.net\/?p=231220"},"modified":"2018-03-28T09:33:29","modified_gmt":"2018-03-28T09:33:29","slug":"evo-morales-pide-a-chile-reconocer-compromisos-con-bolivia-sobre-mar","status":"publish","type":"post","link":"https:\/\/diariodominicano.com\/?p=231220","title":{"rendered":"Evo Morales pide a Chile reconocer compromisos con Bolivia sobre mar"},"content":{"rendered":"<p><body><\/p>\n<p><img decoding=\"async\" src=\"img3\/Haya-gabinete.jpg\" \/>  <\/p>\n<p><strong> La Paz, 28 mar (PL) <\/strong>El presidente de Bolivia, Evo Morales, pidi\u00f3 hoy a Chile reconocer los compromisos con este pa\u00eds sobre una salida al mar, expresados en los ofrecimientos formales realizados por la naci\u00f3n austral a lo largo de 100 a\u00f1os.<\/p>\n<\/p>\n<p>Anclado en sus contradicciones, Chile no puede esconder sus repetidos ofrecimientos formales de una salida soberana al Oc\u00e9ano Pac\u00edfico, escribi\u00f3 en su cuenta de la red social Twitter.<\/p>\n<\/p>\n<p>Morales sigui\u00f3 desde las 04:00 hora local la segunda ronda y final de los alegatos orales del pa\u00eds vecino en la Corte Internacional de Justicia (CIJ) de La Haya, junto a su gabinete ministerial en el Palacio de Gobierno.<\/p>\n<\/p>\n<p>Tambi\u00e9n en Twitter, el jefe de Estado expres\u00f3 que Chile luego de atentar contra la integridad del territorio boliviano, ahora trata de negar su obligaci\u00f3n.<\/p>\n<\/p>\n<p>Bolivia no pide que se le conceda un deseo, Bolivia exige que se reponga su derecho de salida soberana al mar, enfatiz\u00f3.<\/p>\n<\/p>\n<p>Con la presentaci\u00f3n de la segunda ronda de alegatos orales chilenos en la CIJ, cerr\u00f3 la \u00faltima etapa de la demanda boliviana interpuesta en La Haya, y comienza la fase de deliberaci\u00f3n del tribunal para dictar el fallo final.<\/p>\n<\/p>\n<p>Este resultado podr\u00eda llegar a finales de este a\u00f1o o a inicios del pr\u00f3ximo, inform\u00f3 Morales en una ocasi\u00f3n.<\/p>\n<\/p>\n<p>Chile le arrebat\u00f3 400 kil\u00f3metros de costas y otros 120 mil kil\u00f3metros cuadrados de terrenos ricos en recursos naturales, entre ellos cobre, litio y salitre.<\/p>\n<\/p>\n<p>En 2013 el gobierno del presidente Evo Morales decidi\u00f3 llevar el diferendo a la Corte Internacional de Justicia de La Haya y en 2015 ese tribunal se declar\u00f3 competente para atender la reivindicaci\u00f3n.<\/p>\n<\/p>\n<p>En caso de que el fallo de ese organismo internacional sea favorable a Bolivia, obliga a Chile a negociar con la naci\u00f3n andino amaz\u00f3nica una salida al mar.<\/p>\n<\/p>\n<p>mem\/vdf<\/p>\n<h6> 2018-03-28 09:33:29 <\/h6>\n<p><!--\n<link rel=\"stylesheet\" href=\"css\/bootstrap.min.css\">\n\n\n<ul class=\"pagination\">\n\t    \n\t\n\n<li >\n\t<a href='?page_no=10853'>Previous<\/a>\n\t<\/li>\n\n\n       \n    \n\n<li><a href='?page_no=1'>1<\/a><\/li>\n\n\n\n<li><a href='?page_no=2'>2<\/a><\/li>\n\n\n\n<li><a>...<\/a><\/li>\n\n\n\n<li><a href='?page_no=10852'>10852<\/a><\/li>\n\n\n\n<li><a href='?page_no=10853'>10853<\/a><\/li>\n\n\n\n<li class='active'><a>10854<\/a><\/li>\n\n\n\n<li><a href='?page_no=10855'>10855<\/a><\/li>\n\n\n\n<li><a href='?page_no=10856'>10856<\/a><\/li>\n\n\n\n<li><a>...<\/a><\/li>\n\n\n\n<li><a href='?page_no=51012'>51012<\/a><\/li>\n\n\n\n<li><a href='?page_no=51013'>51013<\/a><\/li>\n\n    \n\t\n\n<li >\n\t<a href='?page_no=10855'>Next<\/a>\n\t<\/li>\n\n\n    \n\n<li><a href='?page_no=51013'>Last &rsaquo;&rsaquo;<\/a><\/li>\n\n<\/ul>\n\n\n--><br \/>\n<\/body><\/p>\n","protected":false},"excerpt":{"rendered":"<p>La Paz, 28 mar (PL) El presidente de Bolivia, Evo Morales, pidi\u00f3 hoy a Chile reconocer los compromisos con este pa\u00eds sobre una salida al mar, expresados en los ofrecimientos formales realizados por la naci\u00f3n austral a lo largo de 100 a\u00f1os. Anclado en sus contradicciones, Chile no puede esconder sus repetidos ofrecimientos formales de [&hellip;]<\/p>\n","protected":false},"author":3,"featured_media":0,"comment_status":"open","ping_status":"open","sticky":false,"template":"","format":"standard","meta":{"footnotes":""},"categories":[23],"tags":[],"class_list":["post-231220","post","type-post","status-publish","format-standard","hentry","category-internacional"],"_links":{"self":[{"href":"https:\/\/diariodominicano.com\/index.php?rest_route=\/wp\/v2\/posts\/231220","targetHints":{"allow":["GET"]}}],"collection":[{"href":"https:\/\/diariodominicano.com\/index.php?rest_route=\/wp\/v2\/posts"}],"about":[{"href":"https:\/\/diariodominicano.com\/index.php?rest_route=\/wp\/v2\/types\/post"}],"author":[{"embeddable":true,"href":"https:\/\/diariodominicano.com\/index.php?rest_route=\/wp\/v2\/users\/3"}],"replies":[{"embeddable":true,"href":"https:\/\/diariodominicano.com\/index.php?rest_route=%2Fwp%2Fv2%2Fcomments&post=231220"}],"version-history":[{"count":0,"href":"https:\/\/diariodominicano.com\/index.php?rest_route=\/wp\/v2\/posts\/231220\/revisions"}],"wp:attachment":[{"href":"https:\/\/diariodominicano.com\/index.php?rest_route=%2Fwp%2Fv2%2Fmedia&parent=231220"}],"wp:term":[{"taxonomy":"category","embeddable":true,"href":"https:\/\/diariodominicano.com\/index.php?rest_route=%2Fwp%2Fv2%2Fcategories&post=231220"},{"taxonomy":"post_tag","embeddable":true,"href":"https:\/\/diariodominicano.com\/index.php?rest_route=%2Fwp%2Fv2%2Ftags&post=231220"}],"curies":[{"name":"wp","href":"https:\/\/api.w.org\/{rel}","templated":true}]}}