{"id":231219,"date":"2018-03-28T12:28:48","date_gmt":"2018-03-28T12:28:48","guid":{"rendered":"http:\/\/diariodominicano.ddns.net\/?p=231219"},"modified":"2018-03-28T12:28:48","modified_gmt":"2018-03-28T12:28:48","slug":"trump-desestima-llamado-para-derogar-segunda-enmienda","status":"publish","type":"post","link":"https:\/\/diariodominicano.com\/?p=231219","title":{"rendered":"Trump desestima llamado para derogar Segunda Enmienda"},"content":{"rendered":"<p><body><\/p>\n<p><img decoding=\"async\" src=\"img3\/armasconstEU.jpg\" \/>  <\/p>\n<p><span class=\"text1noticias\">     WASHINGTON, 28 mar (Xinhua) &#8212; El presidente de Estados Unidos, Donald Trump, desestim\u00f3 hoy el llamado hecho por un juez retirado de la Suprema Corte para que derogue la Segunda Enmienda a la Constituci\u00f3n estadounidense.<\/span><\/p>\n<p><span class=\"text1noticias\"> <\/span><\/p>\n<p><span class=\"text1noticias\">     \u00abLA SEGUNDA ENMIENDA NUNCA SERA DEROGADA\u00bb, dijo Trump en un tuit enf\u00e1tico.<\/span><\/p>\n<p><span class=\"text1noticias\"> <\/span><\/p>\n<p><span class=\"text1noticias\">     \u00abTanto como les gustar\u00eda ver a los dem\u00f3cratas que esto sucediera, y a pesar de las palabras de ayer del ex juez de la Suprema Corte, DE NINGUNA MANERA. \u00a1Necesitamos m\u00e1s republicanos en 2018 y SIEMPRE debemos defender a la Suprema Corte!\u00bb.<\/span><\/p>\n<p><span class=\"text1noticias\"> <\/span><\/p>\n<p><span class=\"text1noticias\">     John Paul Stevens, de 97 a\u00f1os de edad, escribi\u00f3 un art\u00edculo publicado el martes en \u00abThe New York Times\u00bb en el que pide la revocaci\u00f3n de la Segunda Enmienda. El llamado fue hecho despu\u00e9s de la \u00abMarcha por nuestras vidas\u00bb, que se llev\u00f3 a cabo el s\u00e1bado a nivel nacional por estudiantes para exigir el fin a la violencia armada y reforzar la seguridad en las escuelas.<\/span><\/p>\n<p><span class=\"text1noticias\"> <\/span><\/p>\n<p><span class=\"text1noticias\">     \u00abRara vez en mi vida he visto el tipo de compromiso c\u00edvico que los escolares y sus partidarios demostraron en Washington y en otras grandes ciudades de todo el pa\u00eds este s\u00e1bado pasado\u00bb, escribi\u00f3 el ex juez, quien agreg\u00f3 que \u00abdeben demandar la derogaci\u00f3n de la Segunda Enmienda\u00bb.<\/span><\/p>\n<p><span class=\"text1noticias\"> <\/span><\/p>\n<p><span class=\"text1noticias\">     La enmienda establece que \u00abuna milicia bien regulada, siendo necesaria para la seguridad de un Estado libre, no debe ser infringido el derecho de la gente a mantener y poseer armas\u00bb.<\/span><\/p>\n<p><span class=\"text1noticias\"> <\/span><\/p>\n<p><span class=\"text1noticias\">     La poderosa Asociaci\u00f3n Nacional del Rifle rechaz\u00f3 la idea por considerarla \u00abradical\u00bb, mientras que la secretaria de Prensa de la Casa Blanca, Sarah Sanders, dijo que el presidente y su administraci\u00f3n \u00absiguen apoyando completamente la Segunda Enm<\/span>ienda\u00bb<\/p>\n<h6> 2018-03-28 12:28:48 <\/h6>\n<p><!--\n<link rel=\"stylesheet\" href=\"css\/bootstrap.min.css\">\n\n\n<ul class=\"pagination\">\n\t    \n\t\n\n<li >\n\t<a href='?page_no=10852'>Previous<\/a>\n\t<\/li>\n\n\n       \n    \n\n<li><a href='?page_no=1'>1<\/a><\/li>\n\n\n\n<li><a href='?page_no=2'>2<\/a><\/li>\n\n\n\n<li><a>...<\/a><\/li>\n\n\n\n<li><a href='?page_no=10851'>10851<\/a><\/li>\n\n\n\n<li><a href='?page_no=10852'>10852<\/a><\/li>\n\n\n\n<li class='active'><a>10853<\/a><\/li>\n\n\n\n<li><a href='?page_no=10854'>10854<\/a><\/li>\n\n\n\n<li><a href='?page_no=10855'>10855<\/a><\/li>\n\n\n\n<li><a>...<\/a><\/li>\n\n\n\n<li><a href='?page_no=51012'>51012<\/a><\/li>\n\n\n\n<li><a href='?page_no=51013'>51013<\/a><\/li>\n\n    \n\t\n\n<li >\n\t<a href='?page_no=10854'>Next<\/a>\n\t<\/li>\n\n\n    \n\n<li><a href='?page_no=51013'>Last &rsaquo;&rsaquo;<\/a><\/li>\n\n<\/ul>\n\n\n--><br \/>\n<\/body><\/p>\n","protected":false},"excerpt":{"rendered":"<p>WASHINGTON, 28 mar (Xinhua) &#8212; El presidente de Estados Unidos, Donald Trump, desestim\u00f3 hoy el llamado hecho por un juez retirado de la Suprema Corte para que derogue la Segunda Enmienda a la Constituci\u00f3n estadounidense. \u00abLA SEGUNDA ENMIENDA NUNCA SERA DEROGADA\u00bb, dijo Trump en un tuit enf\u00e1tico. \u00abTanto como les gustar\u00eda ver a los dem\u00f3cratas [&hellip;]<\/p>\n","protected":false},"author":3,"featured_media":0,"comment_status":"open","ping_status":"open","sticky":false,"template":"","format":"standard","meta":{"footnotes":""},"categories":[23],"tags":[],"class_list":["post-231219","post","type-post","status-publish","format-standard","hentry","category-internacional"],"_links":{"self":[{"href":"https:\/\/diariodominicano.com\/index.php?rest_route=\/wp\/v2\/posts\/231219","targetHints":{"allow":["GET"]}}],"collection":[{"href":"https:\/\/diariodominicano.com\/index.php?rest_route=\/wp\/v2\/posts"}],"about":[{"href":"https:\/\/diariodominicano.com\/index.php?rest_route=\/wp\/v2\/types\/post"}],"author":[{"embeddable":true,"href":"https:\/\/diariodominicano.com\/index.php?rest_route=\/wp\/v2\/users\/3"}],"replies":[{"embeddable":true,"href":"https:\/\/diariodominicano.com\/index.php?rest_route=%2Fwp%2Fv2%2Fcomments&post=231219"}],"version-history":[{"count":0,"href":"https:\/\/diariodominicano.com\/index.php?rest_route=\/wp\/v2\/posts\/231219\/revisions"}],"wp:attachment":[{"href":"https:\/\/diariodominicano.com\/index.php?rest_route=%2Fwp%2Fv2%2Fmedia&parent=231219"}],"wp:term":[{"taxonomy":"category","embeddable":true,"href":"https:\/\/diariodominicano.com\/index.php?rest_route=%2Fwp%2Fv2%2Fcategories&post=231219"},{"taxonomy":"post_tag","embeddable":true,"href":"https:\/\/diariodominicano.com\/index.php?rest_route=%2Fwp%2Fv2%2Ftags&post=231219"}],"curies":[{"name":"wp","href":"https:\/\/api.w.org\/{rel}","templated":true}]}}