{"id":231216,"date":"2018-03-28T13:02:18","date_gmt":"2018-03-28T13:02:18","guid":{"rendered":"http:\/\/diariodominicano.ddns.net\/?p=231216"},"modified":"2018-03-28T13:02:18","modified_gmt":"2018-03-28T13:02:18","slug":"cierre-caravana-lula-debe-transformarse-en-manifestacion-antifascista","status":"publish","type":"post","link":"https:\/\/diariodominicano.com\/?p=231216","title":{"rendered":"Cierre caravana Lula debe transformarse en manifestaci\u00f3n antifascista"},"content":{"rendered":"<p><body><\/p>\n<p><img decoding=\"async\" src=\"img3\/lula-caravana-candidatos.jpg\" \/>  <\/p>\n<p><strong> Brasilia, 28 mar (PL<\/strong>) El cierre hoy en Curitiba de la cuarta etapa de la caravana con la que el expresidente Luiz In\u00e1cio Lula da Silva recorre el pa\u00eds debe transformarse en una manifestaci\u00f3n antifascista, apreci\u00f3 el diario digital Brasil 247.<\/p>\n<\/p>\n<p>De acuerdo con la publicaci\u00f3n, en la capital del estado de Paran\u00e1 quedar\u00eda conformado un frente antifascista, en el cual unir\u00edan fuerzas Lula y otros dos precandidatos presidenciales: Manuela D&#8217;\u00c1vila, del Partido Comunista de Brasil (PCdoB); y Guilherme Boulos, del Partido Socialismo y Libertad (PSOL).<\/p>\n<\/p>\n<p>El anuncio sobre su presencia en el acto en Curitiba, hecho p\u00fablico a trav\u00e9s de las redes sociales por los dos presidenciables, fue percibido por ese diario como el primer movimiento para la uni\u00f3n de las izquierdas en 2018.<\/p>\n<\/p>\n<p>D&#8217;\u00c1vila anticip\u00f3 en su mensaje que &#8216;nuestra unidad es contra el fascismo, contra la destrucci\u00f3n de Brasil y de la democracia&#8217;, en tanto Boulos coincidi\u00f3 en la necesidad de uni\u00f3n de las izquierdas en la lucha contra la escalada en el pa\u00eds del fascismo, un mal que demanda ser enfrentado a tiempo, dijo.<\/p>\n<\/p>\n<p>La v\u00edspera, en el trayecto entre las localidades de Quedas do Iguasu y Laranjeiras do Sul, en el estado de Paran\u00e1, \u00f3mnibus de la caravana Lula por Brasil fueron emboscados y atacados a tiros, sin que hubiera que lamentar heridos.<\/p>\n<\/p>\n<p>Seg\u00fan el comisario de Laranjeiras do Sul, Fabiano de Oliveira, citado por la propia publicaci\u00f3n, en dos de los veh\u00edculos fueron halladas las marcas de tres disparos de arma de fuego, aparentemente de bajo calibre, realizados probablemente por dos personas diferentes.<\/p>\n<\/p>\n<p>Los \u00f3mnibus, adem\u00e1s, ten\u00edan los neum\u00e1ticos perforados por clavos torcidos (conocidos como &#8216;miguelitos&#8217;), presuntamente esparcidos sobre las v\u00edas con el prop\u00f3sito de frenar el avance de la caravana y facilitar el ataque, atribuido a milicias fascistas de extrema derecha ligadas al precandidato presidencial Jair Bolsonaro (Partido Social Liberal).<\/p>\n<\/p>\n<p>Por su parte, el ministro brasile\u00f1o de Seguridad P\u00fablica, Ra\u00fal Jungmann, descart\u00f3 que la Polic\u00eda Federal vaya a investigar el atentado a tiros contra los \u00f3mnibus de la caravana de Lula por no tratarse de un delito federal.<\/p>\n<\/p>\n<p>Corresponde a las autoridades estaduales actuar y establecer si fue o no un atentado pol\u00edtico, dijo.<\/p>\n<\/p>\n<p>Seg\u00fan se conoci\u00f3 anoche a trav\u00e9s de los medios de prensa alternativos, representantes del Colectivo Abogadas y Abogados por la Democracia (CAAD) entregar\u00e1n hoy al Ministerio P\u00fablico (MP) denuncias sobre los ataques practicados contra la caravana de Lula en su traves\u00eda por la regi\u00f3n sur del pa\u00eds.<\/p>\n<\/p>\n<p>La CAAD est\u00e1 elaborando tambi\u00e9n una acusaci\u00f3n por la manifiesta negligencia policial en relaci\u00f3n a esas agresiones en Rio Grande do Sul, Santa Catarina y Paran\u00e1, la cual ser\u00e1 presentada ante la Corte Interamericana de Derechos Humanos.<\/p>\n<\/p>\n<p>mgt\/mpm<\/p>\n<h6> 2018-03-28 13:02:18 <\/h6>\n<p><!--\n<link rel=\"stylesheet\" href=\"css\/bootstrap.min.css\">\n\n\n<ul class=\"pagination\">\n\t    \n\t\n\n<li >\n\t<a href='?page_no=10849'>Previous<\/a>\n\t<\/li>\n\n\n       \n    \n\n<li><a href='?page_no=1'>1<\/a><\/li>\n\n\n\n<li><a href='?page_no=2'>2<\/a><\/li>\n\n\n\n<li><a>...<\/a><\/li>\n\n\n\n<li><a href='?page_no=10848'>10848<\/a><\/li>\n\n\n\n<li><a href='?page_no=10849'>10849<\/a><\/li>\n\n\n\n<li class='active'><a>10850<\/a><\/li>\n\n\n\n<li><a href='?page_no=10851'>10851<\/a><\/li>\n\n\n\n<li><a href='?page_no=10852'>10852<\/a><\/li>\n\n\n\n<li><a>...<\/a><\/li>\n\n\n\n<li><a href='?page_no=51012'>51012<\/a><\/li>\n\n\n\n<li><a href='?page_no=51013'>51013<\/a><\/li>\n\n    \n\t\n\n<li >\n\t<a href='?page_no=10851'>Next<\/a>\n\t<\/li>\n\n\n    \n\n<li><a href='?page_no=51013'>Last &rsaquo;&rsaquo;<\/a><\/li>\n\n<\/ul>\n\n\n--><br \/>\n<\/body><\/p>\n","protected":false},"excerpt":{"rendered":"<p>Brasilia, 28 mar (PL) El cierre hoy en Curitiba de la cuarta etapa de la caravana con la que el expresidente Luiz In\u00e1cio Lula da Silva recorre el pa\u00eds debe transformarse en una manifestaci\u00f3n antifascista, apreci\u00f3 el diario digital Brasil 247. De acuerdo con la publicaci\u00f3n, en la capital del estado de Paran\u00e1 quedar\u00eda conformado [&hellip;]<\/p>\n","protected":false},"author":3,"featured_media":0,"comment_status":"open","ping_status":"open","sticky":false,"template":"","format":"standard","meta":{"footnotes":""},"categories":[23],"tags":[],"class_list":["post-231216","post","type-post","status-publish","format-standard","hentry","category-internacional"],"_links":{"self":[{"href":"https:\/\/diariodominicano.com\/index.php?rest_route=\/wp\/v2\/posts\/231216","targetHints":{"allow":["GET"]}}],"collection":[{"href":"https:\/\/diariodominicano.com\/index.php?rest_route=\/wp\/v2\/posts"}],"about":[{"href":"https:\/\/diariodominicano.com\/index.php?rest_route=\/wp\/v2\/types\/post"}],"author":[{"embeddable":true,"href":"https:\/\/diariodominicano.com\/index.php?rest_route=\/wp\/v2\/users\/3"}],"replies":[{"embeddable":true,"href":"https:\/\/diariodominicano.com\/index.php?rest_route=%2Fwp%2Fv2%2Fcomments&post=231216"}],"version-history":[{"count":0,"href":"https:\/\/diariodominicano.com\/index.php?rest_route=\/wp\/v2\/posts\/231216\/revisions"}],"wp:attachment":[{"href":"https:\/\/diariodominicano.com\/index.php?rest_route=%2Fwp%2Fv2%2Fmedia&parent=231216"}],"wp:term":[{"taxonomy":"category","embeddable":true,"href":"https:\/\/diariodominicano.com\/index.php?rest_route=%2Fwp%2Fv2%2Fcategories&post=231216"},{"taxonomy":"post_tag","embeddable":true,"href":"https:\/\/diariodominicano.com\/index.php?rest_route=%2Fwp%2Fv2%2Ftags&post=231216"}],"curies":[{"name":"wp","href":"https:\/\/api.w.org\/{rel}","templated":true}]}}