{"id":231214,"date":"2018-03-28T13:08:08","date_gmt":"2018-03-28T13:08:08","guid":{"rendered":"http:\/\/diariodominicano.ddns.net\/?p=231214"},"modified":"2018-03-28T13:08:08","modified_gmt":"2018-03-28T13:08:08","slug":"educadores-cubanos-y-dominicanos-recuerdan-legado-de-fidel-castro","status":"publish","type":"post","link":"https:\/\/diariodominicano.com\/?p=231214","title":{"rendered":"Educadores cubanos y dominicanos recuerdan legado de Fidel Castro"},"content":{"rendered":"<p><body><\/p>\n<p><strong>Por Yadira Cruz Valera<\/strong><\/p>\n<p><strong>Guant\u00e1namo, Cuba 28 mar (PL)<\/strong> Delegados al X Encuentro de Educadores Guant\u00e1namo-Rep\u00fablica Dominicana recordaron hoy el papel de Fidel Castro en la creaci\u00f3n de las Asociaciones de Pedagogos de Cuba y de Educadores de Latinoam\u00e9rica y el Caribe.<\/p>\n<\/p>\n<p>Maricel Salles, presidenta de la filial guantanamera de la organizaci\u00f3n cubana, rememor\u00f3 c\u00f3mo en la clausura del Congreso Internacional Pedagog\u00eda &#8217;89, el l\u00edder hist\u00f3rico de la Revoluci\u00f3n propuso a los educadores crear una asociaci\u00f3n en la cual pudieran desarrollar actividades cient\u00edficas y otras de inter\u00e9s para el sector.<\/p>\n<\/p>\n<p>Por su parte Rosa Caro, vicepresidenta internacional de la Asociaci\u00f3n de Educadores de Latinoam\u00e9rica y el Caribe (AELAC), record\u00f3 c\u00f3mo un a\u00f1o despu\u00e9s, tambi\u00e9n por iniciativa de Fidel, surge la organizaci\u00f3n regional, que agrupa a 25 pa\u00edses.<\/p>\n<\/p>\n<p>Desde el a\u00f1o 1986 \u00e9l nos hab\u00eda comentado sobre la necesidad de que los educadores de la regi\u00f3n contar\u00e1n con un espacio para exponer y socializar sus experiencias, para reafirmar una identidad cultural propia y fortalecer la integraci\u00f3n, as\u00ed cada vez que nos reun\u00edamos insist\u00eda en ese tema, detall\u00f3 Caro en intercambio con Prensa Latina.<\/p>\n<\/p>\n<p>Soy fundadora de la AELAC, me desempe\u00f1o como una de sus vicepresidentas, aunque hay muchas dificultades y tropiezos en el trabajo, siempre pienso en el Comandante en Jefe, en todo lo que nos dec\u00eda, por eso sigo adelante, todo esto es fruto de su visi\u00f3n de futuro, de sus sue\u00f1os de integraci\u00f3n, se\u00f1al\u00f3.<\/p>\n<\/p>\n<p>La asociaci\u00f3n cubana surgi\u00f3 el 6 de marzo de 1989 y cuenta con filiales en todas las provincias del pa\u00eds, integra en sus filas a m\u00e1s de 40 mil asociados, actualmente juega un papel fundamental en el desarrollo de la Ciencias Pedag\u00f3gicas en la isla.<\/p>\n<\/p>\n<p>Por su parte, la organizaci\u00f3n regional aglutina educadores, entidades e instituciones que desarrollan acciones educativas en pa\u00edses como Argentina, Aruba, Bol\u00edvia, Chile, Colombia, Cuba, Ecuador, Guadalupe, Honduras, M\u00e9xico, Nicaragua, Per\u00fa, Puerto Rico, Rep\u00fablica Dominicana, Uruguay y Venezuela, entre otros.<\/p>\n<\/p>\n<p>lma\/ycv<\/p>\n<h6> 2018-03-28 13:08:08 <\/h6>\n<p><!--\n<link rel=\"stylesheet\" href=\"css\/bootstrap.min.css\">\n\n\n<ul class=\"pagination\">\n\t    \n\t\n\n<li >\n\t<a href='?page_no=10848'>Previous<\/a>\n\t<\/li>\n\n\n       \n    \n\n<li><a href='?page_no=1'>1<\/a><\/li>\n\n\n\n<li><a href='?page_no=2'>2<\/a><\/li>\n\n\n\n<li><a>...<\/a><\/li>\n\n\n\n<li><a href='?page_no=10847'>10847<\/a><\/li>\n\n\n\n<li><a href='?page_no=10848'>10848<\/a><\/li>\n\n\n\n<li class='active'><a>10849<\/a><\/li>\n\n\n\n<li><a href='?page_no=10850'>10850<\/a><\/li>\n\n\n\n<li><a href='?page_no=10851'>10851<\/a><\/li>\n\n\n\n<li><a>...<\/a><\/li>\n\n\n\n<li><a href='?page_no=51012'>51012<\/a><\/li>\n\n\n\n<li><a href='?page_no=51013'>51013<\/a><\/li>\n\n    \n\t\n\n<li >\n\t<a href='?page_no=10850'>Next<\/a>\n\t<\/li>\n\n\n    \n\n<li><a href='?page_no=51013'>Last &rsaquo;&rsaquo;<\/a><\/li>\n\n<\/ul>\n\n\n--><br \/>\n<\/body><\/p>\n","protected":false},"excerpt":{"rendered":"<p>Por Yadira Cruz Valera Guant\u00e1namo, Cuba 28 mar (PL) Delegados al X Encuentro de Educadores Guant\u00e1namo-Rep\u00fablica Dominicana recordaron hoy el papel de Fidel Castro en la creaci\u00f3n de las Asociaciones de Pedagogos de Cuba y de Educadores de Latinoam\u00e9rica y el Caribe. Maricel Salles, presidenta de la filial guantanamera de la organizaci\u00f3n cubana, rememor\u00f3 c\u00f3mo [&hellip;]<\/p>\n","protected":false},"author":3,"featured_media":0,"comment_status":"open","ping_status":"open","sticky":false,"template":"","format":"standard","meta":{"footnotes":""},"categories":[23],"tags":[],"class_list":["post-231214","post","type-post","status-publish","format-standard","hentry","category-internacional"],"_links":{"self":[{"href":"https:\/\/diariodominicano.com\/index.php?rest_route=\/wp\/v2\/posts\/231214","targetHints":{"allow":["GET"]}}],"collection":[{"href":"https:\/\/diariodominicano.com\/index.php?rest_route=\/wp\/v2\/posts"}],"about":[{"href":"https:\/\/diariodominicano.com\/index.php?rest_route=\/wp\/v2\/types\/post"}],"author":[{"embeddable":true,"href":"https:\/\/diariodominicano.com\/index.php?rest_route=\/wp\/v2\/users\/3"}],"replies":[{"embeddable":true,"href":"https:\/\/diariodominicano.com\/index.php?rest_route=%2Fwp%2Fv2%2Fcomments&post=231214"}],"version-history":[{"count":0,"href":"https:\/\/diariodominicano.com\/index.php?rest_route=\/wp\/v2\/posts\/231214\/revisions"}],"wp:attachment":[{"href":"https:\/\/diariodominicano.com\/index.php?rest_route=%2Fwp%2Fv2%2Fmedia&parent=231214"}],"wp:term":[{"taxonomy":"category","embeddable":true,"href":"https:\/\/diariodominicano.com\/index.php?rest_route=%2Fwp%2Fv2%2Fcategories&post=231214"},{"taxonomy":"post_tag","embeddable":true,"href":"https:\/\/diariodominicano.com\/index.php?rest_route=%2Fwp%2Fv2%2Ftags&post=231214"}],"curies":[{"name":"wp","href":"https:\/\/api.w.org\/{rel}","templated":true}]}}