{"id":231203,"date":"2018-03-29T09:39:43","date_gmt":"2018-03-29T09:39:43","guid":{"rendered":"http:\/\/diariodominicano.ddns.net\/?p=231203"},"modified":"2018-03-29T09:39:43","modified_gmt":"2018-03-29T09:39:43","slug":"al-sisi-reelegido-en-egipto-con-mas-del-92-de-votos","status":"publish","type":"post","link":"https:\/\/diariodominicano.com\/?p=231203","title":{"rendered":"Al Sisi, reelegido en Egipto con m\u00e1s del 92% de votos"},"content":{"rendered":"<p><body><\/p>\n<p><img decoding=\"async\" src=\"img3\/cea923ddb2d259d5c09aa9635c3df3482a0e4f49.jpg\" \/><br \/><img decoding=\"async\" src=\"img3\/f2a6cfe48909824fdc663cbac53725e6fa3bb177.jpg\" \/><br \/><img decoding=\"async\" src=\"img3\/0fd94d52c6a140ca26449325e1594e40ed74450f.jpg\" \/>  <\/p>\n<p><strong>AFP \/ KHALED DESOUKI<\/strong><\/p>\n<p><strong>Un conscripto egipcio monta guardia delante de un colegio electoral el 26 de marzo de 2018 en El Cairo antes de que comience la elecci\u00f3n presidencial en la que el mandatario Abel Fattah al Sisi obtuvo un segundo mandato<\/strong><\/p>\n<p>El presidente egipcio, Abdel Fattah Al Sisi, fue reelecto con m\u00e1s del 92% de votos para un nuevo mandato, seg\u00fan las primeras estimaciones publicadas este jueves por la prensa estatal, aunque la participaci\u00f3n de s\u00f3lo el 40% del padr\u00f3n merma su legitimidad.<\/p>\n<\/p>\n<p>Unos 23 millones de los 60 millones de electores inscriptos se desplazaron para votar en esto comicios organizados entre el lunes y el mi\u00e9rcoles, indicaron los peri\u00f3dicos Al Ahram y Akhbar el Yum, as\u00ed como la agencia oficial MENA.<\/p>\n<\/p>\n<p>Seg\u00fan Al Ahram, a los 23 millones se suman otros dos millones que introdujeron boletas con los nombres de candidatos que no estaban en liza.<\/p>\n<\/p>\n<p>Al Sisi compet\u00eda en esta presidencial frente a Musa Mostafa Musa, desconocido por el p\u00fablico en general y uno de los apayos del presidente.<\/p>\n<\/p>\n<p>Los otros posibles candidatos desistieron de presentarse o fueron detenidos.<\/p>\n<\/p>\n<p>Musa, empresario de 65 a\u00f1os, habr\u00eda obtenido 3% de los votos seg\u00fan Al Ahram.<\/p>\n<\/p>\n<p>El mi\u00e9rcoles por la noche Musa estim\u00f3 por televisi\u00f3n que hab\u00eda perdido la elecci\u00f3n, luego de publicarse los primeros resultados parciales.<\/p>\n<\/p>\n<p>AFP \/ Gillian HANDYSIDE<\/p>\n<p>Abdel Fatah al Sisi<\/p>\n<p>El empresario, jefe del min\u00fasculo partido liberal Al Ghad, se anot\u00f3 como candidato justo antes del l\u00edmite previsto para presentar candidaturas, evitando as\u00ed a Al Sisi una contienda electoral sin adversario.<\/p>\n<\/p>\n<p>Al Sisi, ex jefe del Estado Mayor de las Fuerzas Armadas, derroc\u00f3 al \u00fanico presidente egipcio democr\u00e1ticamente electo &#8211;el islamista Mohamed Morsi&#8211; luego de masivas protestas en 2013, y gan\u00f3 las elecciones de 2014 con el 96,9% de los votos.<\/p>\n<\/p>\n<p>&#8211; Participaci\u00f3n menor que en 2014 &#8211;<\/p>\n<\/p>\n<p>Ese a\u00f1o la participaci\u00f3n alcanz\u00f3 el 47%, superior a la de 2018 que alcanza el 40% a pesar de los llamados a votar del primer ministro Sherif Ismail.<\/p>\n<\/p>\n<p>Los que no tengan una raz\u00f3n valida para explicar el no haber ido a votar deber\u00e1n pagar una multa de unas 500 libras egipcias (unos 22 euros), advirti\u00f3 la comisi\u00f3n electoral.<\/p>\n<\/p>\n<p>AFP \/ Mohamed el-Shahed<\/p>\n<p>Urna electoral al finalizar la jornada electoral para elegir presidente en Egipto, el 28 de marzo de 2018<\/p>\n<p>En conferencia de prensa, uno de os responsables de la comisi\u00f3n, Mahmud al Sherif, dijo que no se registraron irregularidades durante los comicios.<\/p>\n<\/p>\n<p>Los grupos de la oposici\u00f3n hab\u00edan llamado a boicotear los comicios.<\/p>\n<\/p>\n<p>Durante la campa\u00f1a no hubo debates y Al Sisi no apareci\u00f3 en ning\u00fan evento.<\/p>\n<\/p>\n<p>En una entrevista unos d\u00edas antes de la elecci\u00f3n Al Sisi dijo que hubiese preferido que hubiera m\u00e1s candidatos, y neg\u00f3 toda intervenci\u00f3n para disuadirlos de presentarse.<\/p>\n<\/p>\n<p>Antes de la elecci\u00f3n pidi\u00f3 a los electores que participaran.<\/p>\n<\/p>\n<p>\u00abLos necesito porque el trabajo no est\u00e1 terminado\u00bb, dijo Al Sisi.<\/p>\n<\/p>\n<p>El derrocamiento de Morsi abri\u00f3 un periodo de represi\u00f3n en el que centenares de islamistas murieron o terminaron tras las rejas.<\/p>\n<\/p>\n<p>La represi\u00f3n inicial contra los islamistas se extendi\u00f3 luego a los liberales y activistas de la izquierda.<\/p>\n<\/p>\n<p>Al mismo tiempo un movimiento rebelde yihadista mat\u00f3 a centenares de polic\u00edas y civiles.<\/p>\n<\/p>\n<p>AFP \/ MOHAMED EL-SHAHED<\/p>\n<p>Un hombre camina en Giza (oeste de El Cairo) el 25 de marzo de 2018 por una calle en donde se desplegaron carteles gigantes del presidente egipcio, Abdel Fattah al Sisi, que se impuso con el 92% de los votos para un segundo mandato seg\u00fan los resultado preliminares<\/p>\n<p>En noviembre Al Sisi dio tres meses a las Fuerzas Armadas y a la polic\u00eda para acabar con los combatientes del grupo Estado Isl\u00e1mico que operan desde la pen\u00ednsula del Sina\u00ed.<\/p>\n<\/p>\n<p>El plazo se extendi\u00f3 luego, y el 9 de febrero las Fuerzas Armadas lanzaron su mayor operaci\u00f3n para poner fin a cinco a\u00f1os de rebeli\u00f3n yihadista.<\/p>\n<\/p>\n<p>Pero los ataques continuaron.<\/p>\n<\/p>\n<p>El s\u00e1bado dos polic\u00edas murieron en un ataque con cochebomba contra el jefe de la seguridad de Alejandr\u00eda (norte), que escap\u00f3 sin heridas.<\/p>\n<h6> 2018-03-29 09:39:43 <\/h6>\n<p><!--\n<link rel=\"stylesheet\" href=\"css\/bootstrap.min.css\">\n\n\n<ul class=\"pagination\">\n\t    \n\t\n\n<li >\n\t<a href='?page_no=10838'>Previous<\/a>\n\t<\/li>\n\n\n       \n    \n\n<li><a href='?page_no=1'>1<\/a><\/li>\n\n\n\n<li><a href='?page_no=2'>2<\/a><\/li>\n\n\n\n<li><a>...<\/a><\/li>\n\n\n\n<li><a href='?page_no=10837'>10837<\/a><\/li>\n\n\n\n<li><a href='?page_no=10838'>10838<\/a><\/li>\n\n\n\n<li class='active'><a>10839<\/a><\/li>\n\n\n\n<li><a href='?page_no=10840'>10840<\/a><\/li>\n\n\n\n<li><a href='?page_no=10841'>10841<\/a><\/li>\n\n\n\n<li><a>...<\/a><\/li>\n\n\n\n<li><a href='?page_no=51012'>51012<\/a><\/li>\n\n\n\n<li><a href='?page_no=51013'>51013<\/a><\/li>\n\n    \n\t\n\n<li >\n\t<a href='?page_no=10840'>Next<\/a>\n\t<\/li>\n\n\n    \n\n<li><a href='?page_no=51013'>Last &rsaquo;&rsaquo;<\/a><\/li>\n\n<\/ul>\n\n\n--><br \/>\n<\/body><\/p>\n","protected":false},"excerpt":{"rendered":"<p>AFP \/ KHALED DESOUKI Un conscripto egipcio monta guardia delante de un colegio electoral el 26 de marzo de 2018 en El Cairo antes de que comience la elecci\u00f3n presidencial en la que el mandatario Abel Fattah al Sisi obtuvo un segundo mandato El presidente egipcio, Abdel Fattah Al Sisi, fue reelecto con m\u00e1s del [&hellip;]<\/p>\n","protected":false},"author":3,"featured_media":0,"comment_status":"open","ping_status":"open","sticky":false,"template":"","format":"standard","meta":{"footnotes":""},"categories":[23],"tags":[],"class_list":["post-231203","post","type-post","status-publish","format-standard","hentry","category-internacional"],"_links":{"self":[{"href":"https:\/\/diariodominicano.com\/index.php?rest_route=\/wp\/v2\/posts\/231203","targetHints":{"allow":["GET"]}}],"collection":[{"href":"https:\/\/diariodominicano.com\/index.php?rest_route=\/wp\/v2\/posts"}],"about":[{"href":"https:\/\/diariodominicano.com\/index.php?rest_route=\/wp\/v2\/types\/post"}],"author":[{"embeddable":true,"href":"https:\/\/diariodominicano.com\/index.php?rest_route=\/wp\/v2\/users\/3"}],"replies":[{"embeddable":true,"href":"https:\/\/diariodominicano.com\/index.php?rest_route=%2Fwp%2Fv2%2Fcomments&post=231203"}],"version-history":[{"count":0,"href":"https:\/\/diariodominicano.com\/index.php?rest_route=\/wp\/v2\/posts\/231203\/revisions"}],"wp:attachment":[{"href":"https:\/\/diariodominicano.com\/index.php?rest_route=%2Fwp%2Fv2%2Fmedia&parent=231203"}],"wp:term":[{"taxonomy":"category","embeddable":true,"href":"https:\/\/diariodominicano.com\/index.php?rest_route=%2Fwp%2Fv2%2Fcategories&post=231203"},{"taxonomy":"post_tag","embeddable":true,"href":"https:\/\/diariodominicano.com\/index.php?rest_route=%2Fwp%2Fv2%2Ftags&post=231203"}],"curies":[{"name":"wp","href":"https:\/\/api.w.org\/{rel}","templated":true}]}}