{"id":231201,"date":"2018-03-29T09:53:22","date_gmt":"2018-03-29T09:53:22","guid":{"rendered":"http:\/\/diariodominicano.ddns.net\/?p=231201"},"modified":"2018-03-29T09:53:22","modified_gmt":"2018-03-29T09:53:22","slug":"un-ano-antes-del-brexit-theresa-may-de-gira-para-predicar-la-unidad-nacional","status":"publish","type":"post","link":"https:\/\/diariodominicano.com\/?p=231201","title":{"rendered":"Un a\u00f1o antes del Brexit, Theresa May de gira para predicar la unidad nacional"},"content":{"rendered":"<p><body><\/p>\n<p><img decoding=\"async\" src=\"img3\/0aab25876ff1594761419c101e129f7d44760633.jpg\" \/><br \/><img decoding=\"async\" src=\"img3\/60d6f329a34bbcc1620b374fa7da6693c193c986.jpg\" \/><br \/><img decoding=\"async\" src=\"img3\/c79c7a4ce637e5b162172c529e044ecfd337e868.jpg\" \/>  <\/p>\n<\/p>\n<p>POOL\/AFP \/ Stefan Rousseau<\/p>\n<p>La primera ministra brit\u00e1nica, Theresa May, en su gira por Reino Unido justo un a\u00f1o antes de la salida del pa\u00eds de la Uni\u00f3n Europea (UE), durante la etapa de Newcastle (noreste de Inglaterra), este 29 de marzo de 2018<\/p>\n<p>Un a\u00f1o exacto antes de la salida del Reino Unido de la Uni\u00f3n Europea (UE), la primera ministra brit\u00e1nica, Theresa May, lleva a cabo este jueves una gira por el Reino Unido para unir y tranquilizar a sus conciudadanos ante un Brexit que sigue dividiendo.<\/p>\n<\/p>\n<p>\u00abHoy, un a\u00f1o antes de que el Reino Unido abandone la UE y empiece a trazar su nueva v\u00eda en el mundo, voy a visitar a las cuatro naciones de la Uni\u00f3n para escuchar lo que la gente, en todo el pa\u00eds, piensa del Brexit\u00bb, declar\u00f3 May en un comunicado.<\/p>\n<\/p>\n<p>\u00abEn momentos en que dejamos la UE, estoy decidida a que en los a\u00f1os venideros reforcemos los v\u00ednculos que nos unen\u00bb agreg\u00f3.<\/p>\n<\/p>\n<p>Convencida de que el futuro ser\u00e1 \u00abradiante\u00bb, la jefa del gobierno habla de un futuro Reino Unido \u00abcomerciando libremente con sus amigos y sus socios en Europa y m\u00e1s all\u00e1\u00bb.<\/p>\n<\/p>\n<p>\u00abAl haber recuperado el control de nuestras leyes, nuestras fronteras y nuestro dinero, y aprovechado las oportunidades ofrecidas por el Brexit, el Reino Unido prosperar\u00e1 como pa\u00eds fuerte y unido, y ello beneficiar\u00e1 a todo el mundo, que haya votado por o contra el Brexit\u00bb, agrega.<\/p>\n<\/p>\n<p>Theresa May inici\u00f3 su periplo por Escocia, donde visit\u00f3 una f\u00e1brica textil en Ayrshire. Luego visitar\u00e1 a un grupo de padres y ni\u00f1os de Newcastle (noreste de Inglaterra). Despu\u00e9s almorzar\u00e1 con agricultores cerca de Belfast, capital de Irlanda del norte, antes de viajar a Barry (Pa\u00eds de Gales) donde asistir\u00e1 a una mesa redonda con empresarios galeses. La \u00faltima etapa ser\u00e1 una reuni\u00f3n con polacos instalados en la capital brit\u00e1nica.<\/p>\n<\/p>\n<p>&#8211; &#8216;Horizonte glorioso&#8217; &#8211;<\/p>\n<\/p>\n<p>POOL\/AFP \/ Russell Cheyne<\/p>\n<p>El Reino Unido abandona la UE el 29 de marzo 2019, dos a\u00f1os despu\u00e9s de haber desencadenado el procedimiento de divorcio, al activar el art\u00edculo 50 del Tratado  de Lisboa, y casi tres a\u00f1os despu\u00e9s de haber votado a 52% en favor del Brexit<\/p>\n<p>El Reino Unido abandona la UE el 29 de marzo 2019, dos a\u00f1os despu\u00e9s de haber desencadenado el procedimiento de divorcio, al activar el art\u00edculo 50 del Tratado de Lisboa, y casi tres a\u00f1os despu\u00e9s de haber votado a 52% en favor del Brexit en el refer\u00e9ndum del 23 de junio de 2016.<\/p>\n<\/p>\n<p>Ante la imposibilidad de obtener un acuerdo sobre la futura relaci\u00f3n econ\u00f3mica con sus exsocios europeas antes de que se cumpla este plazo, Theresa May obtuvo un per\u00edodo de transici\u00f3n hasta fines de 2020, durante el cual Londres no podr\u00e1 intervenir en las decisiones de la UE pero seguir\u00e1 perteneciendo al mercado \u00fanico.<\/p>\n<\/p>\n<p>\u00abNuestro viaje nacional para salir de la UE llega casi a su fin, y un horizonte glorioso se abre ante nosotros\u00bb asegura el ministro brit\u00e1nico de Exteriores Boris Johnson, punta de lanza de campo del \u00ableave\u00bb (\u00abirse\u00bb de la UE) en las p\u00e1ginas del Daily Express.<\/p>\n<\/p>\n<p>Este diario claramente anti-UE cita un sondeo realizado ante m\u00e1s de 2.000 personas en internet, seg\u00fan el cual 65% de los votantes se oponen a un segundo refer\u00e9ndum. Pero el tema sigue dividiendo al pa\u00eds, y muchos pro-UE se amparan en las incertidumbres del Brexit para intentar invertir el proceso de salida.<\/p>\n<\/p>\n<p>&#8211; &#8216;No demasiado tarde&#8217; &#8211;<\/p>\n<\/p>\n<p>\u00abNo es demasiado tarde\u00bb, dice el exprimer ministro Tony Blair, en la BBC. Una vez que se conozcan los t\u00e9rminos del divorcio, los electores deber\u00edan pronunciarse de nuevo sobre la pertenencia de Reino Unido al bloque europeo, alega Blair.<\/p>\n<\/p>\n<p>Para el exprimer ministro, el Brexit fue la mayor decisi\u00f3n tomada por el Reino Unido desde el final de la Segunda guerra mundial. \u00abPodremos decidir entonces si estos t\u00e9rminos son mejores de lo que tenemos ahora\u00bb.<\/p>\n<\/p>\n<p>AFP \/ Gillian HANDYSIDE<\/p>\n<p>Cronolog\u00eda de las negociaciones sobre la salida de Reino Unido de la Uni\u00f3n Europea<\/p>\n<p>Theresa May afirm\u00f3 que con el Brexit, las diferentes provincias que constituyen el Reino Unido tendr\u00e1n poderes decisorios incrementados -hasta ahora en manos de Bruselas&#8211;, tratando as\u00ed de tranquilizarlas ante un \u00abgolpe de fuerza\u00bb de parte de Londres.<\/p>\n<\/p>\n<p>May tambi\u00e9n se ha comprometido a \u00abproteger la integridad del Reino Unido en su conjunto\u00bb, mientras sigue frenando las negociaciones con la UE el tema de la frontera entre la provincia brit\u00e1nica de Irlanda del Norte y la vecina Rep\u00fablica de Irlanda (miembro de la UE).<\/p>\n<\/p>\n<p>\u00abEllo significa que hay que asegurarse de que no se erigir\u00e1n nuevas barreras en el seno de nuestro mercado com\u00fan, y que el Reino Unido est\u00e9 en medida de respetar sus obligaciones internacionales en el futuro\u00bb, explica May en el comunicado.<\/p>\n<h6> 2018-03-29 09:53:22 <\/h6>\n<p><!--\n<link rel=\"stylesheet\" href=\"css\/bootstrap.min.css\">\n\n\n<ul class=\"pagination\">\n\t    \n\t\n\n<li >\n\t<a href='?page_no=10836'>Previous<\/a>\n\t<\/li>\n\n\n       \n    \n\n<li><a href='?page_no=1'>1<\/a><\/li>\n\n\n\n<li><a href='?page_no=2'>2<\/a><\/li>\n\n\n\n<li><a>...<\/a><\/li>\n\n\n\n<li><a href='?page_no=10835'>10835<\/a><\/li>\n\n\n\n<li><a href='?page_no=10836'>10836<\/a><\/li>\n\n\n\n<li class='active'><a>10837<\/a><\/li>\n\n\n\n<li><a href='?page_no=10838'>10838<\/a><\/li>\n\n\n\n<li><a href='?page_no=10839'>10839<\/a><\/li>\n\n\n\n<li><a>...<\/a><\/li>\n\n\n\n<li><a href='?page_no=51012'>51012<\/a><\/li>\n\n\n\n<li><a href='?page_no=51013'>51013<\/a><\/li>\n\n    \n\t\n\n<li >\n\t<a href='?page_no=10838'>Next<\/a>\n\t<\/li>\n\n\n    \n\n<li><a href='?page_no=51013'>Last &rsaquo;&rsaquo;<\/a><\/li>\n\n<\/ul>\n\n\n--><br \/>\n<\/body><\/p>\n","protected":false},"excerpt":{"rendered":"<p>POOL\/AFP \/ Stefan Rousseau La primera ministra brit\u00e1nica, Theresa May, en su gira por Reino Unido justo un a\u00f1o antes de la salida del pa\u00eds de la Uni\u00f3n Europea (UE), durante la etapa de Newcastle (noreste de Inglaterra), este 29 de marzo de 2018 Un a\u00f1o exacto antes de la salida del Reino Unido de [&hellip;]<\/p>\n","protected":false},"author":3,"featured_media":0,"comment_status":"open","ping_status":"open","sticky":false,"template":"","format":"standard","meta":{"footnotes":""},"categories":[23],"tags":[],"class_list":["post-231201","post","type-post","status-publish","format-standard","hentry","category-internacional"],"_links":{"self":[{"href":"https:\/\/diariodominicano.com\/index.php?rest_route=\/wp\/v2\/posts\/231201","targetHints":{"allow":["GET"]}}],"collection":[{"href":"https:\/\/diariodominicano.com\/index.php?rest_route=\/wp\/v2\/posts"}],"about":[{"href":"https:\/\/diariodominicano.com\/index.php?rest_route=\/wp\/v2\/types\/post"}],"author":[{"embeddable":true,"href":"https:\/\/diariodominicano.com\/index.php?rest_route=\/wp\/v2\/users\/3"}],"replies":[{"embeddable":true,"href":"https:\/\/diariodominicano.com\/index.php?rest_route=%2Fwp%2Fv2%2Fcomments&post=231201"}],"version-history":[{"count":0,"href":"https:\/\/diariodominicano.com\/index.php?rest_route=\/wp\/v2\/posts\/231201\/revisions"}],"wp:attachment":[{"href":"https:\/\/diariodominicano.com\/index.php?rest_route=%2Fwp%2Fv2%2Fmedia&parent=231201"}],"wp:term":[{"taxonomy":"category","embeddable":true,"href":"https:\/\/diariodominicano.com\/index.php?rest_route=%2Fwp%2Fv2%2Fcategories&post=231201"},{"taxonomy":"post_tag","embeddable":true,"href":"https:\/\/diariodominicano.com\/index.php?rest_route=%2Fwp%2Fv2%2Ftags&post=231201"}],"curies":[{"name":"wp","href":"https:\/\/api.w.org\/{rel}","templated":true}]}}