{"id":231199,"date":"2018-03-29T12:12:55","date_gmt":"2018-03-29T12:12:55","guid":{"rendered":"http:\/\/diariodominicano.ddns.net\/?p=231199"},"modified":"2018-03-29T12:12:55","modified_gmt":"2018-03-29T12:12:55","slug":"ecuador-dialogara-en-londres-con-abogados-de-assange-tras-suspension-de-comunicaciones","status":"publish","type":"post","link":"https:\/\/diariodominicano.com\/?p=231199","title":{"rendered":"Ecuador dialogar\u00e1 en Londres con abogados de Assange tras suspensi\u00f3n de comunicaciones"},"content":{"rendered":"<p><body><\/p>\n<p>QUITO, 28 mar (Xinhua) &#8212; Una delegaci\u00f3n de la canciller\u00eda de Ecuador se reunir\u00e1 la pr\u00f3xima semana en Londres con los abogados del fundador de WikiLeaks, Julian Assange, para analizar qu\u00e9 otras acciones se pueden tomar para solucionar su situaci\u00f3n, anunci\u00f3 hoy la ministra ecuatoriana de Relaciones Exteriores, Mar\u00eda Fernanda Espinoza.<\/p>\n<\/p>\n<p>\u00abEstaremos valorando con nuestros abogados (&#8230;) y exploraremos cu\u00e1les son las alternativas que nos permite el marco del derecho internacional y nuestra propia legislaci\u00f3n y la Constituci\u00f3n ecuatoriana\u00bb, dijo Espinoza a periodistas. <\/p>\n<\/p>\n<p>Agreg\u00f3 que \u00ablo importante es que seguimos dialogando con el Reino Unido para buscar una soluci\u00f3n definitiva y duradera a esta situaci\u00f3n que el actual gobierno (de Len\u00edn Moreno) ha heredado\u00bb de su antecesor Rafael Correa.<\/p>\n<\/p>\n<p>El gobierno de Ecuador anunci\u00f3 hoy que suspendi\u00f3 el martes los sistemas que permiten a Assange comunicarse con el exterior desde la embajada ecuatoriana en Londres, donde permanece en situaci\u00f3n de protecci\u00f3n internacional desde 2012.<\/p>\n<\/p>\n<p>\u00abEst\u00e1n suspendidas sus comunicaciones efectivamente. \u00c9l (Assange) no cumpli\u00f3 un acuerdo que \u00e9l mismo firm\u00f3 (en 2017) de silencio y no intervenci\u00f3n en temas internos de otros estados. \u00c9l viol\u00f3 ese compromiso y nosotros procedimos a cortarle el acceso a las comunicaciones\u00bb, expuso la canciller.<\/p>\n<\/p>\n<p>La decisi\u00f3n del gobierno ecuatoriano se produce luego de que Assange emitiera nuevos pronunciamientos el pasado 25 de marzo, a trav\u00e9s de su cuenta en la red social Twitter, sobre la detenci\u00f3n en Alemania del l\u00edder independentista catal\u00e1n Carles Puigdemont.<\/p>\n<\/p>\n<p>Quito ya hab\u00eda advertido meses atr\u00e1s al ex programador inform\u00e1tico y periodista australiano que est\u00e1 impedido de emitir mensajes que supusieran una injerencia en relaci\u00f3n a otros Estados, en cumplimento a las normas del asilo concedido por Ecuador en 2012.<\/p>\n<\/p>\n<p>En 2017, Assange tambi\u00e9n se hab\u00eda pronunciado sobre la crisis catalana, lo que llev\u00f3 al gobierno del presidente Len\u00edn Moreno a aclarar que las opiniones del fundador de WikiLeaks no representan la posici\u00f3n del Estado ecuatoriano.<\/p>\n<\/p>\n<p>\u00abEl gobierno de Ecuador advierte que el comportamiento de Assange, con sus mensajes a trav\u00e9s de las redes sociales, pone en riesgo las buenas relaciones que el pa\u00eds mantiene con Reino Unido, con el resto de pa\u00edses de la Uni\u00f3n Europea y otras naciones\u00bb, dijo hoy el gobierno en un comunicado oficial.<\/p>\n<\/p>\n<p>A\u00f1adi\u00f3 que \u00abpor todo ello, para prevenir potenciales perjuicios, la embajada en Londres interrumpi\u00f3 este 27 de marzo (martes) las comunicaciones al exterior a las que tiene acceso Assange\u00bb.<\/p>\n<\/p>\n<p>\u00abEl Ejecutivo mantiene adem\u00e1s abierta la v\u00eda a la adopci\u00f3n de nuevas medidas ante el incumplimiento del compromiso por parte de Assange\u00bb, subray\u00f3 el gobierno.<\/p>\n<\/p>\n<p>Assange se refugi\u00f3 en la embajada de Ecuador en Londres para evitar ser extraditado a Suecia y ser interrogado por supuestos delitos sexuales cometidos en 2010, que \u00e9l niega.<\/p>\n<\/p>\n<p>En mayo pasado, la Fiscal\u00eda sueca archiv\u00f3 una causa pendiente, lo que deber\u00eda permitirle abandonar la embajada ecuatoriana; sin embargo, Reino Unido rechaza el asilo concedido por Ecuador y se niega a otorgarle un salvoconducto para que pueda viajar a Quito.<\/p>\n<\/p>\n<p>Assange cree que el proceso en Suecia era parte de una maniobra para enviarlo a Estados Unidos, donde podr\u00eda ser juzgado por espionaje al publicar en el sitio WikiLeaks miles de documentos filtrados de informaci\u00f3n confidencial de ese pa\u00eds.<\/p>\n<\/p>\n<p>En diciembre pasado, el gobierno de Moreno le otorg\u00f3 la nacionalidad ecuatoriana, y pidi\u00f3 a Reino Unido que le concediera el estatus diplom\u00e1tico, pero la solicitud fue negada.<\/p>\n<\/p>\n<p>En enero pasado, el presidente Moreno, dijo que el caso de Julian Assange es \u00abuna piedra en el zapato\u00bb para su pa\u00eds, y abog\u00f3 por encontrar una pronta soluci\u00f3n en conjunto con Reino Unido. Fin<\/p>\n<h6> 2018-03-29 12:12:55 <\/h6>\n<p><!--\n<link rel=\"stylesheet\" href=\"css\/bootstrap.min.css\">\n\n\n<ul class=\"pagination\">\n\t    \n\t\n\n<li >\n\t<a href='?page_no=10834'>Previous<\/a>\n\t<\/li>\n\n\n       \n    \n\n<li><a href='?page_no=1'>1<\/a><\/li>\n\n\n\n<li><a href='?page_no=2'>2<\/a><\/li>\n\n\n\n<li><a>...<\/a><\/li>\n\n\n\n<li><a href='?page_no=10833'>10833<\/a><\/li>\n\n\n\n<li><a href='?page_no=10834'>10834<\/a><\/li>\n\n\n\n<li class='active'><a>10835<\/a><\/li>\n\n\n\n<li><a href='?page_no=10836'>10836<\/a><\/li>\n\n\n\n<li><a href='?page_no=10837'>10837<\/a><\/li>\n\n\n\n<li><a>...<\/a><\/li>\n\n\n\n<li><a href='?page_no=51012'>51012<\/a><\/li>\n\n\n\n<li><a href='?page_no=51013'>51013<\/a><\/li>\n\n    \n\t\n\n<li >\n\t<a href='?page_no=10836'>Next<\/a>\n\t<\/li>\n\n\n    \n\n<li><a href='?page_no=51013'>Last &rsaquo;&rsaquo;<\/a><\/li>\n\n<\/ul>\n\n\n--><br \/>\n<\/body><\/p>\n","protected":false},"excerpt":{"rendered":"<p>QUITO, 28 mar (Xinhua) &#8212; Una delegaci\u00f3n de la canciller\u00eda de Ecuador se reunir\u00e1 la pr\u00f3xima semana en Londres con los abogados del fundador de WikiLeaks, Julian Assange, para analizar qu\u00e9 otras acciones se pueden tomar para solucionar su situaci\u00f3n, anunci\u00f3 hoy la ministra ecuatoriana de Relaciones Exteriores, Mar\u00eda Fernanda Espinoza. \u00abEstaremos valorando con nuestros [&hellip;]<\/p>\n","protected":false},"author":3,"featured_media":0,"comment_status":"open","ping_status":"open","sticky":false,"template":"","format":"standard","meta":{"footnotes":""},"categories":[23],"tags":[],"class_list":["post-231199","post","type-post","status-publish","format-standard","hentry","category-internacional"],"_links":{"self":[{"href":"https:\/\/diariodominicano.com\/index.php?rest_route=\/wp\/v2\/posts\/231199","targetHints":{"allow":["GET"]}}],"collection":[{"href":"https:\/\/diariodominicano.com\/index.php?rest_route=\/wp\/v2\/posts"}],"about":[{"href":"https:\/\/diariodominicano.com\/index.php?rest_route=\/wp\/v2\/types\/post"}],"author":[{"embeddable":true,"href":"https:\/\/diariodominicano.com\/index.php?rest_route=\/wp\/v2\/users\/3"}],"replies":[{"embeddable":true,"href":"https:\/\/diariodominicano.com\/index.php?rest_route=%2Fwp%2Fv2%2Fcomments&post=231199"}],"version-history":[{"count":0,"href":"https:\/\/diariodominicano.com\/index.php?rest_route=\/wp\/v2\/posts\/231199\/revisions"}],"wp:attachment":[{"href":"https:\/\/diariodominicano.com\/index.php?rest_route=%2Fwp%2Fv2%2Fmedia&parent=231199"}],"wp:term":[{"taxonomy":"category","embeddable":true,"href":"https:\/\/diariodominicano.com\/index.php?rest_route=%2Fwp%2Fv2%2Fcategories&post=231199"},{"taxonomy":"post_tag","embeddable":true,"href":"https:\/\/diariodominicano.com\/index.php?rest_route=%2Fwp%2Fv2%2Ftags&post=231199"}],"curies":[{"name":"wp","href":"https:\/\/api.w.org\/{rel}","templated":true}]}}