{"id":231190,"date":"2018-03-30T00:15:33","date_gmt":"2018-03-30T00:15:33","guid":{"rendered":"http:\/\/diariodominicano.ddns.net\/?p=231190"},"modified":"2018-03-30T00:15:33","modified_gmt":"2018-03-30T00:15:33","slug":"destaca-raul-castro-relaciones-de-amistad-entre-cuba-y-vietnam-2","status":"publish","type":"post","link":"https:\/\/diariodominicano.com\/?p=231190","title":{"rendered":"Destaca Ra\u00fal Castro relaciones de amistad entre Cuba y Vietnam"},"content":{"rendered":"<p><body><\/p>\n<p><img decoding=\"async\" src=\"img3\/raul-vietnam5.jpg\" \/><br \/><img decoding=\"async\" src=\"img3\/raul-vietnam6.jpg\" \/><br \/><img decoding=\"async\" src=\"img3\/raul-vietnam8.jpg\" \/>  <\/p>\n<p><strong> La Habana, 29 mar (PL) <\/strong>El presidente de Cuba, Ra\u00fal Castro, destac\u00f3 hoy las relaciones de amistad entre la isla y Vietnam, tras recibir en esta capital la Orden Estrella Dorada, la m\u00e1xima distinci\u00f3n del pa\u00eds asi\u00e1tico.<\/p>\n<\/p>\n<p>&#8216;La entra\u00f1able amistad entre Cuba y Vietnam ha superado la prueba del tiempo&#8217;, afirm\u00f3 el l\u00edder cubano en la ceremonia en la que le fue impuesta la orden por el secretario general del Partido Comunista de Vietnam (PCV), Nguyen Phu Trong, quien cumple una visita oficial.<\/p>\n<\/p>\n<p>Ra\u00fal Castro subray\u00f3 que los pueblos, los partidos comunistas y los gobiernos de ambos pa\u00edses se han mantenido unidos y comparten experiencias en la construcci\u00f3n de una sociedad socialista que garantice la justicia y el bienestar en las dos naciones.<\/p>\n<\/p>\n<p>El mandatario se\u00f1al\u00f3 que recibi\u00f3 con orgullo la distinci\u00f3n en nombre del heroico pueblo cubano y de la amistad entre la isla y Vietnam. <\/p>\n<\/p>\n<p>Asimismo, record\u00f3 que en septiembre se conmemorar\u00e1 el 45 aniversario de la visita del l\u00edder hist\u00f3rico de la Revoluci\u00f3n Cubana, Fidel Castro (1926-2016) a zonas liberadas del sur de Vietnam en 1973, en plena guerra, resaltando que fue el \u00fanico jefe de Estado en hacerlo.<\/p>\n<\/p>\n<p>Ra\u00fal Castro y Nguyen Phu Trong sostuvieron antes conversaciones oficiales, en las que repasaron las relaciones bilaterales y manifestaron la voluntad de estrecharlas.<\/p>\n<\/p>\n<p>Asimismo, asistieron a la firma de nueve convenios para fortalecer la cooperaci\u00f3n gubernamental y empresarial, que complementan los suscritos en la ma\u00f1ana y la tarde de este jueves por funcionarios de los dos pa\u00edses.<\/p>\n<\/p>\n<p>agp\/wmr<\/p>\n<h6> 2018-03-30 00:15:33 <\/h6>\n<p><!--\n<link rel=\"stylesheet\" href=\"css\/bootstrap.min.css\">\n\n\n<ul class=\"pagination\">\n\t    \n\t\n\n<li >\n\t<a href='?page_no=10826'>Previous<\/a>\n\t<\/li>\n\n\n       \n    \n\n<li><a href='?page_no=1'>1<\/a><\/li>\n\n\n\n<li><a href='?page_no=2'>2<\/a><\/li>\n\n\n\n<li><a>...<\/a><\/li>\n\n\n\n<li><a href='?page_no=10825'>10825<\/a><\/li>\n\n\n\n<li><a href='?page_no=10826'>10826<\/a><\/li>\n\n\n\n<li class='active'><a>10827<\/a><\/li>\n\n\n\n<li><a href='?page_no=10828'>10828<\/a><\/li>\n\n\n\n<li><a href='?page_no=10829'>10829<\/a><\/li>\n\n\n\n<li><a>...<\/a><\/li>\n\n\n\n<li><a href='?page_no=51012'>51012<\/a><\/li>\n\n\n\n<li><a href='?page_no=51013'>51013<\/a><\/li>\n\n    \n\t\n\n<li >\n\t<a href='?page_no=10828'>Next<\/a>\n\t<\/li>\n\n\n    \n\n<li><a href='?page_no=51013'>Last &rsaquo;&rsaquo;<\/a><\/li>\n\n<\/ul>\n\n\n--><br \/>\n<\/body><\/p>\n","protected":false},"excerpt":{"rendered":"<p>La Habana, 29 mar (PL) El presidente de Cuba, Ra\u00fal Castro, destac\u00f3 hoy las relaciones de amistad entre la isla y Vietnam, tras recibir en esta capital la Orden Estrella Dorada, la m\u00e1xima distinci\u00f3n del pa\u00eds asi\u00e1tico. &#8216;La entra\u00f1able amistad entre Cuba y Vietnam ha superado la prueba del tiempo&#8217;, afirm\u00f3 el l\u00edder cubano en [&hellip;]<\/p>\n","protected":false},"author":3,"featured_media":0,"comment_status":"open","ping_status":"open","sticky":false,"template":"","format":"standard","meta":{"footnotes":""},"categories":[23],"tags":[],"class_list":["post-231190","post","type-post","status-publish","format-standard","hentry","category-internacional"],"_links":{"self":[{"href":"https:\/\/diariodominicano.com\/index.php?rest_route=\/wp\/v2\/posts\/231190","targetHints":{"allow":["GET"]}}],"collection":[{"href":"https:\/\/diariodominicano.com\/index.php?rest_route=\/wp\/v2\/posts"}],"about":[{"href":"https:\/\/diariodominicano.com\/index.php?rest_route=\/wp\/v2\/types\/post"}],"author":[{"embeddable":true,"href":"https:\/\/diariodominicano.com\/index.php?rest_route=\/wp\/v2\/users\/3"}],"replies":[{"embeddable":true,"href":"https:\/\/diariodominicano.com\/index.php?rest_route=%2Fwp%2Fv2%2Fcomments&post=231190"}],"version-history":[{"count":0,"href":"https:\/\/diariodominicano.com\/index.php?rest_route=\/wp\/v2\/posts\/231190\/revisions"}],"wp:attachment":[{"href":"https:\/\/diariodominicano.com\/index.php?rest_route=%2Fwp%2Fv2%2Fmedia&parent=231190"}],"wp:term":[{"taxonomy":"category","embeddable":true,"href":"https:\/\/diariodominicano.com\/index.php?rest_route=%2Fwp%2Fv2%2Fcategories&post=231190"},{"taxonomy":"post_tag","embeddable":true,"href":"https:\/\/diariodominicano.com\/index.php?rest_route=%2Fwp%2Fv2%2Ftags&post=231190"}],"curies":[{"name":"wp","href":"https:\/\/api.w.org\/{rel}","templated":true}]}}