{"id":231189,"date":"2018-03-30T00:23:05","date_gmt":"2018-03-30T00:23:05","guid":{"rendered":"http:\/\/diariodominicano.ddns.net\/?p=231189"},"modified":"2018-03-30T00:23:05","modified_gmt":"2018-03-30T00:23:05","slug":"consternacion-en-el-salvador-por-asesinato-de-joven-sacerdote","status":"publish","type":"post","link":"https:\/\/diariodominicano.com\/?p=231189","title":{"rendered":"Consternaci\u00f3n en El Salvador por asesinato de joven sacerdote"},"content":{"rendered":"<p><body><\/p>\n<p><strong>San Salvador, 30 mar (PL)<\/strong> El reciente asesinato de un joven sacerdote enluta hoy la celebraci\u00f3n del Viernes Santo en El Salvador, donde el tradicional tendido de las alfombras ser\u00e1 m\u00e1s luctuoso que festivo.<\/p>\n<\/p>\n<p>El padre Walter Osm\u00edn V\u00e1squez tuvo su propio V\u00eda Crucis en el poblado de Lolotique, donde presuntos &#8216;mareros&#8217; (pandilleros) interceptaron el carro que conduc\u00eda y lo asesinaron ante los ojos de sus acompa\u00f1antes, que salieron ilesos.<\/p>\n<\/p>\n<p>El crimen del religioso, justo el Jueves Santo y en este pa\u00eds marcado por el asesinato del padre Rutilio Grande y el Arzobispo Oscar Arnulfo Romero, ha consternado a una sociedad que no acaba de curarse de espanto.<\/p>\n<\/p>\n<p>El padre Walter ten\u00eda 31 a\u00f1os de edad y nueve dedicados al sacerdocio, y encontr\u00f3 la muerte en un tramo desolado del camino al caser\u00edo Las Lajas, a donde iba desde su parroquia en Usulut\u00e1n para oficiar la Eucarist\u00eda.<\/p>\n<\/p>\n<p>De momento la Polic\u00eda Nacional Civil baraja dos hip\u00f3tesis: se trat\u00f3 de un asalto o de un atentado directo contra el cura, y fue nombrado un fiscal que atender\u00e1 especialmente el caso, ampliamente condenado.<\/p>\n<\/p>\n<p>La Presidencia de la Rep\u00fablica conden\u00f3 en\u00e9rgicamente el asesinato y llam\u00f3 a las autoridades a reforzar la seguridad durante el resto de Semana Santa, que hasta ayer hab\u00eda transcurrido sin demasiados incidentes violentos.<\/p>\n<\/p>\n<p>Las fuerzas policiales peinan la zona en busca de los asesinos de V\u00e1zquez, que justo ayer hab\u00eda renovado sus votos al cumplirse nueve a\u00f1os de su ordenamiento, los cuales hab\u00eda celebrado con un almuerzo en Lolotique.<\/p>\n<\/p>\n<p>El Frente Farabundo Mart\u00ed para la Liberaci\u00f3n Nacional (FMLN) se sum\u00f3 a la repulsa contra el crimen, y destac\u00f3 que el padre Walter era un religioso comprometido con la causa de los pobres y m\u00e1s necesitados.<\/p>\n<\/p>\n<p>agp\/cmv<\/p>\n<h6> 2018-03-30 00:23:05 <\/h6>\n<p><!--\n<link rel=\"stylesheet\" href=\"css\/bootstrap.min.css\">\n\n\n<ul class=\"pagination\">\n\t    \n\t\n\n<li >\n\t<a href='?page_no=10825'>Previous<\/a>\n\t<\/li>\n\n\n       \n    \n\n<li><a href='?page_no=1'>1<\/a><\/li>\n\n\n\n<li><a href='?page_no=2'>2<\/a><\/li>\n\n\n\n<li><a>...<\/a><\/li>\n\n\n\n<li><a href='?page_no=10824'>10824<\/a><\/li>\n\n\n\n<li><a href='?page_no=10825'>10825<\/a><\/li>\n\n\n\n<li class='active'><a>10826<\/a><\/li>\n\n\n\n<li><a href='?page_no=10827'>10827<\/a><\/li>\n\n\n\n<li><a href='?page_no=10828'>10828<\/a><\/li>\n\n\n\n<li><a>...<\/a><\/li>\n\n\n\n<li><a href='?page_no=51012'>51012<\/a><\/li>\n\n\n\n<li><a href='?page_no=51013'>51013<\/a><\/li>\n\n    \n\t\n\n<li >\n\t<a href='?page_no=10827'>Next<\/a>\n\t<\/li>\n\n\n    \n\n<li><a href='?page_no=51013'>Last &rsaquo;&rsaquo;<\/a><\/li>\n\n<\/ul>\n\n\n--><br \/>\n<\/body><\/p>\n","protected":false},"excerpt":{"rendered":"<p>San Salvador, 30 mar (PL) El reciente asesinato de un joven sacerdote enluta hoy la celebraci\u00f3n del Viernes Santo en El Salvador, donde el tradicional tendido de las alfombras ser\u00e1 m\u00e1s luctuoso que festivo. El padre Walter Osm\u00edn V\u00e1squez tuvo su propio V\u00eda Crucis en el poblado de Lolotique, donde presuntos &#8216;mareros&#8217; (pandilleros) interceptaron el [&hellip;]<\/p>\n","protected":false},"author":3,"featured_media":0,"comment_status":"open","ping_status":"open","sticky":false,"template":"","format":"standard","meta":{"footnotes":""},"categories":[23],"tags":[],"class_list":["post-231189","post","type-post","status-publish","format-standard","hentry","category-internacional"],"_links":{"self":[{"href":"https:\/\/diariodominicano.com\/index.php?rest_route=\/wp\/v2\/posts\/231189","targetHints":{"allow":["GET"]}}],"collection":[{"href":"https:\/\/diariodominicano.com\/index.php?rest_route=\/wp\/v2\/posts"}],"about":[{"href":"https:\/\/diariodominicano.com\/index.php?rest_route=\/wp\/v2\/types\/post"}],"author":[{"embeddable":true,"href":"https:\/\/diariodominicano.com\/index.php?rest_route=\/wp\/v2\/users\/3"}],"replies":[{"embeddable":true,"href":"https:\/\/diariodominicano.com\/index.php?rest_route=%2Fwp%2Fv2%2Fcomments&post=231189"}],"version-history":[{"count":0,"href":"https:\/\/diariodominicano.com\/index.php?rest_route=\/wp\/v2\/posts\/231189\/revisions"}],"wp:attachment":[{"href":"https:\/\/diariodominicano.com\/index.php?rest_route=%2Fwp%2Fv2%2Fmedia&parent=231189"}],"wp:term":[{"taxonomy":"category","embeddable":true,"href":"https:\/\/diariodominicano.com\/index.php?rest_route=%2Fwp%2Fv2%2Fcategories&post=231189"},{"taxonomy":"post_tag","embeddable":true,"href":"https:\/\/diariodominicano.com\/index.php?rest_route=%2Fwp%2Fv2%2Ftags&post=231189"}],"curies":[{"name":"wp","href":"https:\/\/api.w.org\/{rel}","templated":true}]}}