{"id":231186,"date":"2018-03-30T08:17:50","date_gmt":"2018-03-30T08:17:50","guid":{"rendered":"http:\/\/diariodominicano.ddns.net\/?p=231186"},"modified":"2018-03-30T08:17:50","modified_gmt":"2018-03-30T08:17:50","slug":"bolivia-y-chile-a-la-espera-del-fallo-sobre-el-mar","status":"publish","type":"post","link":"https:\/\/diariodominicano.com\/?p=231186","title":{"rendered":"Bolivia y Chile a la espera del fallo sobre el mar"},"content":{"rendered":"<p><body><\/p>\n<p><img decoding=\"async\" src=\"img3\/la-haya.jpg\" \/>  <\/p>\n<p><strong> Por Laura Becquer Paseiro *<\/strong><\/p>\n<p><strong>La Paz (PL) L<\/strong>os anhelos de Bolivia se jugaron a m\u00e1s de 10 mil 290 kil\u00f3metros de distancia con contundentes argumentos jur\u00eddicos e hist\u00f3ricos y vigilia, optimismo y banderas gigantes alusivas al mar.<\/p>\n<\/p>\n<p>La Corte Internacional de Justicia (CIJ), en la ciudad holandesa de La Haya, fue sede a mediados de marzo de la \u00faltima fase de la demanda interpuesta por Bolivia contra Chile en 2013 para que este negocie de buena fe su pedido de un acceso soberano al oc\u00e9ano Pac\u00edfico.<\/p>\n<\/p>\n<p>Un siglo despu\u00e9s de la invasi\u00f3n chilena al entonces puerto boliviano de Antofagasta (1879), La Paz logr\u00f3 sentar a su contraparte en el tribunal de justicia m\u00e1s importante del mundo.<\/p>\n<\/p>\n<p>Aun cuando el prop\u00f3sito del contencioso es negociar una salida al oc\u00e9ano Pac\u00edfico, llegar a este punto del centenario diferendo es ya una victoria para el gobierno de Evo Morales.<\/p>\n<\/p>\n<p>De un lado, La Paz le exige a Santiago de Chile que dialogue para encontrar juntos una soluci\u00f3n a su mediterraneidad, condici\u00f3n vigente desde 1879. Del otro, y bas\u00e1ndose en el Tratado de 1904, el pa\u00eds austral esgrime que &#8216;no existe nada pendiente en materia lim\u00edtrofe con Bolivia&#8217;.<\/p>\n<\/p>\n<p>Ese acuerdo sell\u00f3 los l\u00edmites territoriales entre ambos pa\u00edses tras la Guerra del Pac\u00edfico (1879-1883) que perdi\u00f3 Bolivia e involucr\u00f3 tambi\u00e9n a Per\u00fa. Como resultado, el pa\u00eds ganador se hizo con 120 mil kil\u00f3metros de territorios ricos en minerales y 400 km de litoral. Una herida que para los bolivianos sigue abierta.<\/p>\n<\/p>\n<p>El equipo de juristas bolivianos y extranjeros -un todos estrellas si se leen sus respectivos curr\u00edculos- expuso ante la CIJ que el pedido no toca ni con el p\u00e9talo de una rosa la letra o el esp\u00edritu de ese documento.<\/p>\n<\/p>\n<p>Sin embargo, el canciller chileno Roberto Ampuero, quien lider\u00f3 la delegaci\u00f3n de su pa\u00eds, dijo que Bolivia pretende &#8216;desconocer los tratados&#8217;.<\/p>\n<\/p>\n<p>El pacto &#8216;de paz y amistad&#8217; concret\u00f3 el cercenamiento boliviano y, a cambio, Chile comprometi\u00f3 una serie de facilidades para que La Paz accediera al libre comercio a trav\u00e9s de los puertos de Arica y Antofagasta.<\/p>\n<\/p>\n<p>No obstante, Bolivia afirma que el Tratado de 1904 fue impuesto, injusto e insiste en que la demanda no es sobre ese documento hist\u00f3rico.<\/p>\n<\/p>\n<p>La comitiva boliviana, encabezada por el presidente Morales -fue la primera vez que un jefe de Estado asisti\u00f3 a una audiencia de ese tipo en la corte-, demostr\u00f3 con documentaci\u00f3n y hechos irrefutables que en varias ocasiones Chile reconoci\u00f3 que despu\u00e9s de todo no es mala idea sentarse y escuchar a su contraparte. La Paz apela al art\u00edculo 31 del Tratado Americano de Soluciones Pac\u00edficas (Pacto de Bogot\u00e1, vigente desde 1948) y cita una decena de compromisos escritos asumidos por altos representantes chilenos entre 1920 y 2010 para negociar ese pedido.<\/p>\n<\/p>\n<p>Por ejemplo, el jurista franc\u00e9s Mathias Forteau argument\u00f3 que Santiago reconoci\u00f3 en diciembre de 1975 que el objetivo de las negociaciones era llegar a una soluci\u00f3n definitiva a la mediterraneidad de Bolivia.<\/p>\n<\/p>\n<p>En su exposici\u00f3n el integrante del equipo jur\u00eddico boliviano cit\u00f3 a la Canciller\u00eda chilena cuando manifest\u00f3: &#8216;no podemos dar a una naci\u00f3n ni a las Am\u00e9ricas la impresi\u00f3n de que no estamos dispuestos a cumplir en la pr\u00e1ctica lo que de manera p\u00fablica hemos prometido&#8217;.<\/p>\n<\/p>\n<p>Por su parte, el abogado espa\u00f1ol Antonio Remiro detall\u00f3 a los jueces una serie de actas, cartas y memorandos diplom\u00e1ticos, rubricados por altas autoridades de ambos pa\u00edses, que consagraron a lo largo del pasado siglo acuerdos formales para restaurar el acceso boliviano al mar.<\/p>\n<\/p>\n<p>Remiro deplor\u00f3 que Chile pretenda desvirtuar los actos diplom\u00e1ticos de La Paz y Santiago del siglo XX en aras de la cesi\u00f3n de una porci\u00f3n de costa de entre cuatro y 20 kil\u00f3metros de los m\u00e1s de seis mil que el pa\u00eds trasandino posee en el oc\u00e9ano Pac\u00edfico.<\/p>\n<\/p>\n<p>El letrado reiter\u00f3 que Santiago carece de derecho y raz\u00f3n para desconocer los actos de sus autoridades y, mucho menos, para desentenderse de la obligaci\u00f3n de negociar.<\/p>\n<\/p>\n<p>La posici\u00f3n chilena ha sido cautelosa en ese tema. As\u00ed se demostr\u00f3 con la denominada Agenda de los 13 puntos negociada durante el primer mandato de Michelle Bachelet que inclu\u00eda el abordaje del tema mar\u00edtimo, pero nunca se concret\u00f3.<\/p>\n<\/p>\n<p>Con todo y las pruebas presentadas, Chile mantuvo su posici\u00f3n de no ceder un cent\u00edmetro de su espacio territorial y mar\u00edtimo.<\/p>\n<\/p>\n<p>En su contrademanda, la naci\u00f3n austral desestim\u00f3 reiteradamente el pedido boliviano al afirmar que ya facilita el comercio y acceso al mar a trav\u00e9s de sus puertos en el norte.<\/p>\n<\/p>\n<p>La comitiva chilena insisti\u00f3 en que Bolivia lleg\u00f3 pidiendo di\u00e1logo y termin\u00f3 hablando de que le deb\u00eda dar parte de su territorio.<\/p>\n<\/p>\n<p>Desde Santiago de Chile el presidente, Sebasti\u00e1n Pi\u00f1era, afirm\u00f3 que el Tratado de 1904 sigue vigente, mientras subray\u00f3 que no est\u00e1n en juego ni el territorio, ni el mar, ni la integridad, ni la soberan\u00eda de su pa\u00eds.<\/p>\n<\/p>\n<p>Concluida la fase de audiencias orales, los magistrados de La Haya tienen ahora -seg\u00fan la pr\u00e1ctica internacional- de cuatro a ocho meses para deliberar y emitir un fallo sobre la demanda.<\/p>\n<\/p>\n<p>Cualquiera que sea el resultado, el proceso demostr\u00f3 que de un lado Bolivia est\u00e1 unida y es coherente en su reclamo, y del otro, que Chile no pretende ceder ni un cent\u00edmetro de su espacio geogr\u00e1fico.<\/p>\n<\/p>\n<p>arb\/lbp <\/p>\n<\/p>\n<p>*Corresponsal de Prensa Latina en Bolivia.<\/p>\n<h6> 2018-03-30 08:17:50 <\/h6>\n<p><!--\n<link rel=\"stylesheet\" href=\"css\/bootstrap.min.css\">\n\n\n<ul class=\"pagination\">\n\t    \n\t\n\n<li >\n\t<a href='?page_no=10822'>Previous<\/a>\n\t<\/li>\n\n\n       \n    \n\n<li><a href='?page_no=1'>1<\/a><\/li>\n\n\n\n<li><a href='?page_no=2'>2<\/a><\/li>\n\n\n\n<li><a>...<\/a><\/li>\n\n\n\n<li><a href='?page_no=10821'>10821<\/a><\/li>\n\n\n\n<li><a href='?page_no=10822'>10822<\/a><\/li>\n\n\n\n<li class='active'><a>10823<\/a><\/li>\n\n\n\n<li><a href='?page_no=10824'>10824<\/a><\/li>\n\n\n\n<li><a href='?page_no=10825'>10825<\/a><\/li>\n\n\n\n<li><a>...<\/a><\/li>\n\n\n\n<li><a href='?page_no=51012'>51012<\/a><\/li>\n\n\n\n<li><a href='?page_no=51013'>51013<\/a><\/li>\n\n    \n\t\n\n<li >\n\t<a href='?page_no=10824'>Next<\/a>\n\t<\/li>\n\n\n    \n\n<li><a href='?page_no=51013'>Last &rsaquo;&rsaquo;<\/a><\/li>\n\n<\/ul>\n\n\n--><br \/>\n<\/body><\/p>\n","protected":false},"excerpt":{"rendered":"<p>Por Laura Becquer Paseiro * La Paz (PL) Los anhelos de Bolivia se jugaron a m\u00e1s de 10 mil 290 kil\u00f3metros de distancia con contundentes argumentos jur\u00eddicos e hist\u00f3ricos y vigilia, optimismo y banderas gigantes alusivas al mar. La Corte Internacional de Justicia (CIJ), en la ciudad holandesa de La Haya, fue sede a mediados [&hellip;]<\/p>\n","protected":false},"author":3,"featured_media":0,"comment_status":"open","ping_status":"open","sticky":false,"template":"","format":"standard","meta":{"footnotes":""},"categories":[23],"tags":[],"class_list":["post-231186","post","type-post","status-publish","format-standard","hentry","category-internacional"],"_links":{"self":[{"href":"https:\/\/diariodominicano.com\/index.php?rest_route=\/wp\/v2\/posts\/231186","targetHints":{"allow":["GET"]}}],"collection":[{"href":"https:\/\/diariodominicano.com\/index.php?rest_route=\/wp\/v2\/posts"}],"about":[{"href":"https:\/\/diariodominicano.com\/index.php?rest_route=\/wp\/v2\/types\/post"}],"author":[{"embeddable":true,"href":"https:\/\/diariodominicano.com\/index.php?rest_route=\/wp\/v2\/users\/3"}],"replies":[{"embeddable":true,"href":"https:\/\/diariodominicano.com\/index.php?rest_route=%2Fwp%2Fv2%2Fcomments&post=231186"}],"version-history":[{"count":0,"href":"https:\/\/diariodominicano.com\/index.php?rest_route=\/wp\/v2\/posts\/231186\/revisions"}],"wp:attachment":[{"href":"https:\/\/diariodominicano.com\/index.php?rest_route=%2Fwp%2Fv2%2Fmedia&parent=231186"}],"wp:term":[{"taxonomy":"category","embeddable":true,"href":"https:\/\/diariodominicano.com\/index.php?rest_route=%2Fwp%2Fv2%2Fcategories&post=231186"},{"taxonomy":"post_tag","embeddable":true,"href":"https:\/\/diariodominicano.com\/index.php?rest_route=%2Fwp%2Fv2%2Ftags&post=231186"}],"curies":[{"name":"wp","href":"https:\/\/api.w.org\/{rel}","templated":true}]}}