{"id":231185,"date":"2018-03-30T08:18:38","date_gmt":"2018-03-30T08:18:38","guid":{"rendered":"http:\/\/diariodominicano.ddns.net\/?p=231185"},"modified":"2018-03-30T08:18:38","modified_gmt":"2018-03-30T08:18:38","slug":"asesinan-a-sacerdote-mientras-realizaba-actividades-de-semana-santa-en-el-salvador","status":"publish","type":"post","link":"https:\/\/diariodominicano.com\/?p=231185","title":{"rendered":"Asesinan a sacerdote mientras realizaba actividades de Semana Santa en El Salvador"},"content":{"rendered":"<p><body><\/p>\n<p><img decoding=\"async\" src=\"img3\/WalterVasquez30.jpg\" \/>  <\/p>\n<p>POR DAVID RAMOS | ACI Prensa<\/p>\n<\/p>\n<p>Vaticano, 30 de marzo, 2018.- El P. Walter Osmir V\u00e1squez Jim\u00e9nez fue asesinado a balazos la tarde del 29 de marzo, Jueves Santo, en el cant\u00f3n Las Ventas, en el municipio de Lolotique, El Salvador, cuando se dirig\u00eda a celebrar la Santa Misa.<\/p>\n<\/p>\n<p>El Vicario de Comunicaciones del Arzobispado de San Salvador, P. Sime\u00f3n Reyes, lament\u00f3, a trav\u00e9s de su cuenta en Twitter, el asesinato del P. V\u00e1squez Jim\u00e9nez, ocurrido \u00abmientras se dirig\u00eda a celebrar los actos de Semana Santa\u00bb.<\/p>\n<\/p>\n<p>El Arzobispado de San Salvador expres\u00f3 tambi\u00e9n \u00absu dolor por el asesinato del sacerdote Walter V\u00e1squez. Expresamos nuestra solidaridad a la Di\u00f3cesis de Santiago de Mar\u00eda y a sus familiares\u00bb.<\/p>\n<\/p>\n<p>\u00abExigimos a las autoridades correspondientes el esclarecimiento de los hechos\u00bb, a\u00f1adi\u00f3.<\/p>\n<\/p>\n<p>De acuerdo a la Polic\u00eda Nacional Civil de El Salvador, el sacerdote, de 36 a\u00f1os, fue interceptado y asesinado \u00abcuando se conduc\u00eda a bordo de un veh\u00edculo a oficiar una Misa en un lugar conocido como La Casona\u00bb.<\/p>\n<\/p>\n<p>La prensa local atribuye el crimen a pandilleros de la zona.<\/p>\n<\/p>\n<p>La Presidencia de El Salvador expres\u00f3 \u00absus condolencias a la familia del padre V\u00e1squez Jim\u00e9nez y a toda la comunidad cat\u00f3lica del pa\u00eds\u00bb.<\/p>\n<\/p>\n<p>El gobierno salvadore\u00f1o asegur\u00f3 que se ha instruido a la polic\u00eda \u00abpara que realice un reforzamiento de la seguridad en Lolotique y en todas las celebraciones religiosas a nivel nacional\u00bb.<\/p>\n<\/p>\n<p>Adem\u00e1s, se ha ordenado \u00abuna r\u00e1pida y profunda investigaci\u00f3n del caso hasta dar con los culpables para llevarlos pronto ante la justicia\u00bb.<\/p>\n<\/p>\n<p>La Di\u00f3cesis de Santiago de Mar\u00eda explic\u00f3 que el P. V\u00e1squez Jim\u00e9nez \u00abera vicario parroquial en la Parroquia Nuestra Se\u00f1ora de la Merced, Municipio de Mercedes Uma\u00f1a, y esta semana hab\u00eda sido destinado a colaborar durante la Semana Santa en la Parroquia Sant\u00edsima Trinidad, Municipio de Lolotique\u00bb.<\/p>\n<\/p>\n<p>\u00abExpresamos nuestra condolencia y solidaridad\u00bb a la familia del sacerdote y a los fieles a los que atend\u00eda, expres\u00f3 la di\u00f3cesis salvadore\u00f1a.<\/p>\n<\/p>\n<p>\u00abCondenamos la violencia de todo tipo\u00bb, expres\u00f3 en el comunicado, al tiempo que agradeci\u00f3 \u00abla disponibilidad de las autoridades ante tan sacr\u00edlego hecho\u00bb, para \u00abdar con los responsables del crimen y que se haga justicia\u00bb.<\/p>\n<\/p>\n<p>\u00abEstamos ultimando los detalles para la velaci\u00f3n y exequias del padre Walter, y en el momento oportuno comunicaremos los detalles\u00bb, se\u00f1al\u00f3 la Di\u00f3cesis de Santiago de Mar\u00eda.<\/p>\n<\/p>\n<h6> 2018-03-30 08:18:38 <\/h6>\n<p><!--\n<link rel=\"stylesheet\" href=\"css\/bootstrap.min.css\">\n\n\n<ul class=\"pagination\">\n\t    \n\t\n\n<li >\n\t<a href='?page_no=10821'>Previous<\/a>\n\t<\/li>\n\n\n       \n    \n\n<li><a href='?page_no=1'>1<\/a><\/li>\n\n\n\n<li><a href='?page_no=2'>2<\/a><\/li>\n\n\n\n<li><a>...<\/a><\/li>\n\n\n\n<li><a href='?page_no=10820'>10820<\/a><\/li>\n\n\n\n<li><a href='?page_no=10821'>10821<\/a><\/li>\n\n\n\n<li class='active'><a>10822<\/a><\/li>\n\n\n\n<li><a href='?page_no=10823'>10823<\/a><\/li>\n\n\n\n<li><a href='?page_no=10824'>10824<\/a><\/li>\n\n\n\n<li><a>...<\/a><\/li>\n\n\n\n<li><a href='?page_no=51012'>51012<\/a><\/li>\n\n\n\n<li><a href='?page_no=51013'>51013<\/a><\/li>\n\n    \n\t\n\n<li >\n\t<a href='?page_no=10823'>Next<\/a>\n\t<\/li>\n\n\n    \n\n<li><a href='?page_no=51013'>Last &rsaquo;&rsaquo;<\/a><\/li>\n\n<\/ul>\n\n\n--><br \/>\n<\/body><\/p>\n","protected":false},"excerpt":{"rendered":"<p>POR DAVID RAMOS | ACI Prensa Vaticano, 30 de marzo, 2018.- El P. Walter Osmir V\u00e1squez Jim\u00e9nez fue asesinado a balazos la tarde del 29 de marzo, Jueves Santo, en el cant\u00f3n Las Ventas, en el municipio de Lolotique, El Salvador, cuando se dirig\u00eda a celebrar la Santa Misa. El Vicario de Comunicaciones del Arzobispado [&hellip;]<\/p>\n","protected":false},"author":3,"featured_media":0,"comment_status":"open","ping_status":"open","sticky":false,"template":"","format":"standard","meta":{"footnotes":""},"categories":[23],"tags":[],"class_list":["post-231185","post","type-post","status-publish","format-standard","hentry","category-internacional"],"_links":{"self":[{"href":"https:\/\/diariodominicano.com\/index.php?rest_route=\/wp\/v2\/posts\/231185","targetHints":{"allow":["GET"]}}],"collection":[{"href":"https:\/\/diariodominicano.com\/index.php?rest_route=\/wp\/v2\/posts"}],"about":[{"href":"https:\/\/diariodominicano.com\/index.php?rest_route=\/wp\/v2\/types\/post"}],"author":[{"embeddable":true,"href":"https:\/\/diariodominicano.com\/index.php?rest_route=\/wp\/v2\/users\/3"}],"replies":[{"embeddable":true,"href":"https:\/\/diariodominicano.com\/index.php?rest_route=%2Fwp%2Fv2%2Fcomments&post=231185"}],"version-history":[{"count":0,"href":"https:\/\/diariodominicano.com\/index.php?rest_route=\/wp\/v2\/posts\/231185\/revisions"}],"wp:attachment":[{"href":"https:\/\/diariodominicano.com\/index.php?rest_route=%2Fwp%2Fv2%2Fmedia&parent=231185"}],"wp:term":[{"taxonomy":"category","embeddable":true,"href":"https:\/\/diariodominicano.com\/index.php?rest_route=%2Fwp%2Fv2%2Fcategories&post=231185"},{"taxonomy":"post_tag","embeddable":true,"href":"https:\/\/diariodominicano.com\/index.php?rest_route=%2Fwp%2Fv2%2Ftags&post=231185"}],"curies":[{"name":"wp","href":"https:\/\/api.w.org\/{rel}","templated":true}]}}