{"id":231183,"date":"2018-03-30T08:30:40","date_gmt":"2018-03-30T08:30:40","guid":{"rendered":"http:\/\/diariodominicano.ddns.net\/?p=231183"},"modified":"2018-03-30T08:30:40","modified_gmt":"2018-03-30T08:30:40","slug":"independentismo-catalan-insiste-en-nombrar-presidente-a-puigdemont","status":"publish","type":"post","link":"https:\/\/diariodominicano.com\/?p=231183","title":{"rendered":"Independentismo catal\u00e1n insiste en nombrar presidente a Puigdemont"},"content":{"rendered":"<p><body><\/p>\n<p><img decoding=\"async\" src=\"img3\/Carles-Puigdemont.jpg\" \/>  <\/p>\n<p><strong> Madrid, 30 mar (PL)<\/strong> Un sector del independentismo conservador de Catalu\u00f1a persiste hoy en postular al cesado mandatario Carles Puigdemont a la presidencia de esa regi\u00f3n espa\u00f1ola, pese a los casi infranqueables obst\u00e1culos pol\u00edticos y jur\u00eddicos en su contra.<\/p>\n<\/p>\n<p>Video de Europa Press En entrevista concedida a la agencia de noticias Europa Press, el vicepresidente primero del parlamento catal\u00e1n, Josep Costa, afirm\u00f3 este viernes que la intenci\u00f3n de su grupo, Junts per Catalunya (JxCat), sigue siendo investir como presidente a Puigdemont.<\/p>\n<\/p>\n<p>Costa advirti\u00f3 que, si finalmente JxCat -coalici\u00f3n electoral del depuesto gobernante- elige otro candidato, se tratar\u00eda de una opci\u00f3n transitoria.<\/p>\n<\/p>\n<p>&#8216;Lo que quiero transmitir claramente es que cualquier soluci\u00f3n que no sea el presidente Puigdemont ser\u00e1 provisional&#8217;, enfatiz\u00f3 el tambi\u00e9n profesor universitario y jurista de formaci\u00f3n.<\/p>\n<\/p>\n<p>Resultado de una fusi\u00f3n entre militantes del Partido Dem\u00f3crata Europeo Catal\u00e1n (derecha catalana) e independientes, Junts per Catalunya fue la lista con la que se present\u00f3 el l\u00edder secesionista a las elecciones auton\u00f3micas del pasado 21 de diciembre.<\/p>\n<\/p>\n<p>En esos comicios, convocados por el gobierno espa\u00f1ol para intentar frenar las aspiraciones separatistas de las autoridades de esa comunidad aut\u00f3noma del noreste del pa\u00eds, el independentismo revalid\u00f3 su mayor\u00eda absoluta en el parlamento regional.<\/p>\n<\/p>\n<p>El vicepresidente primero de la c\u00e1mara descart\u00f3 que el otrora mandatario renuncie a su esca\u00f1o para facilitar la investidura de otro pretendiente.<\/p>\n<\/p>\n<p>Record\u00f3 que en ese hipot\u00e9tico caso se truncar\u00eda el plan de llevarlo nuevamente a capitanear la Generalitat (autogobierno catal\u00e1n) en alg\u00fan momento de la legislatura, pues la ley obliga a que el candidato sea diputado.<\/p>\n<\/p>\n<p>No entender\u00edamos que ninguno de nuestros socios nos pida ese supuesto, subray\u00f3 Costa en alusi\u00f3n a Esquerra Republica y a la Candidatura de Unidad Popular, las otras dos fuerzas soberanistas.<\/p>\n<\/p>\n<p>Procesado en Espa\u00f1a por rebeli\u00f3n y malversaci\u00f3n de fondos en el marco del proceso secesionista, Puigdemont fue detenido el pasado domingo en Alemania y enviado a prisi\u00f3n mientras la fiscal\u00eda del estado de Schleswig Holstein estudia su eventual extradici\u00f3n.<\/p>\n<\/p>\n<p>mem\/edu<\/p>\n<h6> 2018-03-30 08:30:40 <\/h6>\n<p><!--\n<link rel=\"stylesheet\" href=\"css\/bootstrap.min.css\">\n\n\n<ul class=\"pagination\">\n\t    \n\t\n\n<li >\n\t<a href='?page_no=10819'>Previous<\/a>\n\t<\/li>\n\n\n       \n    \n\n<li><a href='?page_no=1'>1<\/a><\/li>\n\n\n\n<li><a href='?page_no=2'>2<\/a><\/li>\n\n\n\n<li><a>...<\/a><\/li>\n\n\n\n<li><a href='?page_no=10818'>10818<\/a><\/li>\n\n\n\n<li><a href='?page_no=10819'>10819<\/a><\/li>\n\n\n\n<li class='active'><a>10820<\/a><\/li>\n\n\n\n<li><a href='?page_no=10821'>10821<\/a><\/li>\n\n\n\n<li><a href='?page_no=10822'>10822<\/a><\/li>\n\n\n\n<li><a>...<\/a><\/li>\n\n\n\n<li><a href='?page_no=51012'>51012<\/a><\/li>\n\n\n\n<li><a href='?page_no=51013'>51013<\/a><\/li>\n\n    \n\t\n\n<li >\n\t<a href='?page_no=10821'>Next<\/a>\n\t<\/li>\n\n\n    \n\n<li><a href='?page_no=51013'>Last &rsaquo;&rsaquo;<\/a><\/li>\n\n<\/ul>\n\n\n--><br \/>\n<\/body><\/p>\n","protected":false},"excerpt":{"rendered":"<p>Madrid, 30 mar (PL) Un sector del independentismo conservador de Catalu\u00f1a persiste hoy en postular al cesado mandatario Carles Puigdemont a la presidencia de esa regi\u00f3n espa\u00f1ola, pese a los casi infranqueables obst\u00e1culos pol\u00edticos y jur\u00eddicos en su contra. Video de Europa Press En entrevista concedida a la agencia de noticias Europa Press, el vicepresidente [&hellip;]<\/p>\n","protected":false},"author":3,"featured_media":0,"comment_status":"open","ping_status":"open","sticky":false,"template":"","format":"standard","meta":{"footnotes":""},"categories":[23],"tags":[],"class_list":["post-231183","post","type-post","status-publish","format-standard","hentry","category-internacional"],"_links":{"self":[{"href":"https:\/\/diariodominicano.com\/index.php?rest_route=\/wp\/v2\/posts\/231183","targetHints":{"allow":["GET"]}}],"collection":[{"href":"https:\/\/diariodominicano.com\/index.php?rest_route=\/wp\/v2\/posts"}],"about":[{"href":"https:\/\/diariodominicano.com\/index.php?rest_route=\/wp\/v2\/types\/post"}],"author":[{"embeddable":true,"href":"https:\/\/diariodominicano.com\/index.php?rest_route=\/wp\/v2\/users\/3"}],"replies":[{"embeddable":true,"href":"https:\/\/diariodominicano.com\/index.php?rest_route=%2Fwp%2Fv2%2Fcomments&post=231183"}],"version-history":[{"count":0,"href":"https:\/\/diariodominicano.com\/index.php?rest_route=\/wp\/v2\/posts\/231183\/revisions"}],"wp:attachment":[{"href":"https:\/\/diariodominicano.com\/index.php?rest_route=%2Fwp%2Fv2%2Fmedia&parent=231183"}],"wp:term":[{"taxonomy":"category","embeddable":true,"href":"https:\/\/diariodominicano.com\/index.php?rest_route=%2Fwp%2Fv2%2Fcategories&post=231183"},{"taxonomy":"post_tag","embeddable":true,"href":"https:\/\/diariodominicano.com\/index.php?rest_route=%2Fwp%2Fv2%2Ftags&post=231183"}],"curies":[{"name":"wp","href":"https:\/\/api.w.org\/{rel}","templated":true}]}}