{"id":231181,"date":"2018-03-30T08:46:14","date_gmt":"2018-03-30T08:46:14","guid":{"rendered":"http:\/\/diariodominicano.ddns.net\/?p=231181"},"modified":"2018-03-30T08:46:14","modified_gmt":"2018-03-30T08:46:14","slug":"17-muertos-un-en-accidente-de-autobus-que-transportaba-migrantes-en-turquia","status":"publish","type":"post","link":"https:\/\/diariodominicano.com\/?p=231181","title":{"rendered":"17 muertos un en accidente de autob\u00fas que transportaba migrantes en Turqu\u00eda"},"content":{"rendered":"<p><body><\/p>\n<p><img decoding=\"async\" src=\"img3\/6b1ff4425c46de8aff74766a2ade7363bd98c59b.jpg\" \/><br \/><img decoding=\"async\" src=\"img3\/4bdde1ab6bad21c8cfdbc14478040deb233df9a0.jpg\" \/>  <\/p>\n<p>AFP \/ AFP<\/p>\n<p>Localizaci\u00f3n del accidente de un minib\u00fas que transportaba a migrantes clandestinos en el este de Turqu\u00eda<\/p>\n<p>Al menos 17 personas murieron y otras 36 resultaron heridas en el este de Turqu\u00eda en el accidente de un minib\u00fas que transportaba a migrantes clandestinos de Pakist\u00e1n, Afganist\u00e1n e Ir\u00e1n, inform\u00f3 este viernes la agencia de noticias Anadolu.<\/p>\n<\/p>\n<p>El accidente tuvo lugar el jueves por la noche en la provincia de Igdir, afirm\u00f3 Anadolu, precisando que hab\u00eda m\u00e1s de 50 personas a bordo de un veh\u00edculo concebido para transportar solo a 14 pasajeros.<\/p>\n<\/p>\n<p>El minib\u00fas, que hab\u00eda hecho cruzar a los migrantes desde Ir\u00e1n, se incendi\u00f3 despu\u00e9s de chocar contra una farola. Diecisiete personas murieron, algunas quemadas, y otras 36 resultaron heridas y fueron evacuadas al hospital.<\/p>\n<\/p>\n<p>AFP\/Archivos \/ Ozan Kose<\/p>\n<p>El accidente tuvo lugar el jueves por la noche en la provincia de Igdir, afirm\u00f3 Anadolu, precisando que hab\u00eda m\u00e1s de 50 personas a bordo de un veh\u00edculo concebido para transportar solo a 14 pasajeros<\/p>\n<p>No se conoc\u00eda por el momento la identidad del conductor, seg\u00fan Anadolu, y se abri\u00f3 una investigaci\u00f3n para determinar las circunstancias exactas del accidente.<\/p>\n<\/p>\n<p>Las fuerzas de seguridad detuvieron por otra parte a 13 migrantes clandestinos que viajaban en un segundo minib\u00fas que circulaba con el veh\u00edculo accidentado, agreg\u00f3 la agencia de noticias.<\/p>\n<\/p>\n<p>Fotograf\u00edas publicadas en los medios turcos mostraban la carcasa del veh\u00edculo enteramente carbonizado.<\/p>\n<\/p>\n<p>Los accidentes de tr\u00e1fico son frecuentes en Turqu\u00eda, donde 3.530 personas murieron en las carreteras en 2017, seg\u00fan la televisi\u00f3n p\u00fablica turca.<\/p>\n<h6> 2018-03-30 08:46:14 <\/h6>\n<p><!--\n<link rel=\"stylesheet\" href=\"css\/bootstrap.min.css\">\n\n\n<ul class=\"pagination\">\n\t    \n\t\n\n<li >\n\t<a href='?page_no=10818'>Previous<\/a>\n\t<\/li>\n\n\n       \n    \n\n<li><a href='?page_no=1'>1<\/a><\/li>\n\n\n\n<li><a href='?page_no=2'>2<\/a><\/li>\n\n\n\n<li><a>...<\/a><\/li>\n\n\n\n<li><a href='?page_no=10817'>10817<\/a><\/li>\n\n\n\n<li><a href='?page_no=10818'>10818<\/a><\/li>\n\n\n\n<li class='active'><a>10819<\/a><\/li>\n\n\n\n<li><a href='?page_no=10820'>10820<\/a><\/li>\n\n\n\n<li><a href='?page_no=10821'>10821<\/a><\/li>\n\n\n\n<li><a>...<\/a><\/li>\n\n\n\n<li><a href='?page_no=51012'>51012<\/a><\/li>\n\n\n\n<li><a href='?page_no=51013'>51013<\/a><\/li>\n\n    \n\t\n\n<li >\n\t<a href='?page_no=10820'>Next<\/a>\n\t<\/li>\n\n\n    \n\n<li><a href='?page_no=51013'>Last &rsaquo;&rsaquo;<\/a><\/li>\n\n<\/ul>\n\n\n--><br \/>\n<\/body><\/p>\n","protected":false},"excerpt":{"rendered":"<p>AFP \/ AFP Localizaci\u00f3n del accidente de un minib\u00fas que transportaba a migrantes clandestinos en el este de Turqu\u00eda Al menos 17 personas murieron y otras 36 resultaron heridas en el este de Turqu\u00eda en el accidente de un minib\u00fas que transportaba a migrantes clandestinos de Pakist\u00e1n, Afganist\u00e1n e Ir\u00e1n, inform\u00f3 este viernes la agencia [&hellip;]<\/p>\n","protected":false},"author":3,"featured_media":0,"comment_status":"open","ping_status":"open","sticky":false,"template":"","format":"standard","meta":{"footnotes":""},"categories":[23],"tags":[],"class_list":["post-231181","post","type-post","status-publish","format-standard","hentry","category-internacional"],"_links":{"self":[{"href":"https:\/\/diariodominicano.com\/index.php?rest_route=\/wp\/v2\/posts\/231181","targetHints":{"allow":["GET"]}}],"collection":[{"href":"https:\/\/diariodominicano.com\/index.php?rest_route=\/wp\/v2\/posts"}],"about":[{"href":"https:\/\/diariodominicano.com\/index.php?rest_route=\/wp\/v2\/types\/post"}],"author":[{"embeddable":true,"href":"https:\/\/diariodominicano.com\/index.php?rest_route=\/wp\/v2\/users\/3"}],"replies":[{"embeddable":true,"href":"https:\/\/diariodominicano.com\/index.php?rest_route=%2Fwp%2Fv2%2Fcomments&post=231181"}],"version-history":[{"count":0,"href":"https:\/\/diariodominicano.com\/index.php?rest_route=\/wp\/v2\/posts\/231181\/revisions"}],"wp:attachment":[{"href":"https:\/\/diariodominicano.com\/index.php?rest_route=%2Fwp%2Fv2%2Fmedia&parent=231181"}],"wp:term":[{"taxonomy":"category","embeddable":true,"href":"https:\/\/diariodominicano.com\/index.php?rest_route=%2Fwp%2Fv2%2Fcategories&post=231181"},{"taxonomy":"post_tag","embeddable":true,"href":"https:\/\/diariodominicano.com\/index.php?rest_route=%2Fwp%2Fv2%2Ftags&post=231181"}],"curies":[{"name":"wp","href":"https:\/\/api.w.org\/{rel}","templated":true}]}}