{"id":231179,"date":"2018-03-30T09:19:55","date_gmt":"2018-03-30T09:19:55","guid":{"rendered":"http:\/\/diariodominicano.ddns.net\/?p=231179"},"modified":"2018-03-30T09:19:55","modified_gmt":"2018-03-30T09:19:55","slug":"macedonia-y-grecia-buscan-el-camino-de-la-reconciliacion","status":"publish","type":"post","link":"https:\/\/diariodominicano.com\/?p=231179","title":{"rendered":"Macedonia y Grecia buscan el camino de la reconciliaci\u00f3n"},"content":{"rendered":"<p><body><\/p>\n<p><img decoding=\"async\" src=\"img3\/3c091fb3a06614e63dd52b85d8c5ce3cab6f67af.jpg\" \/><br \/><img decoding=\"async\" src=\"img3\/0ebc8a0cd9c7b2467efe8dbc7b229e076c4ae218.jpg\" \/>  <\/p>\n<p>APA\/AFP \/ HERBERT NEUBAUER<\/p>\n<p>El ministro macedonio de Relaciones Exteriores Nikola Dimitrov, el emisario de la ONU Matthew Nimetz y los jefes de la diplomacia austriaca Karin Kneisslet y griega Nikos Kotzias en Viena, el 30 de marzo de 2018<\/p>\n<p>La carretera macedonia que conduce a Grecia acaba de ser rebautizada \u00abautopista de la amistad\u00bb, prueba de que Skopie y Atenas desean resolver su diferendo sobre la palabra \u00abMacedonia\u00bb, objeto de una importante reuni\u00f3n en Viena.<\/p>\n<\/p>\n<p>Las conversaciones se iniciaron este viernes en la capital austriaca entre los ministros de Relaciones Exteriores griego y macedonio, Nikos Kotzias y Nikola Dimitrov, en presencia del emisario de la ONU, Matthew Nimetz.<\/p>\n<\/p>\n<p>Desde que la exrep\u00fablica yugoslava declar\u00f3 su independencia en 1991, los griegos le niegan el derecho a utilizar el nombre de \u00abMacedonia\u00bb que, seg\u00fan ellos, solamente puede referirse a su provincia septentrional.<\/p>\n<\/p>\n<p>Este litigio frena, adem\u00e1s, las ambiciones de adhesi\u00f3n de Macedonia a la Uni\u00f3n Europea y la OTAN.<\/p>\n<\/p>\n<p>En la ONU, el pa\u00eds sigue siendo designado bajo el acr\u00f3nimo de ARYM (Antigua Rep\u00fablica Yugoslava de Macedonia, o FYROM por sus siglas en ingl\u00e9s).<\/p>\n<\/p>\n<p>Los griegos tambi\u00e9n les niegan el derecho a reivindicar la herencia de los antiguos reyes Alejandro Magno y Filipo de Macedonia.<\/p>\n<\/p>\n<p>Entre los nombres m\u00e1s habitualmente citados por los medios de ambos pa\u00edses figura en particular \u00abGorna Makedonija\u00bb, \u00abAlta Macedonia\u00bb.<\/p>\n<\/p>\n<p>&#8211; Determinaci\u00f3n com\u00fan &#8211;<\/p>\n<\/p>\n<p>AFP \/ Kun TIAN<\/p>\n<p>Macedonia<\/p>\n<p>Ahora hay una \u00abdeterminaci\u00f3n com\u00fan de los primeros ministros Alexis Tsipras y Zoran Zaev para resolver el problema\u00bb explica el polit\u00f3logo macedonio Nano Ruzin, exembajador de su pa\u00eds en la OTAN.<\/p>\n<\/p>\n<p>Pero las rigideces nacionalistas siguen presentes en ambas partes. Se reflejaron en Grecia con recientes manifestaciones gigantes en Atenas y Tesal\u00f3nica, capital de la provincia griega de Macedonia, con las amenazas dirigidas al ministro Nikos Kotzias o por el sondeo que apareci\u00f3 el domingo seg\u00fan el cual siete de cada 10 griegos ser\u00edan hostiles a un nombre que incluya el t\u00e9rmino Macedonia o un derivado.<\/p>\n<\/p>\n<p>En Skopie, el tema puede convertirse en un posible instrumento para que la oposici\u00f3n de derecha nacionalista (VMRO-DPMNE) fragilice al gobierno, que cuenta con una mayor\u00eda reducida. El VMRO-DMPNE \u00abapoya el proceso\u00bb negociador, dice uno de sus responsables, Aleksandar Nikoloski, que se queja en cambio de que \u00abel partido en el poder no nos consulte m\u00e1s\u00bb.<\/p>\n<\/p>\n<p>Pero todav\u00eda hay serios obst\u00e1culos. Atenas exige que el cambio de nombre de su vecino sea validado por un cambio constitucional, y que se aplique a todos en todas partes, seg\u00fan el principio jur\u00eddico del \u00abErga Omnes\u00bb.<\/p>\n<\/p>\n<p>&#8211; Peligroso refer\u00e9ndum &#8211;<\/p>\n<\/p>\n<p>Sin embargo, incluso con el apoyo de los partidos de la minor\u00eda albanesa, los socialdem\u00f3cratas que lideran el gobierno de Zoran Zaev no tienen una mayor\u00eda en el parlamento que les permita que se acepte un cambio constitucional. Y un refer\u00e9ndum se antoja muy peligroso, seg\u00fan los analistas.<\/p>\n<\/p>\n<p>Los macedonios esperan que un progreso en estas negociaciones les acerque a una adhesi\u00f3n a la UE -los fondos europeos ser\u00edan cruciales para su exang\u00fce econom\u00eda- y tambi\u00e9n a la OTAN.<\/p>\n<\/p>\n<p>\u00abEn un compromiso honorable, no se puede obtener todo lo que uno quiere\u00bb, afirm\u00f3 Nikos Kotzias tras su \u00faltimo encuentro con su hom\u00f3logo macedonio Nikola Dimitrov, la semana pasada en Skopie. El ministro griego acept\u00f3 aterrizar en la capital macedonia despu\u00e9s de que las autoridades locales aceptaron que dejara de llamarse Alejandro Magno.<\/p>\n<\/p>\n<p>En las calles de Skopie, Ana Bogoeva, inform\u00e1tica de 25 a\u00f1os, destaca que tiene la misma edad que este diferendo: \u00abCambiemos de nombre y pasemos a otra cosa. Pero yo soy macedonia y eso es algo que no puede cambiarse\u00bb, dice, con un cierto tono de desaf\u00edo en la voz.<\/p>\n<h6> 2018-03-30 09:19:55 <\/h6>\n<p><!--\n<link rel=\"stylesheet\" href=\"css\/bootstrap.min.css\">\n\n\n<ul class=\"pagination\">\n\t    \n\t\n\n<li >\n\t<a href='?page_no=10816'>Previous<\/a>\n\t<\/li>\n\n\n       \n    \n\n<li><a href='?page_no=1'>1<\/a><\/li>\n\n\n\n<li><a href='?page_no=2'>2<\/a><\/li>\n\n\n\n<li><a>...<\/a><\/li>\n\n\n\n<li><a href='?page_no=10815'>10815<\/a><\/li>\n\n\n\n<li><a href='?page_no=10816'>10816<\/a><\/li>\n\n\n\n<li class='active'><a>10817<\/a><\/li>\n\n\n\n<li><a href='?page_no=10818'>10818<\/a><\/li>\n\n\n\n<li><a href='?page_no=10819'>10819<\/a><\/li>\n\n\n\n<li><a>...<\/a><\/li>\n\n\n\n<li><a href='?page_no=51012'>51012<\/a><\/li>\n\n\n\n<li><a href='?page_no=51013'>51013<\/a><\/li>\n\n    \n\t\n\n<li >\n\t<a href='?page_no=10818'>Next<\/a>\n\t<\/li>\n\n\n    \n\n<li><a href='?page_no=51013'>Last &rsaquo;&rsaquo;<\/a><\/li>\n\n<\/ul>\n\n\n--><br \/>\n<\/body><\/p>\n","protected":false},"excerpt":{"rendered":"<p>APA\/AFP \/ HERBERT NEUBAUER El ministro macedonio de Relaciones Exteriores Nikola Dimitrov, el emisario de la ONU Matthew Nimetz y los jefes de la diplomacia austriaca Karin Kneisslet y griega Nikos Kotzias en Viena, el 30 de marzo de 2018 La carretera macedonia que conduce a Grecia acaba de ser rebautizada \u00abautopista de la amistad\u00bb, [&hellip;]<\/p>\n","protected":false},"author":3,"featured_media":0,"comment_status":"open","ping_status":"open","sticky":false,"template":"","format":"standard","meta":{"footnotes":""},"categories":[23],"tags":[],"class_list":["post-231179","post","type-post","status-publish","format-standard","hentry","category-internacional"],"_links":{"self":[{"href":"https:\/\/diariodominicano.com\/index.php?rest_route=\/wp\/v2\/posts\/231179","targetHints":{"allow":["GET"]}}],"collection":[{"href":"https:\/\/diariodominicano.com\/index.php?rest_route=\/wp\/v2\/posts"}],"about":[{"href":"https:\/\/diariodominicano.com\/index.php?rest_route=\/wp\/v2\/types\/post"}],"author":[{"embeddable":true,"href":"https:\/\/diariodominicano.com\/index.php?rest_route=\/wp\/v2\/users\/3"}],"replies":[{"embeddable":true,"href":"https:\/\/diariodominicano.com\/index.php?rest_route=%2Fwp%2Fv2%2Fcomments&post=231179"}],"version-history":[{"count":0,"href":"https:\/\/diariodominicano.com\/index.php?rest_route=\/wp\/v2\/posts\/231179\/revisions"}],"wp:attachment":[{"href":"https:\/\/diariodominicano.com\/index.php?rest_route=%2Fwp%2Fv2%2Fmedia&parent=231179"}],"wp:term":[{"taxonomy":"category","embeddable":true,"href":"https:\/\/diariodominicano.com\/index.php?rest_route=%2Fwp%2Fv2%2Fcategories&post=231179"},{"taxonomy":"post_tag","embeddable":true,"href":"https:\/\/diariodominicano.com\/index.php?rest_route=%2Fwp%2Fv2%2Ftags&post=231179"}],"curies":[{"name":"wp","href":"https:\/\/api.w.org\/{rel}","templated":true}]}}