{"id":231177,"date":"2018-03-30T15:53:43","date_gmt":"2018-03-30T15:53:43","guid":{"rendered":"http:\/\/diariodominicano.ddns.net\/?p=231177"},"modified":"2018-03-30T15:53:43","modified_gmt":"2018-03-30T15:53:43","slug":"el-clima-social-se-enrarece-en-francia-con-nuevas-huelgas","status":"publish","type":"post","link":"https:\/\/diariodominicano.com\/?p=231177","title":{"rendered":"El clima social se enrarece en Francia con nuevas huelgas&#13;"},"content":{"rendered":"<p><body><\/p>\n<p><img decoding=\"async\" src=\"img3\/a6f467682d2df9cb3f3d5d5ab2c3e48a84b9fd87.jpg\" \/><br \/><img decoding=\"async\" src=\"img3\/d78e1d7ce796c37f660bc8f673ae12bd0d9b6588.jpg\" \/>  <\/p>\n<\/p>\n<p>AFP \/ Alain Jocard<\/p>\n<p>Abogadas y magistradas sostienen un cartel que reza \u00abMacron me mat\u00f3. Firmado: la justicia\u00bb durante una protesta a la entrada de un tribunal en Nanterre, este viernes 30 de marzo a las afueras de Par\u00eds<\/p>\n<p>El clima social se enrarece en Francia, donde este viernes hubo una huelga de Air France y los tribunales protestaron contra las reformas del presidente Emmanuel Macron.<\/p>\n<\/p>\n<p>Por tercera vez en un mes, la compa\u00f1\u00eda Air France tuvo que anular una cuarta parte de sus vuelos el viernes mientras el personal contin\u00faa sus medidas para reclamar un aumento general de sus salarios.<\/p>\n<\/p>\n<p>Estas protestas en el seno de la compa\u00f1\u00eda a\u00e9rea francesa no tienen nada que ver con la reforma del presidente Macron, que desde su elecci\u00f3n en mayo de 2017 ha multiplicado las iniciativas para \u00abtransformar\u00bb Francia, pero suman en un clima social que se enrarece a medida que empiezan a acumularse los conflictos en todos los frentes.<\/p>\n<\/p>\n<p>Adem\u00e1s de la huelga en Air France, este viernes los magistrados decretaron una jornada de \u00abjusticia muerta\u00bb junto a los secretarios judiciales y abogados como una forma de protestar contra una reforma del sistema de justicia.<\/p>\n<\/p>\n<p>\u00abEl proyecto del gobierno tiene el m\u00e9rito de la coherencia: reducir, eliminar, sacrificar todo lo que pueda, a expensas de la calidad, de modo que los juicios, o sus fallos, salgan lo m\u00e1s r\u00e1pido posible, al menor costo y que el personal no sea m\u00e1s que piezas para mover\u00bb, denunciaron los sindicatos.<\/p>\n<\/p>\n<p>Est\u00e1n en contra de un proyecto de reforma de los procedimientos penales y civiles, la digitalizaci\u00f3n de la justicia o la posible supresi\u00f3n de 307 tribunales que, a su criterio, tiene como objetivo una \u00abdeshumanizaci\u00f3n de la justicia\u00bb.<\/p>\n<\/p>\n<p>Durante las \u00faltimas semanas, el gremio ferroviario de la SNCF estuvo definiendo los preparativos finales de una huelga que iniciar\u00e1 el lunes por la noche y que prev\u00e9 que durante casi tres meses paren el servicio de trenes dos de cada cinco d\u00edas, lo que probablemente se convierta en una pesadilla para los 4,5 millones de pasajeros diarios.<\/p>\n<\/p>\n<p>Los sindicatos de ferrocarriles piden que la reforma de la SNCF sea prohibida por el ejecutivo, que se ha propuesto abrir el sector a la competencia, e introducir empresas privadas a los servicios de transporte ferroviario regional.<\/p>\n<\/p>\n<p>&#8211; Las universidades se suman &#8211;<\/p>\n<\/p>\n<p>Pool\/AFP \/ Etienne Laurent<\/p>\n<p>El presidente Emmanuel Macron da un discurso el jueves 29 de marzo en Par\u00eds<\/p>\n<p>La participaci\u00f3n en la huelga ser\u00e1 \u00abexcepcionalmente fuerte\u00bb, advirti\u00f3 el viernes el sindicato Unsa. El jefe del operador de trenes SNCF, Guillaume Pepy, recomend\u00f3 a los pasajeros abstenerse de tomar el tren desde las 19H00 del lunes, cuando comience la huelga que \u00abperturbar\u00e1 mucho\u00bb el tr\u00e1fico ese d\u00eda feriado en Francia.<\/p>\n<\/p>\n<p>El martes, los recolectores de basura, especialmente en Par\u00eds, est\u00e1n convocados a una huelga para reclamar la creaci\u00f3n de un \u00abservicio p\u00fablico nacional\u00bb en el sector.<\/p>\n<\/p>\n<p>Los mismos pasos sigue el sector de la energ\u00eda, donde la primera organizaci\u00f3n sindical FNME-CGT reclama \u00abla organizaci\u00f3n de un nuevo servicio p\u00fablico de electricidad y de gas que responda al inter\u00e9s general\u00bb.<\/p>\n<\/p>\n<p>Adem\u00e1s varias facultades est\u00e1n movilizadas en el pa\u00eds para denunciar una nueva ley de acceso a la universidad. Entre ellas la de Montpellier, donde el decano y un profesor de la facultad de derecho fueron detenidos para ser interrogados tras haber sido suspendidos por su posible vinculaci\u00f3n en una golpiza de hombres encapuchados a estudiantes que hab\u00edan tomado un anfiteatro.<\/p>\n<\/p>\n<p>Electo con una agenda claramente reformista y proeuropea, Emmanuel Macron, ha logrado hasta ahora evitar una demostraci\u00f3n de fuerza en las calles.<\/p>\n<\/p>\n<p>Pero el descontento tiende a crecer, mientras 200.000 funcionarios p\u00fablicos comenzaron la semana pasada a denunciar la eliminaci\u00f3n de 120.000 puestos en la administraci\u00f3n p\u00fablica.<\/p>\n<h6> 2018-03-30 15:53:43 <\/h6>\n<p><!--\n<link rel=\"stylesheet\" href=\"css\/bootstrap.min.css\">\n\n\n<ul class=\"pagination\">\n\t    \n\t\n\n<li >\n\t<a href='?page_no=10814'>Previous<\/a>\n\t<\/li>\n\n\n       \n    \n\n<li><a href='?page_no=1'>1<\/a><\/li>\n\n\n\n<li><a href='?page_no=2'>2<\/a><\/li>\n\n\n\n<li><a>...<\/a><\/li>\n\n\n\n<li><a href='?page_no=10813'>10813<\/a><\/li>\n\n\n\n<li><a href='?page_no=10814'>10814<\/a><\/li>\n\n\n\n<li class='active'><a>10815<\/a><\/li>\n\n\n\n<li><a href='?page_no=10816'>10816<\/a><\/li>\n\n\n\n<li><a href='?page_no=10817'>10817<\/a><\/li>\n\n\n\n<li><a>...<\/a><\/li>\n\n\n\n<li><a href='?page_no=51012'>51012<\/a><\/li>\n\n\n\n<li><a href='?page_no=51013'>51013<\/a><\/li>\n\n    \n\t\n\n<li >\n\t<a href='?page_no=10816'>Next<\/a>\n\t<\/li>\n\n\n    \n\n<li><a href='?page_no=51013'>Last &rsaquo;&rsaquo;<\/a><\/li>\n\n<\/ul>\n\n\n--><br \/>\n<\/body><\/p>\n","protected":false},"excerpt":{"rendered":"<p>AFP \/ Alain Jocard Abogadas y magistradas sostienen un cartel que reza \u00abMacron me mat\u00f3. Firmado: la justicia\u00bb durante una protesta a la entrada de un tribunal en Nanterre, este viernes 30 de marzo a las afueras de Par\u00eds El clima social se enrarece en Francia, donde este viernes hubo una huelga de Air France [&hellip;]<\/p>\n","protected":false},"author":3,"featured_media":0,"comment_status":"open","ping_status":"open","sticky":false,"template":"","format":"standard","meta":{"footnotes":""},"categories":[23],"tags":[],"class_list":["post-231177","post","type-post","status-publish","format-standard","hentry","category-internacional"],"_links":{"self":[{"href":"https:\/\/diariodominicano.com\/index.php?rest_route=\/wp\/v2\/posts\/231177","targetHints":{"allow":["GET"]}}],"collection":[{"href":"https:\/\/diariodominicano.com\/index.php?rest_route=\/wp\/v2\/posts"}],"about":[{"href":"https:\/\/diariodominicano.com\/index.php?rest_route=\/wp\/v2\/types\/post"}],"author":[{"embeddable":true,"href":"https:\/\/diariodominicano.com\/index.php?rest_route=\/wp\/v2\/users\/3"}],"replies":[{"embeddable":true,"href":"https:\/\/diariodominicano.com\/index.php?rest_route=%2Fwp%2Fv2%2Fcomments&post=231177"}],"version-history":[{"count":0,"href":"https:\/\/diariodominicano.com\/index.php?rest_route=\/wp\/v2\/posts\/231177\/revisions"}],"wp:attachment":[{"href":"https:\/\/diariodominicano.com\/index.php?rest_route=%2Fwp%2Fv2%2Fmedia&parent=231177"}],"wp:term":[{"taxonomy":"category","embeddable":true,"href":"https:\/\/diariodominicano.com\/index.php?rest_route=%2Fwp%2Fv2%2Fcategories&post=231177"},{"taxonomy":"post_tag","embeddable":true,"href":"https:\/\/diariodominicano.com\/index.php?rest_route=%2Fwp%2Fv2%2Ftags&post=231177"}],"curies":[{"name":"wp","href":"https:\/\/api.w.org\/{rel}","templated":true}]}}