{"id":231176,"date":"2018-03-30T16:00:40","date_gmt":"2018-03-30T16:00:40","guid":{"rendered":"http:\/\/diariodominicano.ddns.net\/?p=231176"},"modified":"2018-03-30T16:00:40","modified_gmt":"2018-03-30T16:00:40","slug":"al-menos-quince-palestinos-muertos-en-gaza-en-choques-con-ejercito-israeli","status":"publish","type":"post","link":"https:\/\/diariodominicano.com\/?p=231176","title":{"rendered":"Al menos quince palestinos muertos en Gaza en choques con ej\u00e9rcito israel\u00ed"},"content":{"rendered":"<p><body><\/p>\n<p><img decoding=\"async\" src=\"img3\/6f759ed8547f57b898affcda403de6e07d5dbe38.jpg\" \/><br \/><img decoding=\"async\" src=\"img3\/cb8252973f0d58c6db2cd4207bf07fd7a49524df.jpg\" \/><br \/><img decoding=\"async\" src=\"img3\/f4dbe9215855020a8020be2226e9de607e5babf0.jpg\" \/>  <\/p>\n<p><strong>El ej\u00e9rcito israel\u00ed mat\u00f3 a al menos quince palestinos e hiri\u00f3 a centenares este viernes, en uno de los m\u00e1s violentos enfrentamientos de los \u00faltimos a\u00f1os que estallaron cuando miles de habitantes de la Franja de Gaza acudieron a la frontera con Israel para manifestarse.<\/strong><\/p>\n<\/p>\n<p>Al terminar el d\u00eda, las fuerzas israel\u00edes bombardearon con tanques y aviones tres posiciones del movimiento islamista Hamas en Gaza luego de que, seg\u00fan indicaron, combatientes de la milicia de Hamas dispararan contra soldados israel\u00edes desplegados en la frontera.<\/p>\n<\/p>\n<p>Seg\u00fan el ministerio de Sanidad palestino, al menos quince palestinos murieron durante los enfrentamientos. M\u00e1s de 1.200 resultaron heridos, a\u00f1adi\u00f3.<\/p>\n<\/p>\n<p>Las fuerzas israel\u00edes indicaron que hab\u00edan disparado con munici\u00f3n real despu\u00e9s de que palestinos justo al otro lado de la frontera lanzaran piedras y bombas incendiarias contra los soldados.<\/p>\n<\/p>\n<p>Los palestinos, y tambi\u00e9n Turqu\u00eda, acusaron a Israel de \u00abuso desproporcionado\u00bb de la fuerza. La Liga \u00c1rabe lo tild\u00f3 de \u00abSalvaje\u00bb.<\/p>\n<\/p>\n<p>Los militares israel\u00edes dijeron que las protestas eran utilizadas como cobertura por militantes para intentar ingresar en Israel o para cometer ataques.<\/p>\n<\/p>\n<p>\u00abNo es una manifestaci\u00f3n pac\u00edfica\u00bb, dijo a periodistas un portavoz militar. Las fuerzas israel\u00edes estimaron en unos 30.000 los manifestantes.<\/p>\n<\/p>\n<p>\u00abEl ej\u00e9rcito impuso una zona militar cerrada alrededor de la franja de Gaza, toda actividad en ese sector necesita autorizaci\u00f3n\u00bb, declar\u00f3 el portavoz.<\/p>\n<\/p>\n<p>AFP \/ Mahmud Hams<\/p>\n<p>Palestinos huyen de los gases lacrim\u00f3genos lanzados contra una manifestaci\u00f3n cerca de la frontera con Israel, el 30 de marzo de 2018<\/p>\n<p>\u00abLos alborotadores hacen rodar neum\u00e1ticos en llamas y arrojan bombas incendiarias y piedras a la valla de seguridad y a las tropas (israel\u00edes), que responden con material antidisturbios y disparando contra los principales instigadores\u00bb, agreg\u00f3.<\/p>\n<\/p>\n<p>Horas antes del comienzo de este movimiento de protesta que se prev\u00e9 que dure seis semanas, un disparo de artiller\u00eda israel\u00ed hab\u00eda matado a un agricultor palestino en el sur del enclave.<\/p>\n<\/p>\n<p>Un portavoz del ej\u00e9rcito israel\u00ed explic\u00f3 que dos \u00absospechosos\u00bb se hab\u00edan acercado a la barrera de seguridad y los carros israel\u00edes dispararon en su direcci\u00f3n.<\/p>\n<\/p>\n<p>&#8211; \u00abD\u00eda de la Tierra\u00bb &#8211;<\/p>\n<\/p>\n<p>Este movimiento de protesta tambi\u00e9n reivindica el \u00abderecho al retorno\u00bb de los cientos de miles de palestinos que fueron expulsados de sus tierras o huyeron de la guerra que sigui\u00f3 a la creaci\u00f3n de Israel en 1948.<\/p>\n<\/p>\n<p>AFP \/ MAHMUD HAMS<\/p>\n<p>Palestinos se manifiestan al este de la ciudad de Gaza, cerca de la frontera entre el enclave e Israel, el 30 de marzo de 2018 con ocasi\u00f3n del \u00abD\u00eda de la Tierra\u00bb<\/p>\n<p>Las manifestaciones de este viernes, que dan inicio a esta \u00abmarcha del retorno\u00bb, coinciden con el \u00abD\u00eda de la Tierra\u00bb, homenaje que se rinde anualmente a seis \u00e1rabes israel\u00edes muertos en 1976 en manifestaciones contra la confiscaci\u00f3n de tierras por Israel. Tambi\u00e9n se preve\u00edan conmemoraciones en la Cisjordania ocupada y en la comunidad \u00e1rabe israel\u00ed.<\/p>\n<\/p>\n<p>Estas seis semanas de protestas fueron oficialmente convocadas por la sociedad civil, pero Hamas, el movimiento islamista que gobierna en Gaza, las respalda y afirm\u00f3 que se asegurar\u00eda de que nadie se acercase peligrosamente a la frontera.<\/p>\n<\/p>\n<p>Los dirigentes militares y pol\u00edticos israel\u00edes advirtieron que el ej\u00e9rcito no dudar\u00eda en dar a los francotiradores la orden de abrir fuego si los palestinos intentaban entrar en territorio israel\u00ed durante las manifestaciones.<\/p>\n<\/p>\n<p>AFP \/ Mohammed Abed<\/p>\n<p>Mujeres palestinas en una protesta cerca de la frontera con Israel en Jabalia, en la Franja de Gaza el 30 de marzo de 2018 por el \u00abD\u00eda de la Tierra\u00bb<\/p>\n<p>Los gazat\u00edes levantaron campamentos con carpas cerca de la valla fronteriza para denunciar el estricto bloqueo impuesto desde hace diez a\u00f1os por el Estado hebreo y el cierre casi permanente del paso hacia Egipto.<\/p>\n<\/p>\n<p>Desde 2008, Israel y Hamas se han enfrentado en tres guerras en el enclave palestino y desde 2014 observan un tenso alto el fuego.<\/p>\n<\/p>\n<p>&#8211; \u00abSigan con sus actividades\u00bb &#8211;<\/p>\n<\/p>\n<p>AFP \/<\/p>\n<p>Localizaci\u00f3n de las manifestaciones en la Franja de Gaza de este viernes<\/p>\n<p>El ej\u00e9rcito israel\u00ed afirm\u00f3 haber desplegado importantes refuerzos en la frontera para impedir infiltraciones durante la celebraci\u00f3n de P\u00e9saj, la Pascua jud\u00eda, que se celebra a partir del viernes por la noche.<\/p>\n<\/p>\n<p>\u00abLa direcci\u00f3n de Hamas juega con sus vidas\u00bb, escribi\u00f3 en \u00e1rabe el ministro de Defensa, Avigdor Lieberman, en Twitter dirigi\u00e9ndose a los gazat\u00edes. \u00abTodo aquel que se acerque a la valla se pondr\u00e1 en peligro. Les sugiero que sigan con sus actividades diarias y no participen en una provocaci\u00f3n\u00bb, agreg\u00f3.<\/p>\n<\/p>\n<p>El derecho al regreso de los refugiados sigue siendo una reivindicaci\u00f3n palestina fundamental y, para los israel\u00edes, un obst\u00e1culo mayor a la paz.<\/p>\n<\/p>\n<p>El estatus de Jerusal\u00e9n es tambi\u00e9n un punto importante de crispaci\u00f3n, a\u00fan m\u00e1s desde que el presidente estadounidense Donald Trump decidi\u00f3 reconocer la Ciudad Santa como capital de Israel y trasladar all\u00ed la embajada de Estados Unidos.<\/p>\n<h6> 2018-03-30 16:00:40 <\/h6>\n<p><!--\n<link rel=\"stylesheet\" href=\"css\/bootstrap.min.css\">\n\n\n<ul class=\"pagination\">\n\t    \n\t\n\n<li >\n\t<a href='?page_no=10813'>Previous<\/a>\n\t<\/li>\n\n\n       \n    \n\n<li><a href='?page_no=1'>1<\/a><\/li>\n\n\n\n<li><a href='?page_no=2'>2<\/a><\/li>\n\n\n\n<li><a>...<\/a><\/li>\n\n\n\n<li><a href='?page_no=10812'>10812<\/a><\/li>\n\n\n\n<li><a href='?page_no=10813'>10813<\/a><\/li>\n\n\n\n<li class='active'><a>10814<\/a><\/li>\n\n\n\n<li><a href='?page_no=10815'>10815<\/a><\/li>\n\n\n\n<li><a href='?page_no=10816'>10816<\/a><\/li>\n\n\n\n<li><a>...<\/a><\/li>\n\n\n\n<li><a href='?page_no=51012'>51012<\/a><\/li>\n\n\n\n<li><a href='?page_no=51013'>51013<\/a><\/li>\n\n    \n\t\n\n<li >\n\t<a href='?page_no=10815'>Next<\/a>\n\t<\/li>\n\n\n    \n\n<li><a href='?page_no=51013'>Last &rsaquo;&rsaquo;<\/a><\/li>\n\n<\/ul>\n\n\n--><br \/>\n<\/body><\/p>\n","protected":false},"excerpt":{"rendered":"<p>El ej\u00e9rcito israel\u00ed mat\u00f3 a al menos quince palestinos e hiri\u00f3 a centenares este viernes, en uno de los m\u00e1s violentos enfrentamientos de los \u00faltimos a\u00f1os que estallaron cuando miles de habitantes de la Franja de Gaza acudieron a la frontera con Israel para manifestarse. Al terminar el d\u00eda, las fuerzas israel\u00edes bombardearon con tanques [&hellip;]<\/p>\n","protected":false},"author":3,"featured_media":0,"comment_status":"open","ping_status":"open","sticky":false,"template":"","format":"standard","meta":{"footnotes":""},"categories":[23],"tags":[],"class_list":["post-231176","post","type-post","status-publish","format-standard","hentry","category-internacional"],"_links":{"self":[{"href":"https:\/\/diariodominicano.com\/index.php?rest_route=\/wp\/v2\/posts\/231176","targetHints":{"allow":["GET"]}}],"collection":[{"href":"https:\/\/diariodominicano.com\/index.php?rest_route=\/wp\/v2\/posts"}],"about":[{"href":"https:\/\/diariodominicano.com\/index.php?rest_route=\/wp\/v2\/types\/post"}],"author":[{"embeddable":true,"href":"https:\/\/diariodominicano.com\/index.php?rest_route=\/wp\/v2\/users\/3"}],"replies":[{"embeddable":true,"href":"https:\/\/diariodominicano.com\/index.php?rest_route=%2Fwp%2Fv2%2Fcomments&post=231176"}],"version-history":[{"count":0,"href":"https:\/\/diariodominicano.com\/index.php?rest_route=\/wp\/v2\/posts\/231176\/revisions"}],"wp:attachment":[{"href":"https:\/\/diariodominicano.com\/index.php?rest_route=%2Fwp%2Fv2%2Fmedia&parent=231176"}],"wp:term":[{"taxonomy":"category","embeddable":true,"href":"https:\/\/diariodominicano.com\/index.php?rest_route=%2Fwp%2Fv2%2Fcategories&post=231176"},{"taxonomy":"post_tag","embeddable":true,"href":"https:\/\/diariodominicano.com\/index.php?rest_route=%2Fwp%2Fv2%2Ftags&post=231176"}],"curies":[{"name":"wp","href":"https:\/\/api.w.org\/{rel}","templated":true}]}}