{"id":231173,"date":"2018-03-30T16:21:53","date_gmt":"2018-03-30T16:21:53","guid":{"rendered":"http:\/\/diariodominicano.ddns.net\/?p=231173"},"modified":"2018-03-30T16:21:53","modified_gmt":"2018-03-30T16:21:53","slug":"llegan-raul-castro-y-lider-partidista-vietnamita-a-santiago-de-cuba","status":"publish","type":"post","link":"https:\/\/diariodominicano.com\/?p=231173","title":{"rendered":"Llegan Ra\u00fal Castro y l\u00edder partidista vietnamita a Santiago de Cuba"},"content":{"rendered":"<p><body><\/p>\n<p><img decoding=\"async\" src=\"img3\/cuba-vietnam-presidentes.jpg\" \/>  <\/p>\n<p><strong> La Habana, 30 mar (PL<\/strong>) El presidente de Cuba, Ra\u00fal Castro, lleg\u00f3 hoy a la oriental provincia de Santiago de Cuba acompa\u00f1ado del secretario general del Partido Comunista de Vietnam (PCV), Nguyen Phu Trong, quien realiza una visita de Estado a la isla.<\/p>\n<\/p>\n<p>Junto el mandatario caribe\u00f1o, Nguyen Phu Trong rendir\u00e1 tributo al l\u00edder hist\u00f3rico de la Revoluci\u00f3n cubana, Fidel Castro, y al H\u00e9roe Nacional de Cuba, Jos\u00e9 Mart\u00ed en el cementerio de Santa Ifigenia.<\/p>\n<\/p>\n<p>Asimismo, est\u00e1 prevista su visita al antiguo cuartel Moncada, uno de los sitios relacionados con las luchas que llevaron al triunfo de la revoluci\u00f3n, el 1 de enero de 1959.<\/p>\n<\/p>\n<p>La v\u00edspera Nguyen Phu Trong fue recibido en esta capital por el gobernante cubano, a quien condecor\u00f3 con la Orden Estrella Dorada, la m\u00e1xima distinci\u00f3n del pa\u00eds asi\u00e1tico.<\/p>\n<\/p>\n<p>Tambi\u00e9n acudi\u00f3 a la escuela primaria que lleva el nombre de la hero\u00edna vietnamita Vo Thi Thang, centro en el que entreg\u00f3 un donativo y destac\u00f3 los lazos de hermandad entre La Habana y Hanoi.<\/p>\n<\/p>\n<p>&#8216;Vietnam y Cuba geogr\u00e1ficamente nos encontramos a miles de millas de distancia, sin embargo, desde hace muchos a\u00f1os gracias a los l\u00edderes Fidel Castro y Ho Chi Minh nos unen relaciones especiales&#8217;, afirm\u00f3.<\/p>\n<\/p>\n<p>El dirigente vietnamita asisti\u00f3 adem\u00e1s a la clausura de un encuentro de j\u00f3venes comunistas de los dos pa\u00edses, cita en la que agradeci\u00f3 el apoyo incondicional de la mayor de las Antillas.<\/p>\n<\/p>\n<p>Estamos orgullosos de esta s\u00f3lida amistad que legamos a la nueva generaci\u00f3n y confiamos en ella para mantenerla, insisti\u00f3.<\/p>\n<\/p>\n<p>Nguyen Phu Trong dialog\u00f3 ayer con el presidente de la Asamblea Nacional del Poder Popular de Cuba, Esteban Lazo, y recibi\u00f3 el t\u00edtulo de Doctor Honoris Causa en Ciencias Pol\u00edticas de la Universidad de La Habana, en cuya Aula Magna dict\u00f3 una conferencia magistral.<\/p>\n<\/p>\n<p>Durante su visita oficial, La Habana y Hanoi firmaron varios acuerdos de cooperaci\u00f3n, entre ellos los relacionados con el fortalecimiento de los v\u00ednculos entre el Partido Comunista de Cuba y el PCV, la condonaci\u00f3n de la deuda de la isla con la naci\u00f3n asi\u00e1tica y un Tratado de Asistencia Mutua Legal.<\/p>\n<\/p>\n<p>Tambi\u00e9n se firmaron memorandos de entendimiento de cooperaci\u00f3n cient\u00edfica y t\u00e9cnica, para la protecci\u00f3n del medio ambiente y la respuesta al cambio clim\u00e1tico, y la colaboraci\u00f3n en materia de construcci\u00f3n.<\/p>\n<\/p>\n<p>Cuba y Vietnam acordaron adem\u00e1s la cooperaci\u00f3n sobre la producci\u00f3n de arroz en la isla caribe\u00f1a para el per\u00edodo 2018-2022 y la conclusi\u00f3n de las negociaciones en el \u00e1mbito comercial.<\/p>\n<\/p>\n<p>Otro convenio suscrito en esta capital tiene que ver con la colaboraci\u00f3n entre las agencias de noticias Prensa Latina y la vietnamita (VNA).<\/p>\n<\/p>\n<p>En un foro empresarial acogido por un hotel capitalino fue comunicada de manera oficial la aprobaci\u00f3n por parte del gobierno cubano de la primera concesi\u00f3n administrativa en la Zona Especial de Desarrollo Mariel (ZEDM), la principal ventana del pa\u00eds para atraer negocios con capital extranjero.<\/p>\n<\/p>\n<p>La concesi\u00f3n, por 50 a\u00f1os y con car\u00e1cter prorrogable, fue otorgada a la firma vietnamita Viglacera mediante su filial ViMariel que, una vez constituida, tendr\u00e1 a su cargo el desarrollo de un parque industrial en un \u00e1rea de unas 160 hect\u00e1reas. En el propio foro, el ministro vietnamita de Industrias y Comercio, Tran Tuan Anh, confirm\u00f3 que est\u00e1n en curso conversaciones para establecer negocios que permitan colocar productos de buena calidad y precios en ambos mercados dom\u00e9sticos y en terceros pa\u00edses.<\/p>\n<\/p>\n<p>ocs\/joe<\/p>\n<h6> 2018-03-30 16:21:53 <\/h6>\n<p><!--\n<link rel=\"stylesheet\" href=\"css\/bootstrap.min.css\">\n\n\n<ul class=\"pagination\">\n\t    \n\t\n\n<li >\n\t<a href='?page_no=10810'>Previous<\/a>\n\t<\/li>\n\n\n       \n    \n\n<li><a href='?page_no=1'>1<\/a><\/li>\n\n\n\n<li><a href='?page_no=2'>2<\/a><\/li>\n\n\n\n<li><a>...<\/a><\/li>\n\n\n\n<li><a href='?page_no=10809'>10809<\/a><\/li>\n\n\n\n<li><a href='?page_no=10810'>10810<\/a><\/li>\n\n\n\n<li class='active'><a>10811<\/a><\/li>\n\n\n\n<li><a href='?page_no=10812'>10812<\/a><\/li>\n\n\n\n<li><a href='?page_no=10813'>10813<\/a><\/li>\n\n\n\n<li><a>...<\/a><\/li>\n\n\n\n<li><a href='?page_no=51012'>51012<\/a><\/li>\n\n\n\n<li><a href='?page_no=51013'>51013<\/a><\/li>\n\n    \n\t\n\n<li >\n\t<a href='?page_no=10812'>Next<\/a>\n\t<\/li>\n\n\n    \n\n<li><a href='?page_no=51013'>Last &rsaquo;&rsaquo;<\/a><\/li>\n\n<\/ul>\n\n\n--><br \/>\n<\/body><\/p>\n","protected":false},"excerpt":{"rendered":"<p>La Habana, 30 mar (PL) El presidente de Cuba, Ra\u00fal Castro, lleg\u00f3 hoy a la oriental provincia de Santiago de Cuba acompa\u00f1ado del secretario general del Partido Comunista de Vietnam (PCV), Nguyen Phu Trong, quien realiza una visita de Estado a la isla. Junto el mandatario caribe\u00f1o, Nguyen Phu Trong rendir\u00e1 tributo al l\u00edder hist\u00f3rico [&hellip;]<\/p>\n","protected":false},"author":3,"featured_media":0,"comment_status":"open","ping_status":"open","sticky":false,"template":"","format":"standard","meta":{"footnotes":""},"categories":[23],"tags":[],"class_list":["post-231173","post","type-post","status-publish","format-standard","hentry","category-internacional"],"_links":{"self":[{"href":"https:\/\/diariodominicano.com\/index.php?rest_route=\/wp\/v2\/posts\/231173","targetHints":{"allow":["GET"]}}],"collection":[{"href":"https:\/\/diariodominicano.com\/index.php?rest_route=\/wp\/v2\/posts"}],"about":[{"href":"https:\/\/diariodominicano.com\/index.php?rest_route=\/wp\/v2\/types\/post"}],"author":[{"embeddable":true,"href":"https:\/\/diariodominicano.com\/index.php?rest_route=\/wp\/v2\/users\/3"}],"replies":[{"embeddable":true,"href":"https:\/\/diariodominicano.com\/index.php?rest_route=%2Fwp%2Fv2%2Fcomments&post=231173"}],"version-history":[{"count":0,"href":"https:\/\/diariodominicano.com\/index.php?rest_route=\/wp\/v2\/posts\/231173\/revisions"}],"wp:attachment":[{"href":"https:\/\/diariodominicano.com\/index.php?rest_route=%2Fwp%2Fv2%2Fmedia&parent=231173"}],"wp:term":[{"taxonomy":"category","embeddable":true,"href":"https:\/\/diariodominicano.com\/index.php?rest_route=%2Fwp%2Fv2%2Fcategories&post=231173"},{"taxonomy":"post_tag","embeddable":true,"href":"https:\/\/diariodominicano.com\/index.php?rest_route=%2Fwp%2Fv2%2Ftags&post=231173"}],"curies":[{"name":"wp","href":"https:\/\/api.w.org\/{rel}","templated":true}]}}