{"id":231172,"date":"2018-03-30T19:41:19","date_gmt":"2018-03-30T19:41:19","guid":{"rendered":"http:\/\/diariodominicano.ddns.net\/?p=231172"},"modified":"2018-03-30T19:41:19","modified_gmt":"2018-03-30T19:41:19","slug":"recibe-raul-castro-maxima-distincion-de-vietnam","status":"publish","type":"post","link":"https:\/\/diariodominicano.com\/?p=231172","title":{"rendered":"Recibe Ra\u00fal Castro m\u00e1xima distinci\u00f3n de Vietnam"},"content":{"rendered":"<p><body><\/p>\n<p><img decoding=\"async\" src=\"img3\/137076580_15223882642971n.jpg\" \/><br \/><img decoding=\"async\" src=\"img3\/137076580_15223882643421n.jpg\" \/><br \/><img decoding=\"async\" src=\"img3\/137076580_15223882644061n.jpg\" \/>  <\/p>\n<p>(1)CUBA-HABANA-VIETNAM-REUNION<\/p>\n<\/p>\n<p><strong>LA HABANA, marzo 29, 2018 (Xinhua) &#8212; El presidente cubano, Ra\u00fal Castro (d-frente), recibe al secretario general del Comit\u00e9 Central del Partido Comunista de Vietnam (PCV), Nguyen Phu Trong (c), en el Palacio de la Revoluci\u00f3n, en La Habana, Cuba, el 29 de marzo de 2018. El secretario general del Comit\u00e9 Central del Partido Comunista de Vietnam (PCV), Nguyen Phu Trong, condecor\u00f3 el jueves en La Habana al presidente de Cuba, Ra\u00fal Castro, con la Orden de la Estrella Dorada, la m\u00e1xima distinci\u00f3n de la naci\u00f3n asi\u00e1tica. Castro, tambi\u00e9n primer secretario del Comit\u00e9 Central del Partido Comunista de la isla, recibi\u00f3 la condecoraci\u00f3n durante una ceremonia solemne celebrada en el Palacio de la Revoluci\u00f3n, sede del Consejo de Estado. (Xinhua\/Joaqu\u00edn Hern\u00e1ndez)<\/strong><\/p>\n<p><strong>LA HABANA, 29 mar (Xinhua) &#8212;<\/strong> El secretario general del Comit\u00e9 Central del Partido Comunista de Vietnam (PCV), Nguyen Phu Trong, condecor\u00f3 este jueves en La Habana al presidente de Cuba, Ra\u00fal Castro, con la Orden de la Estrella Dorada, la m\u00e1xima distinci\u00f3n de la naci\u00f3n asi\u00e1tica.<\/p>\n<\/p>\n<p>Castro, tambi\u00e9n primer secretario del Comit\u00e9 Central del Partido Comunista de la isla, recibi\u00f3 la condecoraci\u00f3n durante una ceremonia solemne celebrada en el Palacio de la Revoluci\u00f3n, sede del Consejo de Estado.<\/p>\n<\/p>\n<p>La distinci\u00f3n le fue otorgada al mandatario cubano \u00abpor sus grandes y extraordinarios m\u00e9ritos destacados en el fortalecimiento y la consolidaci\u00f3n de las relaciones especiales entre los partidos, gobiernos y pueblos de Vietnam y Cuba\u00bb, indic\u00f3 la argumentaci\u00f3n.<\/p>\n<\/p>\n<p>Tras recibir la Orden, Ra\u00fal Castro destac\u00f3 la entra\u00f1able amistad entre ambos pa\u00edses y expres\u00f3 que \u00abnuestros pueblos, partidos y gobiernos se han mantenido unidos y comparten hoy las experiencias mutuas en la construcci\u00f3n de una sociedad socialista\u00bb.<\/p>\n<\/p>\n<p>A continuaci\u00f3n, ambos dirigentes pol\u00edticos encabezaron la firma de nueve acuerdos de car\u00e1cter gubernamental y empresarial en diversos sectores, incluida la condonaci\u00f3n de la deuda de la mayor de las Antillas con Vietnam.<\/p>\n<\/p>\n<p>Poco antes de ambas ceremonias, Ra\u00fal Castro y Nguyen Phu Trong sostuvieron conversaciones oficiales, en las que ratificaron el excelente estado de las relaciones bilaterales.<\/p>\n<\/p>\n<p>Durante la jornada, el l\u00edder partidista vietnamita cumpli\u00f3 una apretada agenda, que incluy\u00f3 una reuni\u00f3n con el presidente del parlamento de Cuba, Esteban Lazo, as\u00ed como un encuentro con representantes de la juventud comunista de los dos pa\u00edses.<\/p>\n<\/p>\n<p>Tambi\u00e9n imparti\u00f3 una conferencia magistral en la Universidad de La Habana acerca de los avances econ\u00f3micos y sociales de su pa\u00eds a partir de los programas de desarrollo con orientaci\u00f3n socialista, y recibi\u00f3 el t\u00edtulo de Doctor Honoris Causa en Ciencias Pol\u00edticas.<\/p>\n<\/p>\n<p>En el contexto de la visita se desarroll\u00f3 un foro empresarial conjunto, en el que se firmaron tres convenios referidos a la administraci\u00f3n y comercializaci\u00f3n de dos hoteles en La Habana y el desarrollo de un parque industrial en la Zona Especial de Desarrollo Mariel, considerada la principal ventana abierta de la isla para atraer negocios con capital for\u00e1neo.<\/p>\n<\/p>\n<p>Antes de finalizar este viernes su visita oficial de tres d\u00edas a la naci\u00f3n caribe\u00f1a, Nguyen Phu Trong visitar\u00e1 el cementerio Santa Ifigenia, en la oriental ciudad de Santiago de Cuba, donde reposan las cenizas del l\u00edder hist\u00f3rico de la Revoluci\u00f3n cubana Fidel Castro (1926-2016).<\/p>\n<h6> 2018-03-30 19:41:19 <\/h6>\n<p><!--\n<link rel=\"stylesheet\" href=\"css\/bootstrap.min.css\">\n\n\n<ul class=\"pagination\">\n\t    \n\t\n\n<li >\n\t<a href='?page_no=10809'>Previous<\/a>\n\t<\/li>\n\n\n       \n    \n\n<li><a href='?page_no=1'>1<\/a><\/li>\n\n\n\n<li><a href='?page_no=2'>2<\/a><\/li>\n\n\n\n<li><a>...<\/a><\/li>\n\n\n\n<li><a href='?page_no=10808'>10808<\/a><\/li>\n\n\n\n<li><a href='?page_no=10809'>10809<\/a><\/li>\n\n\n\n<li class='active'><a>10810<\/a><\/li>\n\n\n\n<li><a href='?page_no=10811'>10811<\/a><\/li>\n\n\n\n<li><a href='?page_no=10812'>10812<\/a><\/li>\n\n\n\n<li><a>...<\/a><\/li>\n\n\n\n<li><a href='?page_no=51012'>51012<\/a><\/li>\n\n\n\n<li><a href='?page_no=51013'>51013<\/a><\/li>\n\n    \n\t\n\n<li >\n\t<a href='?page_no=10811'>Next<\/a>\n\t<\/li>\n\n\n    \n\n<li><a href='?page_no=51013'>Last &rsaquo;&rsaquo;<\/a><\/li>\n\n<\/ul>\n\n\n--><br \/>\n<\/body><\/p>\n","protected":false},"excerpt":{"rendered":"<p>(1)CUBA-HABANA-VIETNAM-REUNION LA HABANA, marzo 29, 2018 (Xinhua) &#8212; El presidente cubano, Ra\u00fal Castro (d-frente), recibe al secretario general del Comit\u00e9 Central del Partido Comunista de Vietnam (PCV), Nguyen Phu Trong (c), en el Palacio de la Revoluci\u00f3n, en La Habana, Cuba, el 29 de marzo de 2018. El secretario general del Comit\u00e9 Central del Partido [&hellip;]<\/p>\n","protected":false},"author":3,"featured_media":0,"comment_status":"open","ping_status":"open","sticky":false,"template":"","format":"standard","meta":{"footnotes":""},"categories":[23],"tags":[],"class_list":["post-231172","post","type-post","status-publish","format-standard","hentry","category-internacional"],"_links":{"self":[{"href":"https:\/\/diariodominicano.com\/index.php?rest_route=\/wp\/v2\/posts\/231172","targetHints":{"allow":["GET"]}}],"collection":[{"href":"https:\/\/diariodominicano.com\/index.php?rest_route=\/wp\/v2\/posts"}],"about":[{"href":"https:\/\/diariodominicano.com\/index.php?rest_route=\/wp\/v2\/types\/post"}],"author":[{"embeddable":true,"href":"https:\/\/diariodominicano.com\/index.php?rest_route=\/wp\/v2\/users\/3"}],"replies":[{"embeddable":true,"href":"https:\/\/diariodominicano.com\/index.php?rest_route=%2Fwp%2Fv2%2Fcomments&post=231172"}],"version-history":[{"count":0,"href":"https:\/\/diariodominicano.com\/index.php?rest_route=\/wp\/v2\/posts\/231172\/revisions"}],"wp:attachment":[{"href":"https:\/\/diariodominicano.com\/index.php?rest_route=%2Fwp%2Fv2%2Fmedia&parent=231172"}],"wp:term":[{"taxonomy":"category","embeddable":true,"href":"https:\/\/diariodominicano.com\/index.php?rest_route=%2Fwp%2Fv2%2Fcategories&post=231172"},{"taxonomy":"post_tag","embeddable":true,"href":"https:\/\/diariodominicano.com\/index.php?rest_route=%2Fwp%2Fv2%2Ftags&post=231172"}],"curies":[{"name":"wp","href":"https:\/\/api.w.org\/{rel}","templated":true}]}}