{"id":231169,"date":"2018-03-30T20:05:00","date_gmt":"2018-03-30T20:05:00","guid":{"rendered":"http:\/\/diariodominicano.ddns.net\/?p=231169"},"modified":"2018-03-30T20:05:00","modified_gmt":"2018-03-30T20:05:00","slug":"destaca-raul-castro-relaciones-de-amistad-entre-cuba-y-vietnam","status":"publish","type":"post","link":"https:\/\/diariodominicano.com\/?p=231169","title":{"rendered":"Destaca Ra\u00fal Castro relaciones de amistad entre Cuba y Vietnam"},"content":{"rendered":"<p><body><\/p>\n<p><img decoding=\"async\" src=\"img3\/raul-vietnam5.jpg\" \/>  <\/p>\n<p><strong> La Habana, 30 mar (PL) <\/strong>El presidente de Cuba, Ra\u00fal Castro Ruz, destac\u00f3 las relaciones de amistad entre la isla y Vietnam, tras recibir la v\u00edspera en esta capital la Orden Estrella Dorada, la m\u00e1xima distinci\u00f3n del pa\u00eds asi\u00e1tico.<\/p>\n<\/p>\n<p>A continuaci\u00f3n, Prensa Latina transmite el texto \u00edntegro de discurso pronunciado por el General de Ej\u00e9rcito Ra\u00fal Castro Ruz, Primer Secretario del Comit\u00e9 Central del Partido y Presidente de los Consejos de Estado y de Ministros, al recibir la m\u00e1xima distinci\u00f3n conferida por Vietnam.<\/p>\n<\/p>\n<p>Compa\u00f1ero Nguyen Phu Trong, Secretario General del Partido Comunista de Vietnam; <\/p>\n<\/p>\n<p>Distinguidos miembros de la Delegaci\u00f3n vietnamita; <\/p>\n<\/p>\n<p>Compa\u00f1eras y compa\u00f1eros: <\/p>\n<\/p>\n<p>La entra\u00f1able amistad entre Cuba y Vietnam ha superado la prueba del tiempo.<\/p>\n<\/p>\n<p>Hemos construido una relaci\u00f3n s\u00f3lida, forjada en los a\u00f1os dif\u00edciles de la lucha por la liberaci\u00f3n de Vietnam.<\/p>\n<\/p>\n<p>Nuestros pueblos, partidos y gobiernos se han mantenido unidos y comparten hoy las experiencias mutuas en la construcci\u00f3n de una sociedad socialista que garantice la justicia y el bienestar en ambas naciones. Y as\u00ed continuar\u00e1 en el futuro, preservado por las nuevas generaciones de cubanos y vietnamitas.<\/p>\n<\/p>\n<p>Tan temprano como en 1889, nuestro H\u00e9roe Nacional Jos\u00e9 Mart\u00ed caracteriz\u00f3 a los vietnamitas como hombres y mujeres inmensos de coraz\u00f3n, cuya laboriosidad, valent\u00eda y abnegaci\u00f3n trasciende los siglos.<\/p>\n<\/p>\n<p>El azar quiso que el 19 de mayo se convirtiera en una efem\u00e9ride com\u00fan. Ese d\u00eda de 1895, cay\u00f3 en combate Jos\u00e9 Mart\u00ed, y un lustro antes, hab\u00eda nacido en una humilde aldea el legendario y excepcional revolucionario Ho Chi Minh.<\/p>\n<\/p>\n<p>Recuerdo el emotivo encuentro que sostuve con \u00e9l durante mi visita a su querido pa\u00eds, en octubre de 1966; las sentidas palabras de Ho Chi Minh de agradecimiento por la ayuda de Cuba y de Fidel; y acerca de los s\u00f3lidos cimientos sobre los que forjamos los v\u00ednculos que nos unen: &#8216;&#8230;nuestros pa\u00edses geogr\u00e1ficamente son ant\u00edpodas, pero hay una identificaci\u00f3n completa en lo moral&#8217;, afirm\u00f3.<\/p>\n<\/p>\n<p>Por esa fecha, ya nos hab\u00edamos movilizado para apoyar su lucha por la liberaci\u00f3n nacional y la reunificaci\u00f3n del pa\u00eds.<\/p>\n<\/p>\n<p>El compa\u00f1ero Fidel con frecuencia destacaba la colosal proeza de la resistencia vietnamita, que deb\u00eda servirnos de ejemplo; y resumi\u00f3 el compromiso internacionalista de Cuba en una frase: \u00c2\u00edPor Vietnam estamos dispuestos a dar hasta nuestra propia sangre! <\/p>\n<\/p>\n<p>En septiembre de este a\u00f1o, conmemoraremos el 45 aniversario del primer viaje de Fidel a la zona liberada de Quang Tri. Fue el \u00fanico Jefe de Estado que lo hizo. Su imagen, enarbolando la bandera del Frente Nacional de Liberaci\u00f3n de Vietnam del Sur, expresaba su fe absoluta en la victoria. \u00c9l, como Ho Chi Minh, estaba convencido de que una vez derrotado el enemigo, construir\u00edan una Patria &#8216;diez veces m\u00e1s hermosa&#8217;.<\/p>\n<\/p>\n<p>Ustedes fueron un ejemplo para aquellos que en cualquier parte del mundo luchaban por su independencia y contra la intervenci\u00f3n extranjera; legaron la doctrina de defensa de &#8216;guerra de todo el pueblo&#8217;, que garantiza la victoria sobre un enemigo num\u00e9rica y t\u00e9cnicamente superior; representan, tambi\u00e9n, constancia y esfuerzo en la edificaci\u00f3n socialista.<\/p>\n<\/p>\n<p>En nombre de nuestro heroico pueblo, y de la amistad imperecedera que nos une; con el recuerdo de Fidel y Ho Chi Minh m\u00e1s vivo que nunca, recibo la honrosa orden Estrella Dorada.<\/p>\n<\/p>\n<p>Al pueblo, al Partido Comunista y al Gobierno de la Rep\u00fablica Socialista de Vietnam, nuestra eterna gratitud.<\/p>\n<\/p>\n<p>Muchas Gracias <\/p>\n<\/p>\n<p>Tgj\/<\/p>\n<h6> 2018-03-30 20:05:00 <\/h6>\n<p><!--\n<link rel=\"stylesheet\" href=\"css\/bootstrap.min.css\">\n\n\n<ul class=\"pagination\">\n\t    \n\t\n\n<li >\n\t<a href='?page_no=10807'>Previous<\/a>\n\t<\/li>\n\n\n       \n    \n\n<li><a href='?page_no=1'>1<\/a><\/li>\n\n\n\n<li><a href='?page_no=2'>2<\/a><\/li>\n\n\n\n<li><a>...<\/a><\/li>\n\n\n\n<li><a href='?page_no=10806'>10806<\/a><\/li>\n\n\n\n<li><a href='?page_no=10807'>10807<\/a><\/li>\n\n\n\n<li class='active'><a>10808<\/a><\/li>\n\n\n\n<li><a href='?page_no=10809'>10809<\/a><\/li>\n\n\n\n<li><a href='?page_no=10810'>10810<\/a><\/li>\n\n\n\n<li><a>...<\/a><\/li>\n\n\n\n<li><a href='?page_no=51012'>51012<\/a><\/li>\n\n\n\n<li><a href='?page_no=51013'>51013<\/a><\/li>\n\n    \n\t\n\n<li >\n\t<a href='?page_no=10809'>Next<\/a>\n\t<\/li>\n\n\n    \n\n<li><a href='?page_no=51013'>Last &rsaquo;&rsaquo;<\/a><\/li>\n\n<\/ul>\n\n\n--><br \/>\n<\/body><\/p>\n","protected":false},"excerpt":{"rendered":"<p>La Habana, 30 mar (PL) El presidente de Cuba, Ra\u00fal Castro Ruz, destac\u00f3 las relaciones de amistad entre la isla y Vietnam, tras recibir la v\u00edspera en esta capital la Orden Estrella Dorada, la m\u00e1xima distinci\u00f3n del pa\u00eds asi\u00e1tico. A continuaci\u00f3n, Prensa Latina transmite el texto \u00edntegro de discurso pronunciado por el General de Ej\u00e9rcito [&hellip;]<\/p>\n","protected":false},"author":3,"featured_media":0,"comment_status":"open","ping_status":"open","sticky":false,"template":"","format":"standard","meta":{"footnotes":""},"categories":[23],"tags":[],"class_list":["post-231169","post","type-post","status-publish","format-standard","hentry","category-internacional"],"_links":{"self":[{"href":"https:\/\/diariodominicano.com\/index.php?rest_route=\/wp\/v2\/posts\/231169","targetHints":{"allow":["GET"]}}],"collection":[{"href":"https:\/\/diariodominicano.com\/index.php?rest_route=\/wp\/v2\/posts"}],"about":[{"href":"https:\/\/diariodominicano.com\/index.php?rest_route=\/wp\/v2\/types\/post"}],"author":[{"embeddable":true,"href":"https:\/\/diariodominicano.com\/index.php?rest_route=\/wp\/v2\/users\/3"}],"replies":[{"embeddable":true,"href":"https:\/\/diariodominicano.com\/index.php?rest_route=%2Fwp%2Fv2%2Fcomments&post=231169"}],"version-history":[{"count":0,"href":"https:\/\/diariodominicano.com\/index.php?rest_route=\/wp\/v2\/posts\/231169\/revisions"}],"wp:attachment":[{"href":"https:\/\/diariodominicano.com\/index.php?rest_route=%2Fwp%2Fv2%2Fmedia&parent=231169"}],"wp:term":[{"taxonomy":"category","embeddable":true,"href":"https:\/\/diariodominicano.com\/index.php?rest_route=%2Fwp%2Fv2%2Fcategories&post=231169"},{"taxonomy":"post_tag","embeddable":true,"href":"https:\/\/diariodominicano.com\/index.php?rest_route=%2Fwp%2Fv2%2Ftags&post=231169"}],"curies":[{"name":"wp","href":"https:\/\/api.w.org\/{rel}","templated":true}]}}