{"id":231162,"date":"2018-03-31T07:55:56","date_gmt":"2018-03-31T07:55:56","guid":{"rendered":"http:\/\/diariodominicano.ddns.net\/?p=231162"},"modified":"2018-03-31T07:55:56","modified_gmt":"2018-03-31T07:55:56","slug":"rechazan-en-francia-represion-israeli-contra-marcha-palestina","status":"publish","type":"post","link":"https:\/\/diariodominicano.com\/?p=231162","title":{"rendered":"Rechazan en Francia represi\u00f3n israel\u00ed contra marcha palestina"},"content":{"rendered":"<p><body><\/p>\n<p><img decoding=\"async\" src=\"img3\/Marcha-Palestina.jpg\" \/>  <\/p>\n<p><strong> Par\u00eds, 31 mar (PL) <\/strong>El Partido Comunista de Francia (PCF) expres\u00f3 hoy su indignaci\u00f3n e inquietud por los hechos ocurridos la v\u00edspera en la Franja de Gaza, donde la represi\u00f3n israel\u00ed durante la Gran Marcha del Retorno provoc\u00f3 numerosas v\u00edctimas palestinas.<\/p>\n<\/p>\n<p>&#8216;El PCF, a la vez indignado e inquieto por esta escalada peligrosa y asesina, demanda al presidente (Emmanuel) Macron y al conjunto de la comunidad internacional intervenir de inmediato para que cesen los abusos del gobierno israel\u00ed&#8217;, indic\u00f3 la formaci\u00f3n en un comunicado.<\/p>\n<\/p>\n<p>El texto record\u00f3 que cada 30 de marzo los palestinos se movilizan en la marcha para hacer valer el derecho al retorno de los refugiados palestinos.<\/p>\n<\/p>\n<p>&#8216;Este a\u00f1o eran m\u00e1s de 30 mil los manifestantes pac\u00edficos en la Franja de Gaza, mientras los tiradores de \u00e9lite del ej\u00e9rcito israel\u00ed ten\u00edan la autorizaci\u00f3n de disparar con balas reales&#8217;, lament\u00f3 el PCF sobre un hecho que termin\u00f3 con alrededor de 16 muertos y m\u00e1s de mil heridos.<\/p>\n<\/p>\n<p>El partido se pregunt\u00f3 hasta d\u00f3nde llegar\u00e1 esa pol\u00edtica israel\u00ed que ignora por completo las leyes internacionales y los derechos humanos de los palestinos.<\/p>\n<\/p>\n<p>Asimismo, record\u00f3 que &#8216;la masacre tiene lugar en un contexto en que el gobierno de extrema derecha israel\u00ed se siente potente, ayudado por las decisiones mort\u00edferas de (el presidente estadounidense Donald) Trump&#8217;.<\/p>\n<\/p>\n<p>tgj\/lmg<\/p>\n<p>Temas Relacionados:<\/p>\n<h6> 2018-03-31 07:55:56 <\/h6>\n<p><!--\n<link rel=\"stylesheet\" href=\"css\/bootstrap.min.css\">\n\n\n<ul class=\"pagination\">\n\t    \n\t\n\n<li >\n\t<a href='?page_no=10800'>Previous<\/a>\n\t<\/li>\n\n\n       \n    \n\n<li><a href='?page_no=1'>1<\/a><\/li>\n\n\n\n<li><a href='?page_no=2'>2<\/a><\/li>\n\n\n\n<li><a>...<\/a><\/li>\n\n\n\n<li><a href='?page_no=10799'>10799<\/a><\/li>\n\n\n\n<li><a href='?page_no=10800'>10800<\/a><\/li>\n\n\n\n<li class='active'><a>10801<\/a><\/li>\n\n\n\n<li><a href='?page_no=10802'>10802<\/a><\/li>\n\n\n\n<li><a href='?page_no=10803'>10803<\/a><\/li>\n\n\n\n<li><a>...<\/a><\/li>\n\n\n\n<li><a href='?page_no=51012'>51012<\/a><\/li>\n\n\n\n<li><a href='?page_no=51013'>51013<\/a><\/li>\n\n    \n\t\n\n<li >\n\t<a href='?page_no=10802'>Next<\/a>\n\t<\/li>\n\n\n    \n\n<li><a href='?page_no=51013'>Last &rsaquo;&rsaquo;<\/a><\/li>\n\n<\/ul>\n\n\n--><br \/>\n<\/body><\/p>\n","protected":false},"excerpt":{"rendered":"<p>Par\u00eds, 31 mar (PL) El Partido Comunista de Francia (PCF) expres\u00f3 hoy su indignaci\u00f3n e inquietud por los hechos ocurridos la v\u00edspera en la Franja de Gaza, donde la represi\u00f3n israel\u00ed durante la Gran Marcha del Retorno provoc\u00f3 numerosas v\u00edctimas palestinas. &#8216;El PCF, a la vez indignado e inquieto por esta escalada peligrosa y asesina, [&hellip;]<\/p>\n","protected":false},"author":3,"featured_media":0,"comment_status":"open","ping_status":"open","sticky":false,"template":"","format":"standard","meta":{"footnotes":""},"categories":[23],"tags":[],"class_list":["post-231162","post","type-post","status-publish","format-standard","hentry","category-internacional"],"_links":{"self":[{"href":"https:\/\/diariodominicano.com\/index.php?rest_route=\/wp\/v2\/posts\/231162","targetHints":{"allow":["GET"]}}],"collection":[{"href":"https:\/\/diariodominicano.com\/index.php?rest_route=\/wp\/v2\/posts"}],"about":[{"href":"https:\/\/diariodominicano.com\/index.php?rest_route=\/wp\/v2\/types\/post"}],"author":[{"embeddable":true,"href":"https:\/\/diariodominicano.com\/index.php?rest_route=\/wp\/v2\/users\/3"}],"replies":[{"embeddable":true,"href":"https:\/\/diariodominicano.com\/index.php?rest_route=%2Fwp%2Fv2%2Fcomments&post=231162"}],"version-history":[{"count":0,"href":"https:\/\/diariodominicano.com\/index.php?rest_route=\/wp\/v2\/posts\/231162\/revisions"}],"wp:attachment":[{"href":"https:\/\/diariodominicano.com\/index.php?rest_route=%2Fwp%2Fv2%2Fmedia&parent=231162"}],"wp:term":[{"taxonomy":"category","embeddable":true,"href":"https:\/\/diariodominicano.com\/index.php?rest_route=%2Fwp%2Fv2%2Fcategories&post=231162"},{"taxonomy":"post_tag","embeddable":true,"href":"https:\/\/diariodominicano.com\/index.php?rest_route=%2Fwp%2Fv2%2Ftags&post=231162"}],"curies":[{"name":"wp","href":"https:\/\/api.w.org\/{rel}","templated":true}]}}