{"id":231161,"date":"2018-03-31T08:08:25","date_gmt":"2018-03-31T08:08:25","guid":{"rendered":"http:\/\/diariodominicano.ddns.net\/?p=231161"},"modified":"2018-03-31T08:08:25","modified_gmt":"2018-03-31T08:08:25","slug":"prohiben-a-gobierno-de-ee-uu-impedir-abortos-de-inmigrantes-ilegales","status":"publish","type":"post","link":"https:\/\/diariodominicano.com\/?p=231161","title":{"rendered":"Proh\u00edben a Gobierno de EE.UU. impedir abortos de inmigrantes ilegales"},"content":{"rendered":"<p><body><\/p>\n<p><img decoding=\"async\" src=\"img3\/137025754_15205631904581n.jpg\" \/>  <\/p>\n<p><strong>Washington, 31 mar (PL) <\/strong>El Gobierno estadounidense qued\u00f3 imposibilitado de manera temporal de evitar el aborto a las adolescentes inmigrantes menores de edad que permanecen hoy en centros de detenci\u00f3n.<\/p>\n<\/p>\n<p>Tal freno se produjo a partir de una orden emitida ayer por la jueza federal Tanya Chutkan, quien determin\u00f3 que la administraci\u00f3n no puede despojar a esas muchachas del derecho de tomar sus propias decisiones reproductivas.<\/p>\n<\/p>\n<p>Este dictamen de Chutkan sigui\u00f3 a varias batallas judiciales a fines del a\u00f1o pasado cuando el gabinete del presidente Donald Trump pretendi\u00f3 impedir la interrupci\u00f3n de los embarazos de varias j\u00f3venes.<\/p>\n<\/p>\n<p>Las controversias se debieron a la postura oficial contra ese procedimiento y a la decisi\u00f3n de modificar la pol\u00edtica del Gobierno anterior sobre los menores que son detenidos al entrar de manera irregular a Estados Unidos.<\/p>\n<\/p>\n<p>En 2017, la oficina del Departamento de Salud y Servicios Humanos que supervisa los albergues de acogida prohibi\u00f3 a esas instalaciones facilitar los abortos sin su aprobaci\u00f3n directa.<\/p>\n<\/p>\n<p>Abogados de la entidad federal, responsable de cobijar a los menores que ingresan a territorio norteamericano sin ninguno de sus padres ni permiso legal, afirmaron que se tiene como pol\u00edtica no favorecer tal opci\u00f3n.<\/p>\n<\/p>\n<p>Como variantes para sus casos, las menores que llegaron ilegalmente a Estados Unidos pueden partir de forma voluntaria a su pa\u00eds natal o hallar un patrocinador adecuado, sostuvo la referida oficina.<\/p>\n<\/p>\n<p>De acuerdo con datos oficiales, al menos 420 menores inmigrantes embarazadas est\u00e1n bajo custodia desde 2017, incluidas 18 que solicitaron abortos.<\/p>\n<\/p>\n<p>tgj\/dsa<\/p>\n<h6> 2018-03-31 08:08:25 <\/h6>\n<p><!--\n<link rel=\"stylesheet\" href=\"css\/bootstrap.min.css\">\n\n\n<ul class=\"pagination\">\n\t    \n\t\n\n<li >\n\t<a href='?page_no=10799'>Previous<\/a>\n\t<\/li>\n\n\n       \n    \n\n<li><a href='?page_no=1'>1<\/a><\/li>\n\n\n\n<li><a href='?page_no=2'>2<\/a><\/li>\n\n\n\n<li><a>...<\/a><\/li>\n\n\n\n<li><a href='?page_no=10798'>10798<\/a><\/li>\n\n\n\n<li><a href='?page_no=10799'>10799<\/a><\/li>\n\n\n\n<li class='active'><a>10800<\/a><\/li>\n\n\n\n<li><a href='?page_no=10801'>10801<\/a><\/li>\n\n\n\n<li><a href='?page_no=10802'>10802<\/a><\/li>\n\n\n\n<li><a>...<\/a><\/li>\n\n\n\n<li><a href='?page_no=51012'>51012<\/a><\/li>\n\n\n\n<li><a href='?page_no=51013'>51013<\/a><\/li>\n\n    \n\t\n\n<li >\n\t<a href='?page_no=10801'>Next<\/a>\n\t<\/li>\n\n\n    \n\n<li><a href='?page_no=51013'>Last &rsaquo;&rsaquo;<\/a><\/li>\n\n<\/ul>\n\n\n--><br \/>\n<\/body><\/p>\n","protected":false},"excerpt":{"rendered":"<p>Washington, 31 mar (PL) El Gobierno estadounidense qued\u00f3 imposibilitado de manera temporal de evitar el aborto a las adolescentes inmigrantes menores de edad que permanecen hoy en centros de detenci\u00f3n. Tal freno se produjo a partir de una orden emitida ayer por la jueza federal Tanya Chutkan, quien determin\u00f3 que la administraci\u00f3n no puede despojar [&hellip;]<\/p>\n","protected":false},"author":3,"featured_media":0,"comment_status":"open","ping_status":"open","sticky":false,"template":"","format":"standard","meta":{"footnotes":""},"categories":[23],"tags":[],"class_list":["post-231161","post","type-post","status-publish","format-standard","hentry","category-internacional"],"_links":{"self":[{"href":"https:\/\/diariodominicano.com\/index.php?rest_route=\/wp\/v2\/posts\/231161","targetHints":{"allow":["GET"]}}],"collection":[{"href":"https:\/\/diariodominicano.com\/index.php?rest_route=\/wp\/v2\/posts"}],"about":[{"href":"https:\/\/diariodominicano.com\/index.php?rest_route=\/wp\/v2\/types\/post"}],"author":[{"embeddable":true,"href":"https:\/\/diariodominicano.com\/index.php?rest_route=\/wp\/v2\/users\/3"}],"replies":[{"embeddable":true,"href":"https:\/\/diariodominicano.com\/index.php?rest_route=%2Fwp%2Fv2%2Fcomments&post=231161"}],"version-history":[{"count":0,"href":"https:\/\/diariodominicano.com\/index.php?rest_route=\/wp\/v2\/posts\/231161\/revisions"}],"wp:attachment":[{"href":"https:\/\/diariodominicano.com\/index.php?rest_route=%2Fwp%2Fv2%2Fmedia&parent=231161"}],"wp:term":[{"taxonomy":"category","embeddable":true,"href":"https:\/\/diariodominicano.com\/index.php?rest_route=%2Fwp%2Fv2%2Fcategories&post=231161"},{"taxonomy":"post_tag","embeddable":true,"href":"https:\/\/diariodominicano.com\/index.php?rest_route=%2Fwp%2Fv2%2Ftags&post=231161"}],"curies":[{"name":"wp","href":"https:\/\/api.w.org\/{rel}","templated":true}]}}