{"id":231158,"date":"2018-03-31T08:14:48","date_gmt":"2018-03-31T08:14:48","guid":{"rendered":"http:\/\/diariodominicano.ddns.net\/?p=231158"},"modified":"2018-03-31T08:14:48","modified_gmt":"2018-03-31T08:14:48","slug":"expresidente-catalan-denuncia-actuacion-ilegitima-en-su-contra","status":"publish","type":"post","link":"https:\/\/diariodominicano.com\/?p=231158","title":{"rendered":"Expresidente catal\u00e1n denuncia actuaci\u00f3n ileg\u00edtima en su contra"},"content":{"rendered":"<p><body><\/p>\n<p><img decoding=\"async\" src=\"img3\/Puigdemont.jpg\" \/>  <\/p>\n<p><strong> Madrid, 31 mar (PL) <\/strong>El expresidente de Catalu\u00f1a Carles Puigdemont, recluido en una prisi\u00f3n de Alemania, rechaz\u00f3 hoy abandonar sus reivindicaciones ante los f\u00e9rreos obst\u00e1culos pol\u00edticos y judiciales interpuestos por Espa\u00f1a para frenar sus ansias independentistas.<\/p>\n<\/p>\n<p>Confinado de forma provisional desde el pasado domingo en una c\u00e1rcel de la ciudad alemana de Neum\u00fcnster, el l\u00edder separatista dio a entender a trav\u00e9s de Twitter que no forma parte de sus planes apartarse de la primera l\u00ednea de la pol\u00edtica.<\/p>\n<\/p>\n<p>&#8216;Que todo el mundo lo tenga claro: no claudicar\u00e9, no renunciar\u00e9, no me retirar\u00e9 ante la actuaci\u00f3n ileg\u00edtima de quienes han perdido en las urnas&#8217;, expres\u00f3 Puigdemont en la red social junto a una imagen suya.<\/p>\n<\/p>\n<p>Destituido en octubre de 2017 por el gobierno espa\u00f1ol de Mariano Rajoy, a ra\u00edz de la escalada del proceso secesionista en la pr\u00f3spera regi\u00f3n nororiental, el otrora mandatario auton\u00f3mico aludi\u00f3 al triunfo del independentismo en las elecciones del 21 de diciembre \u00faltimo.<\/p>\n<\/p>\n<p>En su primer mensaje tras ceder a colaboradores el control de sus perfiles en las redes sociales al encontrarse en prisi\u00f3n, el dirigente afirm\u00f3 que no claudicar\u00e1 ante &#8216;la arbitrariedad de quienes est\u00e1n dispuestos a pagar el precio de abandonar el Estado de derecho y la Justicia por la unidad de la patria&#8217;.<\/p>\n<\/p>\n<p>Una cr\u00edtica velada a la actuaci\u00f3n de la justicia espa\u00f1ola, que para intentar poner fin al grave conflicto territorial lo proces\u00f3 a \u00e9l y a otras 24 figuras del secesionismo catal\u00e1n, tras la declaraci\u00f3n unilateral de independencia del 27 de octubre del a\u00f1o pasado.<\/p>\n<\/p>\n<p>Puigdemont fue arrestado el domingo en un \u00e1rea de servicio del norte de Alemania, en virtud de una orden de captura europea emitida dos d\u00edas antes por el Tribunal Supremo de esta naci\u00f3n ib\u00e9rica, que lo investiga por presunta rebeli\u00f3n y malversaci\u00f3n de fondos p\u00fablicos.<\/p>\n<\/p>\n<p>Qued\u00f3 detenido en el estado de Schleswig-Holstein, donde aguarda la decisi\u00f3n sobre su posible extradici\u00f3n.<\/p>\n<\/p>\n<p>Pese a las innumerables trabas jur\u00eddicas en su contra, su partido, Junts per Catalunya (nacionalistas conservadores), insiste en postularlo a la presidencia de la rica comunidad aut\u00f3noma de 7,5 millones de habitantes.<\/p>\n<\/p>\n<p>En los comicios de diciembre, convocados por el ejecutivo de Rajoy tras intervenir la regi\u00f3n, las tres fuerzas favorables a la ruptura con Espa\u00f1a revalidaron la mayor\u00eda absoluta en el parlamento catal\u00e1n.<\/p>\n<\/p>\n<p>A finales de octubre, luego de su destituci\u00f3n por Madrid, el pol\u00edtico nacionalista conservador se exili\u00f3 en Bruselas, B\u00e9lgica, desde donde se desplaz\u00f3 en los \u00faltimos meses a numerosos pa\u00edses europeos en su af\u00e1n de internacionalizar el diferendo.<\/p>\n<\/p>\n<p>tgj\/edu\/gdc<\/p>\n<h6> 2018-03-31 08:14:48 <\/h6>\n<p><!--\n<link rel=\"stylesheet\" href=\"css\/bootstrap.min.css\">\n\n\n<ul class=\"pagination\">\n\t    \n\t\n\n<li >\n\t<a href='?page_no=10798'>Previous<\/a>\n\t<\/li>\n\n\n       \n    \n\n<li><a href='?page_no=1'>1<\/a><\/li>\n\n\n\n<li><a href='?page_no=2'>2<\/a><\/li>\n\n\n\n<li><a>...<\/a><\/li>\n\n\n\n<li><a href='?page_no=10797'>10797<\/a><\/li>\n\n\n\n<li><a href='?page_no=10798'>10798<\/a><\/li>\n\n\n\n<li class='active'><a>10799<\/a><\/li>\n\n\n\n<li><a href='?page_no=10800'>10800<\/a><\/li>\n\n\n\n<li><a href='?page_no=10801'>10801<\/a><\/li>\n\n\n\n<li><a>...<\/a><\/li>\n\n\n\n<li><a href='?page_no=51012'>51012<\/a><\/li>\n\n\n\n<li><a href='?page_no=51013'>51013<\/a><\/li>\n\n    \n\t\n\n<li >\n\t<a href='?page_no=10800'>Next<\/a>\n\t<\/li>\n\n\n    \n\n<li><a href='?page_no=51013'>Last &rsaquo;&rsaquo;<\/a><\/li>\n\n<\/ul>\n\n\n--><br \/>\n<\/body><\/p>\n","protected":false},"excerpt":{"rendered":"<p>Madrid, 31 mar (PL) El expresidente de Catalu\u00f1a Carles Puigdemont, recluido en una prisi\u00f3n de Alemania, rechaz\u00f3 hoy abandonar sus reivindicaciones ante los f\u00e9rreos obst\u00e1culos pol\u00edticos y judiciales interpuestos por Espa\u00f1a para frenar sus ansias independentistas. Confinado de forma provisional desde el pasado domingo en una c\u00e1rcel de la ciudad alemana de Neum\u00fcnster, el l\u00edder [&hellip;]<\/p>\n","protected":false},"author":3,"featured_media":0,"comment_status":"open","ping_status":"open","sticky":false,"template":"","format":"standard","meta":{"footnotes":""},"categories":[23],"tags":[],"class_list":["post-231158","post","type-post","status-publish","format-standard","hentry","category-internacional"],"_links":{"self":[{"href":"https:\/\/diariodominicano.com\/index.php?rest_route=\/wp\/v2\/posts\/231158","targetHints":{"allow":["GET"]}}],"collection":[{"href":"https:\/\/diariodominicano.com\/index.php?rest_route=\/wp\/v2\/posts"}],"about":[{"href":"https:\/\/diariodominicano.com\/index.php?rest_route=\/wp\/v2\/types\/post"}],"author":[{"embeddable":true,"href":"https:\/\/diariodominicano.com\/index.php?rest_route=\/wp\/v2\/users\/3"}],"replies":[{"embeddable":true,"href":"https:\/\/diariodominicano.com\/index.php?rest_route=%2Fwp%2Fv2%2Fcomments&post=231158"}],"version-history":[{"count":0,"href":"https:\/\/diariodominicano.com\/index.php?rest_route=\/wp\/v2\/posts\/231158\/revisions"}],"wp:attachment":[{"href":"https:\/\/diariodominicano.com\/index.php?rest_route=%2Fwp%2Fv2%2Fmedia&parent=231158"}],"wp:term":[{"taxonomy":"category","embeddable":true,"href":"https:\/\/diariodominicano.com\/index.php?rest_route=%2Fwp%2Fv2%2Fcategories&post=231158"},{"taxonomy":"post_tag","embeddable":true,"href":"https:\/\/diariodominicano.com\/index.php?rest_route=%2Fwp%2Fv2%2Ftags&post=231158"}],"curies":[{"name":"wp","href":"https:\/\/api.w.org\/{rel}","templated":true}]}}