{"id":231157,"date":"2018-03-31T08:35:34","date_gmt":"2018-03-31T08:35:34","guid":{"rendered":"http:\/\/diariodominicano.ddns.net\/?p=231157"},"modified":"2018-03-31T08:35:34","modified_gmt":"2018-03-31T08:35:34","slug":"gaza-prepara-nuevas-protestas-tras-el-dia-mas-sangriento-en-anos","status":"publish","type":"post","link":"https:\/\/diariodominicano.com\/?p=231157","title":{"rendered":"Gaza prepara nuevas protestas tras el d\u00eda m\u00e1s sangriento en a\u00f1os&#13;"},"content":{"rendered":"<p><body><\/p>\n<p><img decoding=\"async\" src=\"img3\/d119e6c19070d390ab6d3c6fc570549da8c21a29.jpg\" \/>  <\/p>\n<p>AFP \/ Jack GUEZ<\/p>\n<p>Los palestinos de Gaza se preparan para nuevas manifestaciones un d\u00eda despu\u00e9s de protestas que dejaron el viernes 16 palestinos muertos y centenares de heridos en enfrentamientos con el ej\u00e9rcito israel\u00ed<\/p>\n<p>Los palestinos preparaban nuevas protestas este s\u00e1bado cerca de la frontera de Gaza con Israel, despu\u00e9s de que el ej\u00e9rcito israel\u00ed matara a 16 palestinos la v\u00edspera en una gran manifestaci\u00f3n y enfrentamientos, en el d\u00eda m\u00e1s sangriento desde la guerra de 2014.<\/p>\n<\/p>\n<p>Los manifestantes volvieron el s\u00e1bado a las tiendas de campa\u00f1a que levantaron cerca de la frontera con Israel, antes de reanudar su protesta que se extender\u00e1 durante seis semanas en este enclave.<\/p>\n<\/p>\n<p>Ese movimiento de protesta fue convocado por la sociedad civil para exigir el \u00abderecho de retorno\u00bb de los refugiados palestinos y denunciar el bloqueo impuesto por Israel a Gaza.<\/p>\n<\/p>\n<p>Miles de personas asistieron este s\u00e1bado a los funerales de las v\u00edctimas del viernes, portando banderas palestinas, mientras algunos gritaban esl\u00f3ganes pidiendo \u00abvenganza\u00bb.<\/p>\n<\/p>\n<p>Adem\u00e1s, una huelga general fue convocada para este s\u00e1bado en los dos territorios palestinos, la Franja de Gaza y Cisjordania ocupada.<\/p>\n<\/p>\n<p>El secretario general de la ONU, Antonio Guterres, pidi\u00f3 una \u00abinvestigaci\u00f3n independiente y transparente\u00bb sobre los cruentos enfrentamientos del viernes en la Franja de Gaza.<\/p>\n<\/p>\n<p>El Consejo de Seguridad de la ONU se reuni\u00f3 de urgencia el viernes para analizar el estallido de violencia en Gaza, pero no lleg\u00f3 a un acuerdo sobre una declaraci\u00f3n conjunta.<\/p>\n<\/p>\n<p>&#8211; Ingresar en Israel &#8211;<\/p>\n<\/p>\n<p>Israel defendi\u00f3 la acci\u00f3n de sus soldados cuando el viernes abrieron fuego contra los palestinos que se acercaron a la fortificada valla fronteriza entre la Franja de Gaza e Israel.<\/p>\n<\/p>\n<p>Los militares israel\u00edes alegaron que dispararon solamente cuando fue necesario, mientras \u00ablos alborotadores hac\u00edan rodar neum\u00e1ticos en llamas y arrojaban bombas incendiarias y piedras a la valla de seguridad y a las tropas\u00bb israel\u00edes, seg\u00fan indic\u00f3 un portavoz militar, que estim\u00f3 que hubo el viernes unos 30.000 manifestantes.<\/p>\n<\/p>\n<p>Fuentes militares israel\u00edes adujeron tambi\u00e9n que hubo intentos de da\u00f1ar la valla y de infiltrarse en territorio israel\u00ed.<\/p>\n<\/p>\n<p>Pero los palestinos acusan a Israel de hacer un uso \u00abdesproporcionado de la fuerza\u00bb y las organizaciones de derechos humanos cuestionaron la utilizaci\u00f3n por parte de Israel de balas reales.<\/p>\n<\/p>\n<p>Adem\u00e1s de los 16 muertos, los enfrentamientos dejaron m\u00e1s de 1.400 heridos, 758 de ellos por disparos y el resto por balas de goma o inhalaci\u00f3n de gases lacrim\u00f3genos, seg\u00fan el ministerio de Salud de Gaza.<\/p>\n<\/p>\n<p>No hubo v\u00edctimas o heridos del lado israel\u00ed.<\/p>\n<\/p>\n<p>&#8211; El mundo &#8216;debe intervenir&#8217; &#8211;<\/p>\n<\/p>\n<p>El presidente palestino Mahmud Abas declar\u00f3 el s\u00e1bado d\u00eda de luto nacional y en un discurso responsabiliz\u00f3 \u00edntegramente a Israel de las muertes producidas el viernes.<\/p>\n<\/p>\n<p>\u00abEl gran n\u00famero de m\u00e1rtires (muertos) y de personas heridas en estas manifestaciones populares y pac\u00edficas demuestra que la comunidad internacional debe intervenir para asegurar la protecci\u00f3n de nuestro pueblo palestino\u00bb dijo Abas.<\/p>\n<\/p>\n<p>En cambio un portavoz del ejercito israel\u00ed calific\u00f3 el s\u00e1bado los acontecimientos de la v\u00edspera de \u00abactividad terrorista organizada\u00bb.<\/p>\n<\/p>\n<p>Acus\u00f3 adem\u00e1s al movimiento islamista Hamas, que controla la Franja de Gaza y ha librado tres guerras contra Israel desde 2008, de estar detr\u00e1s de las manifestaciones.<\/p>\n<\/p>\n<p>La \u00abgran marcha por el derecho de retorno\u00bb coincidi\u00f3 adem\u00e1s con el \u00abD\u00eda de la Tierra\u00bb, un homenaje que se rinde anualmente cada 30 de marzo a seis \u00e1rabes israel\u00edes muertos en 1976 en manifestaciones contra la confiscaci\u00f3n de tierras por Israel.<\/p>\n<\/p>\n<p>Los \u00e1rabes israel\u00edes son los descendientes de los palestinos que se quedaron tras la creaci\u00f3n del Estado de Israel en 1948.<\/p>\n<\/p>\n<p>Otro de los temas de enfrentamiento entre israel\u00edes y palestinos es el estatus de Jerusal\u00e9n, a\u00fan m\u00e1s desde que el presidente estadounidense Donald Trump decidiera reconocer la Ciudad Santa como capital de Israel y trasladar all\u00ed la embajada de Estados Unidos.<\/p>\n<\/p>\n<p>Por su lado, el ej\u00e9rcito israel\u00ed afirm\u00f3 haber desplegado importantes refuerzos en la frontera para impedir infiltraciones durante la celebraci\u00f3n de P\u00e9saj, la Pascua jud\u00eda, que se celebra a partir del viernes por la noche.<\/p>\n<h6> 2018-03-31 08:35:34 <\/h6>\n<p><!--\n<link rel=\"stylesheet\" href=\"css\/bootstrap.min.css\">\n\n\n<ul class=\"pagination\">\n\t    \n\t\n\n<li >\n\t<a href='?page_no=10797'>Previous<\/a>\n\t<\/li>\n\n\n       \n    \n\n<li><a href='?page_no=1'>1<\/a><\/li>\n\n\n\n<li><a href='?page_no=2'>2<\/a><\/li>\n\n\n\n<li><a>...<\/a><\/li>\n\n\n\n<li><a href='?page_no=10796'>10796<\/a><\/li>\n\n\n\n<li><a href='?page_no=10797'>10797<\/a><\/li>\n\n\n\n<li class='active'><a>10798<\/a><\/li>\n\n\n\n<li><a href='?page_no=10799'>10799<\/a><\/li>\n\n\n\n<li><a href='?page_no=10800'>10800<\/a><\/li>\n\n\n\n<li><a>...<\/a><\/li>\n\n\n\n<li><a href='?page_no=51012'>51012<\/a><\/li>\n\n\n\n<li><a href='?page_no=51013'>51013<\/a><\/li>\n\n    \n\t\n\n<li >\n\t<a href='?page_no=10799'>Next<\/a>\n\t<\/li>\n\n\n    \n\n<li><a href='?page_no=51013'>Last &rsaquo;&rsaquo;<\/a><\/li>\n\n<\/ul>\n\n\n--><br \/>\n<\/body><\/p>\n","protected":false},"excerpt":{"rendered":"<p>AFP \/ Jack GUEZ Los palestinos de Gaza se preparan para nuevas manifestaciones un d\u00eda despu\u00e9s de protestas que dejaron el viernes 16 palestinos muertos y centenares de heridos en enfrentamientos con el ej\u00e9rcito israel\u00ed Los palestinos preparaban nuevas protestas este s\u00e1bado cerca de la frontera de Gaza con Israel, despu\u00e9s de que el ej\u00e9rcito [&hellip;]<\/p>\n","protected":false},"author":3,"featured_media":0,"comment_status":"open","ping_status":"open","sticky":false,"template":"","format":"standard","meta":{"footnotes":""},"categories":[23],"tags":[],"class_list":["post-231157","post","type-post","status-publish","format-standard","hentry","category-internacional"],"_links":{"self":[{"href":"https:\/\/diariodominicano.com\/index.php?rest_route=\/wp\/v2\/posts\/231157","targetHints":{"allow":["GET"]}}],"collection":[{"href":"https:\/\/diariodominicano.com\/index.php?rest_route=\/wp\/v2\/posts"}],"about":[{"href":"https:\/\/diariodominicano.com\/index.php?rest_route=\/wp\/v2\/types\/post"}],"author":[{"embeddable":true,"href":"https:\/\/diariodominicano.com\/index.php?rest_route=\/wp\/v2\/users\/3"}],"replies":[{"embeddable":true,"href":"https:\/\/diariodominicano.com\/index.php?rest_route=%2Fwp%2Fv2%2Fcomments&post=231157"}],"version-history":[{"count":0,"href":"https:\/\/diariodominicano.com\/index.php?rest_route=\/wp\/v2\/posts\/231157\/revisions"}],"wp:attachment":[{"href":"https:\/\/diariodominicano.com\/index.php?rest_route=%2Fwp%2Fv2%2Fmedia&parent=231157"}],"wp:term":[{"taxonomy":"category","embeddable":true,"href":"https:\/\/diariodominicano.com\/index.php?rest_route=%2Fwp%2Fv2%2Fcategories&post=231157"},{"taxonomy":"post_tag","embeddable":true,"href":"https:\/\/diariodominicano.com\/index.php?rest_route=%2Fwp%2Fv2%2Ftags&post=231157"}],"curies":[{"name":"wp","href":"https:\/\/api.w.org\/{rel}","templated":true}]}}