{"id":231153,"date":"2018-03-31T22:03:34","date_gmt":"2018-03-31T22:03:34","guid":{"rendered":"http:\/\/diariodominicano.ddns.net\/?p=231153"},"modified":"2018-03-31T22:03:34","modified_gmt":"2018-03-31T22:03:34","slug":"los-palestinos-entierran-a-sus-muertos-tras-el-dia-mas-sangriento-en-anos","status":"publish","type":"post","link":"https:\/\/diariodominicano.com\/?p=231153","title":{"rendered":"Los palestinos entierran a sus muertos tras el d\u00eda m\u00e1s sangriento en a\u00f1os"},"content":{"rendered":"<p><body><\/p>\n<p><img decoding=\"async\" src=\"img3\/ab2f994af1a512ee6aacf6bb11d95b50e14a2809.jpg\" \/><br \/><img decoding=\"async\" src=\"img3\/5b51204c32f31cffed942ee89ff4f193ba65e6ee.jpg\" \/>  <\/p>\n<\/p>\n<p>AFP \/ SAID KHATIB<\/p>\n<p>El 31 de marzo de 2018 en Rafah, en el sur de la Franja de Gaza, palestinos acompa\u00f1an el ata\u00fad de un manifestante muerto la v\u00edspera durante enfrentamientos con el ej\u00e9rcito israel\u00ed<\/p>\n<p>Miles de gazat\u00edes acudieron este s\u00e1bado a los funerales de los manifestantes muertos la v\u00edspera en enfrentamientos con el ej\u00e9rcito israel\u00ed, que dejaron 16 muertos del lado palestino, en la jornada m\u00e1s sangrienta desde la guerra de 2014.<\/p>\n<\/p>\n<p>Pese a la c\u00f3lera que crece desde el viernes, solamente algunos centenares de manifestantes retornaron el s\u00e1bado por la tarde a zonas cercanas a la frontera con Israel, para proseguir su movimiento de protesta.<\/p>\n<\/p>\n<p>Esta protesta, que durar\u00e1 seis semanas con manifestaciones a lo largo de la valla de seguridad entre Gaza e Israel, fue convocada por la sociedad civil para exigir el \u00abderecho de retorno\u00bb de los refugiados palestinos y denunciar el estricto bloqueo impuesto por Israel en Gaza.<\/p>\n<\/p>\n<p>Este s\u00e1bado, en varias ciudades de la Franja de Gaza, una compacta muchedumbre acompa\u00f1\u00f3 los ata\u00fades de las v\u00edctimas del viernes, portando banderas palestinas, mientras algunos gritaban esl\u00f3ganes pidiendo \u00abvenganza\u00bb.<\/p>\n<\/p>\n<p>Cinco de los manifestantes muertos era miembros del Hamas, que participaban en \u00abmanifestaciones populares al lado de su pueblo\u00bb, indic\u00f3 la rama armada de este movimiento islamista que controla Gaza.<\/p>\n<\/p>\n<p>Adem\u00e1s, una huelga general fue convocada para este s\u00e1bado en los dos territorios palestinos, la Franja de Gaza y Cisjordania ocupada desde hace 50 a\u00f1os por Israel.<\/p>\n<\/p>\n<p>La tensi\u00f3n es grande desde que los soldados israel\u00edes abrieron fuego el viernes contra los palestinos que se acercaron a la fortificada valla fronteriza entre la Franja de Gaza e Israel, habitualmente escenario de sangrientos disturbios.<\/p>\n<\/p>\n<p>AFP \/ MAHMUD HAMS<\/p>\n<p>Mujeres palestinas lloran la muerte de una de las v\u00edctimas mortales de los enfrentamientos con el ej\u00e9rcito israel\u00ed el viernes. Foto tomada el 31 de marzo de 2018<\/p>\n<p>Adem\u00e1s de los 16 muertos, los enfrentamientos dejaron m\u00e1s de 1.400 heridos, 758 de ellos por disparos y el resto por balas de goma o inhalaci\u00f3n de gases lacrim\u00f3genos, seg\u00fan el ministerio de Salud de Gaza.<\/p>\n<\/p>\n<p>No hubo v\u00edctimas o heridos del lado israel\u00ed.<\/p>\n<\/p>\n<p>\u00abMuy bien por nuestros soldados\u00bb, escribi\u00f3 el primer ministro Benjamin Netanyahu en un comunicado. \u00abIsrael actu\u00e1 con firmeza y con determinaci\u00f3n para proteger su soberan\u00eda y la seguridad de sus ciudadanos\u00bb, agreg\u00f3 Netanyahu.<\/p>\n<\/p>\n<p>La movilizaci\u00f3n de los gazat\u00edes \u00abno era una manifestaci\u00f3n\u00bb sino \u00abactividad terrorista organizada\u00bb por Hamas, advirti\u00f3 un general brigadier, Ronen Manelis.<\/p>\n<\/p>\n<p>&#8211; Israel se defiende &#8211;<\/p>\n<\/p>\n<p>Los militares israel\u00edes alegaron que dispararon solamente cuando fue necesario, mientras \u00ablos alborotadores hac\u00edan rodar neum\u00e1ticos en llamas y arrojaban bombas incendiarias y piedras a la valla de seguridad y a las tropas\u00bb israel\u00edes, seg\u00fan indic\u00f3 un portavoz militar, que estim\u00f3 que hubo el viernes unos 30.000 manifestantes.<\/p>\n<\/p>\n<p>Fuentes militares israel\u00edes adujeron tambi\u00e9n que hubo intentos de da\u00f1ar la valla y de infiltrarse en territorio israel\u00ed.<\/p>\n<\/p>\n<p>Pero los palestinos acusan a Israel de hacer un uso \u00abdesproporcionado de la fuerza\u00bb y las organizaciones de derechos humanos cuestionaron la utilizaci\u00f3n por parte de Israel de balas reales.<\/p>\n<\/p>\n<p>El secretario general de la ONU, Antonio Guterres, pidi\u00f3 una \u00abinvestigaci\u00f3n independiente y transparente\u00bb sobre los cruentos enfrentamientos.<\/p>\n<\/p>\n<p>Tambi\u00e9n la Uni\u00f3n europea pidi\u00f3 una investigaci\u00f3n sobre los hechos y record\u00f3 que la \u00ablibertad de expresi\u00f3n y de reuni\u00f3n son derechos fundamentales que deben ser respetados\u00bb, en un comunicado de la jefa de la diplomacia europea, Federica Mogherini.<\/p>\n<\/p>\n<p>Por su lado el presidente palestino Mahmud Abas declar\u00f3 el s\u00e1bado d\u00eda de luto nacional y en un discurso responsabiliz\u00f3 \u00edntegramente a Israel de las muertes producidas el viernes.<\/p>\n<\/p>\n<p>\u00abEl gran n\u00famero de m\u00e1rtires (muertos) y de personas heridas en estas manifestaciones populares y pac\u00edficas demuestra que la comunidad internacional debe intervenir para asegurar la protecci\u00f3n de nuestro pueblo palestino\u00bb dijo Abas.<\/p>\n<\/p>\n<p>&#8211; M\u00e1s enfrentamientos &#8211;<\/p>\n<\/p>\n<p>El s\u00e1bado hubo nuevos enfrentamientos entre palestinos y fuerzas israel\u00edes en Hebr\u00f3n, al sur de Cisjordania, y se produjo una peque\u00f1a manifestaci\u00f3n en Nabl\u00fas, m\u00e1s al norte.<\/p>\n<\/p>\n<p>La \u00abgran marcha por el derecho de retorno\u00bb coincidi\u00f3 adem\u00e1s con el \u00abD\u00eda de la Tierra\u00bb, un homenaje que se rinde anualmente cada 30 de marzo a seis \u00e1rabes israel\u00edes muertos en 1976 en manifestaciones contra la confiscaci\u00f3n de tierras por Israel.<\/p>\n<\/p>\n<p>Otro de los temas de enfrentamiento entre israel\u00edes y palestinos es el estatus de Jerusal\u00e9n, a\u00fan m\u00e1s desde que el presidente estadounidense Donald Trump decidiera reconocer la Ciudad Santa como capital de Israel y trasladar all\u00ed la embajada de Estados Unidos.<\/p>\n<\/p>\n<p>Mientras el Estado de Israel celebrar\u00e1 en mayo sus 70 a\u00f1os, los palestinos siguen esperando la creaci\u00f3n de su propio Estado, que hoy parece m\u00e1s alejada que nunca.<\/p>\n<h6> 2018-03-31 22:03:34 <\/h6>\n<p><!--\n<link rel=\"stylesheet\" href=\"css\/bootstrap.min.css\">\n\n\n<ul class=\"pagination\">\n\t    \n\t\n\n<li >\n\t<a href='?page_no=10793'>Previous<\/a>\n\t<\/li>\n\n\n       \n    \n\n<li><a href='?page_no=1'>1<\/a><\/li>\n\n\n\n<li><a href='?page_no=2'>2<\/a><\/li>\n\n\n\n<li><a>...<\/a><\/li>\n\n\n\n<li><a href='?page_no=10792'>10792<\/a><\/li>\n\n\n\n<li><a href='?page_no=10793'>10793<\/a><\/li>\n\n\n\n<li class='active'><a>10794<\/a><\/li>\n\n\n\n<li><a href='?page_no=10795'>10795<\/a><\/li>\n\n\n\n<li><a href='?page_no=10796'>10796<\/a><\/li>\n\n\n\n<li><a>...<\/a><\/li>\n\n\n\n<li><a href='?page_no=51012'>51012<\/a><\/li>\n\n\n\n<li><a href='?page_no=51013'>51013<\/a><\/li>\n\n    \n\t\n\n<li >\n\t<a href='?page_no=10795'>Next<\/a>\n\t<\/li>\n\n\n    \n\n<li><a href='?page_no=51013'>Last &rsaquo;&rsaquo;<\/a><\/li>\n\n<\/ul>\n\n\n--><br \/>\n<\/body><\/p>\n","protected":false},"excerpt":{"rendered":"<p>AFP \/ SAID KHATIB El 31 de marzo de 2018 en Rafah, en el sur de la Franja de Gaza, palestinos acompa\u00f1an el ata\u00fad de un manifestante muerto la v\u00edspera durante enfrentamientos con el ej\u00e9rcito israel\u00ed Miles de gazat\u00edes acudieron este s\u00e1bado a los funerales de los manifestantes muertos la v\u00edspera en enfrentamientos con el [&hellip;]<\/p>\n","protected":false},"author":3,"featured_media":0,"comment_status":"open","ping_status":"open","sticky":false,"template":"","format":"standard","meta":{"footnotes":""},"categories":[23],"tags":[],"class_list":["post-231153","post","type-post","status-publish","format-standard","hentry","category-internacional"],"_links":{"self":[{"href":"https:\/\/diariodominicano.com\/index.php?rest_route=\/wp\/v2\/posts\/231153","targetHints":{"allow":["GET"]}}],"collection":[{"href":"https:\/\/diariodominicano.com\/index.php?rest_route=\/wp\/v2\/posts"}],"about":[{"href":"https:\/\/diariodominicano.com\/index.php?rest_route=\/wp\/v2\/types\/post"}],"author":[{"embeddable":true,"href":"https:\/\/diariodominicano.com\/index.php?rest_route=\/wp\/v2\/users\/3"}],"replies":[{"embeddable":true,"href":"https:\/\/diariodominicano.com\/index.php?rest_route=%2Fwp%2Fv2%2Fcomments&post=231153"}],"version-history":[{"count":0,"href":"https:\/\/diariodominicano.com\/index.php?rest_route=\/wp\/v2\/posts\/231153\/revisions"}],"wp:attachment":[{"href":"https:\/\/diariodominicano.com\/index.php?rest_route=%2Fwp%2Fv2%2Fmedia&parent=231153"}],"wp:term":[{"taxonomy":"category","embeddable":true,"href":"https:\/\/diariodominicano.com\/index.php?rest_route=%2Fwp%2Fv2%2Fcategories&post=231153"},{"taxonomy":"post_tag","embeddable":true,"href":"https:\/\/diariodominicano.com\/index.php?rest_route=%2Fwp%2Fv2%2Ftags&post=231153"}],"curies":[{"name":"wp","href":"https:\/\/api.w.org\/{rel}","templated":true}]}}