{"id":231151,"date":"2018-03-31T22:45:48","date_gmt":"2018-03-31T22:45:48","guid":{"rendered":"http:\/\/diariodominicano.ddns.net\/?p=231151"},"modified":"2018-03-31T22:45:48","modified_gmt":"2018-03-31T22:45:48","slug":"condena-egipto-mortal-represion-israeli-en-gaza","status":"publish","type":"post","link":"https:\/\/diariodominicano.com\/?p=231151","title":{"rendered":"Condena Egipto mortal represi\u00f3n israel\u00ed en Gaza"},"content":{"rendered":"<p><body><\/p>\n<p><img decoding=\"async\" src=\"img3\/isr-pal-represion.jpg\" \/>  <\/p>\n<p><strong> El Cairo, 31 mar (PL) <\/strong>El ministerio de Relaciones Exteriores de Egipto conden\u00f3 hoy uso de \u00bbviolencia excesiva\u00bb la v\u00edspera por parte de las fuerzas de ocupaci\u00f3n israel\u00edes contra los manifestantes palestinos en la Franja de Gaza.<\/p>\n<\/p>\n<p>En un comunicado, la Canciller\u00eda reafirm\u00f3 que &#8216;Egipto apoya plenamente los derechos leg\u00edtimos del pueblo palestino, y la m\u00e1xima prioridad descansa en el derecho a establecer un Estado independiente con Jerusal\u00e9n Oriental como su capital, as\u00ed como su derecho de retorno&#8217;, de los desplazados.<\/p>\n<\/p>\n<p>Asimismo, El Cairo hizo un llamado a la implementaci\u00f3n de las resoluciones de la ONU sobre Palestina, tema en el cual, dijo el Ministerio, la comunidad internacional debe ser consecuente con sus responsabilidades.<\/p>\n<\/p>\n<p>El D\u00eda de la Tierra, a\u00f1adi\u00f3 la Canciller\u00eda en el texto, recuerda a todos la necesidad de trabajar duro y r\u00e1pido para llegar a un acuerdo global y justo para el problema palestino.<\/p>\n<\/p>\n<p>En cuanto a la situaci\u00f3n actual, revela el comunicado, El Cairo ha pedido a todas las partes que mantengan la calma y la autodisciplina, as\u00ed como evitar exponer las vidas de los civiles a m\u00e1s peligros.<\/p>\n<\/p>\n<p>La v\u00edspera la represi\u00f3n israel\u00ed a las manifestantes palestinas en Gaza caus\u00f3 la muerte a 15 civiles.<\/p>\n<\/p>\n<p>Al mismo tiempo, seg\u00fan el Ministerio de Salud de la Franja de Gaza, la cifra de lesionados cuando soldados de Tel Aviv dispararon en varias ocasiones con balas de combate y lanzaron gases lacrim\u00f3genos contra los participantes lleg\u00f3 a los mil 416.<\/p>\n<\/p>\n<p>Durante casi todo el viernes decenas de miles de palestinos protestaron en las cercan\u00edas de la valla fronteriza que separa a Gaza con Israel como parte de la Gran Marcha del Retorno que se concentra en cinco localidades dentro de la Franja.<\/p>\n<\/p>\n<p>La movilizaci\u00f3n palestina, que incluye el levantamiento de campamentos improvisados en las cercan\u00edas de la frontera, proseguir\u00e1 hasta el 15 de mayo, cuando se conmemora la Nakba (cat\u00e1strofe), fecha de la creaci\u00f3n del Estado de Israel y el inicio del \u00e9xodo forzoso de unos 750 mil palestinos de sus tierras ancestrales.<\/p>\n<\/p>\n<p>mh\/mv<\/p>\n<h6> 2018-03-31 22:45:48 <\/h6>\n<p><!--\n<link rel=\"stylesheet\" href=\"css\/bootstrap.min.css\">\n\n\n<ul class=\"pagination\">\n\t    \n\t\n\n<li >\n\t<a href='?page_no=10791'>Previous<\/a>\n\t<\/li>\n\n\n       \n    \n\n<li><a href='?page_no=1'>1<\/a><\/li>\n\n\n\n<li><a href='?page_no=2'>2<\/a><\/li>\n\n\n\n<li><a>...<\/a><\/li>\n\n\n\n<li><a href='?page_no=10790'>10790<\/a><\/li>\n\n\n\n<li><a href='?page_no=10791'>10791<\/a><\/li>\n\n\n\n<li class='active'><a>10792<\/a><\/li>\n\n\n\n<li><a href='?page_no=10793'>10793<\/a><\/li>\n\n\n\n<li><a href='?page_no=10794'>10794<\/a><\/li>\n\n\n\n<li><a>...<\/a><\/li>\n\n\n\n<li><a href='?page_no=51012'>51012<\/a><\/li>\n\n\n\n<li><a href='?page_no=51013'>51013<\/a><\/li>\n\n    \n\t\n\n<li >\n\t<a href='?page_no=10793'>Next<\/a>\n\t<\/li>\n\n\n    \n\n<li><a href='?page_no=51013'>Last &rsaquo;&rsaquo;<\/a><\/li>\n\n<\/ul>\n\n\n--><br \/>\n<\/body><\/p>\n","protected":false},"excerpt":{"rendered":"<p>El Cairo, 31 mar (PL) El ministerio de Relaciones Exteriores de Egipto conden\u00f3 hoy uso de \u00bbviolencia excesiva\u00bb la v\u00edspera por parte de las fuerzas de ocupaci\u00f3n israel\u00edes contra los manifestantes palestinos en la Franja de Gaza. En un comunicado, la Canciller\u00eda reafirm\u00f3 que &#8216;Egipto apoya plenamente los derechos leg\u00edtimos del pueblo palestino, y la [&hellip;]<\/p>\n","protected":false},"author":3,"featured_media":0,"comment_status":"open","ping_status":"open","sticky":false,"template":"","format":"standard","meta":{"footnotes":""},"categories":[23],"tags":[],"class_list":["post-231151","post","type-post","status-publish","format-standard","hentry","category-internacional"],"_links":{"self":[{"href":"https:\/\/diariodominicano.com\/index.php?rest_route=\/wp\/v2\/posts\/231151","targetHints":{"allow":["GET"]}}],"collection":[{"href":"https:\/\/diariodominicano.com\/index.php?rest_route=\/wp\/v2\/posts"}],"about":[{"href":"https:\/\/diariodominicano.com\/index.php?rest_route=\/wp\/v2\/types\/post"}],"author":[{"embeddable":true,"href":"https:\/\/diariodominicano.com\/index.php?rest_route=\/wp\/v2\/users\/3"}],"replies":[{"embeddable":true,"href":"https:\/\/diariodominicano.com\/index.php?rest_route=%2Fwp%2Fv2%2Fcomments&post=231151"}],"version-history":[{"count":0,"href":"https:\/\/diariodominicano.com\/index.php?rest_route=\/wp\/v2\/posts\/231151\/revisions"}],"wp:attachment":[{"href":"https:\/\/diariodominicano.com\/index.php?rest_route=%2Fwp%2Fv2%2Fmedia&parent=231151"}],"wp:term":[{"taxonomy":"category","embeddable":true,"href":"https:\/\/diariodominicano.com\/index.php?rest_route=%2Fwp%2Fv2%2Fcategories&post=231151"},{"taxonomy":"post_tag","embeddable":true,"href":"https:\/\/diariodominicano.com\/index.php?rest_route=%2Fwp%2Fv2%2Ftags&post=231151"}],"curies":[{"name":"wp","href":"https:\/\/api.w.org\/{rel}","templated":true}]}}