{"id":231150,"date":"2018-03-31T22:54:26","date_gmt":"2018-03-31T22:54:26","guid":{"rendered":"http:\/\/diariodominicano.ddns.net\/?p=231150"},"modified":"2018-03-31T22:54:26","modified_gmt":"2018-03-31T22:54:26","slug":"agradece-dirigente-comunista-vietnamita-calida-acogida-en-cuba","status":"publish","type":"post","link":"https:\/\/diariodominicano.com\/?p=231150","title":{"rendered":"Agradece dirigente comunista vietnamita c\u00e1lida acogida en Cuba&#13;"},"content":{"rendered":"<p><body><\/p>\n<p><img decoding=\"async\" src=\"img3\/vietnam-cuba-delegaciones2.jpg\" \/>  <\/p>\n<p><strong> Hanoi, 31 mar (PL) <\/strong>El secretario general del Partido Comunista de Vietnam, Nguyen Phu Trong, envi\u00f3 hoy al presidente cubano, Ra\u00fal Castro, una carta en que agradece la c\u00e1lida recepci\u00f3n que tuvo en la isla durante su visita oficial del 28 al 30.<\/p>\n<\/p>\n<p>Phu Trong expres\u00f3 su convicci\u00f3n de que los resultados de su viaje contribuir\u00e1n significativamente a la profundizaci\u00f3n de la solidaridad y la amistad entre los dos pa\u00edses e impulsar\u00e1 y har\u00e1 m\u00e1s efectiva la cooperaci\u00f3n bilateral.<\/p>\n<\/p>\n<p>La visita es una muestra v\u00edvida de las relaciones especiales existentes entre los dos Partidos, Estados y pueblos, escribi\u00f3.<\/p>\n<\/p>\n<p>Tambi\u00e9n manifest\u00f3 su deseo de que bajo el liderazgo del Partido Comunista de Cuba, el pueblo cubano alcance mayores logros en el proceso de actualizaci\u00f3n del modelo socioecon\u00f3mico y cumpla el objetivo de construir un socialismo pr\u00f3spero y sostenible.<\/p>\n<\/p>\n<p>&#8216;Que la relaci\u00f3n fraternal, la amistad tradicional, la cooperaci\u00f3n integral y la solidaridad entre los dos Partidos, Estados y pueblos se consoliden y desarrollen&#8217;, dese\u00f3 el dirigente comunista vietnamita.<\/p>\n<\/p>\n<p>mh\/asg\/gdc<\/p>\n<h6> 2018-03-31 22:54:26 <\/h6>\n<p><!--\n<link rel=\"stylesheet\" href=\"css\/bootstrap.min.css\">\n\n\n<ul class=\"pagination\">\n\t    \n\t\n\n<li >\n\t<a href='?page_no=10790'>Previous<\/a>\n\t<\/li>\n\n\n       \n    \n\n<li><a href='?page_no=1'>1<\/a><\/li>\n\n\n\n<li><a href='?page_no=2'>2<\/a><\/li>\n\n\n\n<li><a>...<\/a><\/li>\n\n\n\n<li><a href='?page_no=10789'>10789<\/a><\/li>\n\n\n\n<li><a href='?page_no=10790'>10790<\/a><\/li>\n\n\n\n<li class='active'><a>10791<\/a><\/li>\n\n\n\n<li><a href='?page_no=10792'>10792<\/a><\/li>\n\n\n\n<li><a href='?page_no=10793'>10793<\/a><\/li>\n\n\n\n<li><a>...<\/a><\/li>\n\n\n\n<li><a href='?page_no=51012'>51012<\/a><\/li>\n\n\n\n<li><a href='?page_no=51013'>51013<\/a><\/li>\n\n    \n\t\n\n<li >\n\t<a href='?page_no=10792'>Next<\/a>\n\t<\/li>\n\n\n    \n\n<li><a href='?page_no=51013'>Last &rsaquo;&rsaquo;<\/a><\/li>\n\n<\/ul>\n\n\n--><br \/>\n<\/body><\/p>\n","protected":false},"excerpt":{"rendered":"<p>Hanoi, 31 mar (PL) El secretario general del Partido Comunista de Vietnam, Nguyen Phu Trong, envi\u00f3 hoy al presidente cubano, Ra\u00fal Castro, una carta en que agradece la c\u00e1lida recepci\u00f3n que tuvo en la isla durante su visita oficial del 28 al 30. Phu Trong expres\u00f3 su convicci\u00f3n de que los resultados de su viaje [&hellip;]<\/p>\n","protected":false},"author":3,"featured_media":0,"comment_status":"open","ping_status":"open","sticky":false,"template":"","format":"standard","meta":{"footnotes":""},"categories":[23],"tags":[],"class_list":["post-231150","post","type-post","status-publish","format-standard","hentry","category-internacional"],"_links":{"self":[{"href":"https:\/\/diariodominicano.com\/index.php?rest_route=\/wp\/v2\/posts\/231150","targetHints":{"allow":["GET"]}}],"collection":[{"href":"https:\/\/diariodominicano.com\/index.php?rest_route=\/wp\/v2\/posts"}],"about":[{"href":"https:\/\/diariodominicano.com\/index.php?rest_route=\/wp\/v2\/types\/post"}],"author":[{"embeddable":true,"href":"https:\/\/diariodominicano.com\/index.php?rest_route=\/wp\/v2\/users\/3"}],"replies":[{"embeddable":true,"href":"https:\/\/diariodominicano.com\/index.php?rest_route=%2Fwp%2Fv2%2Fcomments&post=231150"}],"version-history":[{"count":0,"href":"https:\/\/diariodominicano.com\/index.php?rest_route=\/wp\/v2\/posts\/231150\/revisions"}],"wp:attachment":[{"href":"https:\/\/diariodominicano.com\/index.php?rest_route=%2Fwp%2Fv2%2Fmedia&parent=231150"}],"wp:term":[{"taxonomy":"category","embeddable":true,"href":"https:\/\/diariodominicano.com\/index.php?rest_route=%2Fwp%2Fv2%2Fcategories&post=231150"},{"taxonomy":"post_tag","embeddable":true,"href":"https:\/\/diariodominicano.com\/index.php?rest_route=%2Fwp%2Fv2%2Ftags&post=231150"}],"curies":[{"name":"wp","href":"https:\/\/api.w.org\/{rel}","templated":true}]}}