{"id":231146,"date":"2018-04-01T00:12:25","date_gmt":"2018-04-01T00:12:25","guid":{"rendered":"http:\/\/diariodominicano.ddns.net\/?p=231146"},"modified":"2018-04-01T00:12:25","modified_gmt":"2018-04-01T00:12:25","slug":"cientos-marchan-en-sacramento-contra-la-muerte-de-negros-por-policias","status":"publish","type":"post","link":"https:\/\/diariodominicano.com\/?p=231146","title":{"rendered":"Cientos marchan en Sacramento contra la muerte de negros por polic\u00edas"},"content":{"rendered":"<p><body><\/p>\n<p><img decoding=\"async\" src=\"img3\/7b68e33d-5754-4c93-82b9-df88b5fe595b.jpg\" \/>  <\/p>\n<p><strong>s\u00e1bado, 31 de marzo de 2018 &#8211; <\/strong><\/p>\n<\/p>\n<p>Por Agencia EFE<\/p>\n<\/p>\n<p>Los polic\u00edas dijeron que ten\u00eda un arma y comenzaron a disparar, pero solo ten\u00eda un tel\u00e9fono m\u00f3vil en sus manos<\/p>\n<p>Washington &#8211; Cientos de personas marcharon hoy, s\u00e1bado, en Sacramento (California) para pedir justicia y rendir homenaje a Stephon Clark, el joven afroamericano muerto este mes por disparos de la polic\u00eda y que se ha convertido en un nuevo s\u00edmbolo de resistencia contra el racismo institucional.<\/p>\n<\/p>\n<p>Las protestas estuvieron encabezadas por el exjugador de baloncesto de la NBA Matt Barnes, que el jueves llev\u00f3 a hombros el ata\u00fad de Clark y se ofreci\u00f3 para pagar por su funeral junto a DeMarcus Cousins, con el que comparti\u00f3 camiseta en el equipo local de los Sacramento Kings.<\/p>\n<\/p>\n<\/p>\n<p>Informaci\u00f3n y privacidad de Twitter Ads<\/p>\n<p>Barnes, afroamericano de 38 a\u00f1os y nacido en California, se encarg\u00f3 de organizar na de las manifestaciones que partieron de una plaza del centro de Sacramento.<\/p>\n<\/p>\n<p>\u00abSiguen mat\u00e1ndonos, y podr\u00eda ser cualquiera de nosotros. Tener un poco de color en tu piel significa que eres culpable y eso no deber\u00eda ser as\u00ed. Todo el mundo deber\u00eda ser tratado igual\u00bb, dijo.<\/p>\n<\/p>\n<p>\u00abEl hecho -continu\u00f3- es que hay tanto aislamiento y tanta segregaci\u00f3n porque no entendemos, no o\u00edmos y tenemos miedo de lo que no conocemos. No conocemos a los polic\u00edas y por eso les tenemos miedo. Ellos no nos conocen y entonces nos tienen miedo\u00bb.<\/p>\n<\/p>\n<p>En ese sentido, el deportista invit\u00f3 a la comunidad negra a tender puentes con los polic\u00edas e inst\u00f3 a los agentes a \u00absalir de sus coches patrulla\u00bb y empezar a caminar en los barrios para conocer a los vecinos y evitar ese miedo que proviene del desconocimiento del otro.<\/p>\n<\/p>\n<p>Con uno de los dos hijos de Clark en brazos, el exjugador de baloncesto se comprometi\u00f3 a crear un fondo para pagar por la educaci\u00f3n universitaria de los peque\u00f1os.<\/p>\n<\/p>\n<p>La familia de Clark tambi\u00e9n habl\u00f3 ante el grupo de manifestantes y pidi\u00f3 justicia para el joven, que ten\u00eda 22 a\u00f1os cuando muri\u00f3 el pasado 18 de marzo.<\/p>\n<\/p>\n<p>Entonces, dos agentes, Terrence Mercadal y Jared Robinet, dispararon hasta 20 veces contra Clark en el patio trasero de la casa de su abuela porque cre\u00edan que era una amenaza y llevaba una pistola, aunque en realidad lo \u00fanico que se encontr\u00f3 en el cad\u00e1ver fue un tel\u00e9fono m\u00f3vil.<\/p>\n<\/p>\n<p>\u00abSi fuera yo -dijo el t\u00edo de Clark- si estuviera yo en el lugar de esos polic\u00edas, tienen un arma y tienen ese uniforme, pues no s\u00e9 por qu\u00e9 ten\u00edan tanto miedo. Su entrenamiento deber\u00eda haber bastado y, si fallan, deber\u00edan asumir su responsabilidad legalmente o financieramente, punto\u00bb.<\/p>\n<\/p>\n<p>Este es el quinto d\u00eda consecutivo de manifestaciones en Sacramento, aunque las protestas se reavivaron anoche tras la revelaci\u00f3n de nuevos detalles sobre la muerte de Clark.<\/p>\n<\/p>\n<p>Una autopsia no oficial, encargada por la familia, revel\u00f3 que el joven recibi\u00f3 seis disparos en la espalda, lo que contradice la versi\u00f3n de la Polic\u00eda, que un d\u00eda despu\u00e9s del suceso asegur\u00f3 que los agentes \u00abvieron que el sospechoso iba hacia ellos, avanzaba con los brazos extendidos y sosteniendo un objeto en sus manos\u00bb.<\/p>\n<\/p>\n<p>El hecho de que fuera disparado por la espalda, cuando iba desarmado, ha generado un mayor enfado entre los manifestantes que hoy en sus pancartas compararon la muerte de Clark con los linchamientos que durante d\u00e9cadas sufrieron los afroamericanos en el sur de Estados Unidos.<\/p>\n<\/p>\n<p>\u00abEl asesinato de negros por la polic\u00eda es un nuevo linchamiento\u00bb o \u00abEl linchamiento debe acabar\u00bb fueron algunos de los mensajes que los activistas mostraron en sus pancartas mientras caminaron por las calles de Sacramento vigilados por un fuerte dispositivo de seguridad, seg\u00fan mostraron televisiones locales.<\/p>\n<\/p>\n<p>La protesta se produjo justo antes del partido que deben disputar los Warriors de Golden State y los Sacramento Kings.<\/p>\n<\/p>\n<p>Los entrenadores de los dos equipos han dado permiso a sus jugadores para que acudan a la manifestaci\u00f3n, pero los Warriors no tienen previsto participar, seg\u00fan el canal deportivo ESPN.<\/p>\n<\/p>\n<p>Para el partido de hoy, los Sacramento Kings han reforzado la seguridad y han impuesto mayores controles en la entrada de su cancha, el Golden 1 Center, donde los manifestantes han volcado en los \u00faltimos d\u00edas su rabia e indignaci\u00f3n.<\/p>\n<\/p>\n<p>Seg\u00fan el canal NBC, las protestas de las \u00faltimas dos semanas han disminuido el n\u00famero de asistentes a los partidos y podr\u00edan llegar a costar hasta un mill\u00f3n de d\u00f3lares a los Sacramento Kings, que han elegido apoyar p\u00fablicamente el movimiento \u00abBlack Lives Matter\u00bb (\u00abLas vidas negras importan\u00bb). <\/p>\n<h6> 2018-04-01 00:12:25 <\/h6>\n<p><!--\n<link rel=\"stylesheet\" href=\"css\/bootstrap.min.css\">\n\n\n<ul class=\"pagination\">\n\t    \n\t\n\n<li >\n\t<a href='?page_no=10787'>Previous<\/a>\n\t<\/li>\n\n\n       \n    \n\n<li><a href='?page_no=1'>1<\/a><\/li>\n\n\n\n<li><a href='?page_no=2'>2<\/a><\/li>\n\n\n\n<li><a>...<\/a><\/li>\n\n\n\n<li><a href='?page_no=10786'>10786<\/a><\/li>\n\n\n\n<li><a href='?page_no=10787'>10787<\/a><\/li>\n\n\n\n<li class='active'><a>10788<\/a><\/li>\n\n\n\n<li><a href='?page_no=10789'>10789<\/a><\/li>\n\n\n\n<li><a href='?page_no=10790'>10790<\/a><\/li>\n\n\n\n<li><a>...<\/a><\/li>\n\n\n\n<li><a href='?page_no=51012'>51012<\/a><\/li>\n\n\n\n<li><a href='?page_no=51013'>51013<\/a><\/li>\n\n    \n\t\n\n<li >\n\t<a href='?page_no=10789'>Next<\/a>\n\t<\/li>\n\n\n    \n\n<li><a href='?page_no=51013'>Last &rsaquo;&rsaquo;<\/a><\/li>\n\n<\/ul>\n\n\n--><br \/>\n<\/body><\/p>\n","protected":false},"excerpt":{"rendered":"<p>s\u00e1bado, 31 de marzo de 2018 &#8211; Por Agencia EFE Los polic\u00edas dijeron que ten\u00eda un arma y comenzaron a disparar, pero solo ten\u00eda un tel\u00e9fono m\u00f3vil en sus manos Washington &#8211; Cientos de personas marcharon hoy, s\u00e1bado, en Sacramento (California) para pedir justicia y rendir homenaje a Stephon Clark, el joven afroamericano muerto este [&hellip;]<\/p>\n","protected":false},"author":3,"featured_media":0,"comment_status":"open","ping_status":"open","sticky":false,"template":"","format":"standard","meta":{"footnotes":""},"categories":[23],"tags":[],"class_list":["post-231146","post","type-post","status-publish","format-standard","hentry","category-internacional"],"_links":{"self":[{"href":"https:\/\/diariodominicano.com\/index.php?rest_route=\/wp\/v2\/posts\/231146","targetHints":{"allow":["GET"]}}],"collection":[{"href":"https:\/\/diariodominicano.com\/index.php?rest_route=\/wp\/v2\/posts"}],"about":[{"href":"https:\/\/diariodominicano.com\/index.php?rest_route=\/wp\/v2\/types\/post"}],"author":[{"embeddable":true,"href":"https:\/\/diariodominicano.com\/index.php?rest_route=\/wp\/v2\/users\/3"}],"replies":[{"embeddable":true,"href":"https:\/\/diariodominicano.com\/index.php?rest_route=%2Fwp%2Fv2%2Fcomments&post=231146"}],"version-history":[{"count":0,"href":"https:\/\/diariodominicano.com\/index.php?rest_route=\/wp\/v2\/posts\/231146\/revisions"}],"wp:attachment":[{"href":"https:\/\/diariodominicano.com\/index.php?rest_route=%2Fwp%2Fv2%2Fmedia&parent=231146"}],"wp:term":[{"taxonomy":"category","embeddable":true,"href":"https:\/\/diariodominicano.com\/index.php?rest_route=%2Fwp%2Fv2%2Fcategories&post=231146"},{"taxonomy":"post_tag","embeddable":true,"href":"https:\/\/diariodominicano.com\/index.php?rest_route=%2Fwp%2Fv2%2Ftags&post=231146"}],"curies":[{"name":"wp","href":"https:\/\/api.w.org\/{rel}","templated":true}]}}