{"id":231145,"date":"2018-04-01T09:20:03","date_gmt":"2018-04-01T09:20:03","guid":{"rendered":"http:\/\/diariodominicano.ddns.net\/?p=231145"},"modified":"2018-04-01T09:20:03","modified_gmt":"2018-04-01T09:20:03","slug":"el-papa-clama-contra-el-fin-de-la-violencia-y-recuerda-a-venezuela-tierra-santa-y-corea","status":"publish","type":"post","link":"https:\/\/diariodominicano.com\/?p=231145","title":{"rendered":"El Papa clama contra el fin de la violencia y recuerda a Venezuela, Tierra Santa y Corea"},"content":{"rendered":"<p><body><\/p>\n<p><img decoding=\"async\" src=\"img3\/PapaBendi1.jpg\" \/>  <\/p>\n<p><span class=\"text1noticias\">Vaticano, 1 de abril, 2018.- En el Mensaje de Pascua de este a\u00f1o, el Papa Francisco pidi\u00f3 el cese del conflicto en Siria, invoc\u00f3 la paz para Tierra Santa y pidi\u00f3 solucionar la situaci\u00f3n de Venezuela.<\/span><\/p>\n<p><span class=\"text1noticias\"> <\/span><\/p>\n<p><span class=\"text1noticias\">Desde el balc\u00f3n central de la Bas\u00edlica de San Pedro, el Papa Francisco ofreci\u00f3 el Mensaje de Pascua e imparti\u00f3 la Bendici\u00f3n \u00abUrbi et Orbi\u00bb (\u00aba la ciudad y al mundo\u00bb).<\/span><\/p>\n<p><span class=\"text1noticias\"> <\/span><\/p>\n<p><span class=\"text1noticias\">En el Mensaje, hizo un peque\u00f1o repaso algunos conflictos actuales activos en algunas partes del mundo y subray\u00f3 que \u00abla muerte, la soledad y el miedo ya no son la \u00faltima palabra. Hay una palabra que va m\u00e1s all\u00e1 y que solo Dios puede pronunciar: es la palabra de la Resurrecci\u00f3n\u00bb.<\/span><\/p>\n<p><span class=\"text1noticias\"> <\/span><\/p>\n<p><span class=\"text1noticias\">\u00abJes\u00fas, el grano de trigo sembrado por Dios en los surcos de la tierra, muri\u00f3 v\u00edctima del pecado del mundo, permaneci\u00f3 dos d\u00edas en el sepulcro; pero en su muerte estaba presente toda la potencia del amor de Dios, que se liber\u00f3 y se manifest\u00f3 el tercer d\u00eda, y que hoy celebramos: la Pascua de Cristo Se\u00f1or\u00bb, asegur\u00f3 al comienzo.<\/span><\/p>\n<p><span class=\"text1noticias\"> <\/span><\/p>\n<p><span class=\"text1noticias\">Record\u00f3 a continuaci\u00f3n que los cristianos \u00abcreemos y sabemos que la resurrecci\u00f3n de Cristo es la verdadera esperanza del mundo, aquella que no defrauda\u00bb.<\/span><\/p>\n<p><span class=\"text1noticias\"> <\/span><\/p>\n<p><span class=\"text1noticias\">\u00abEs la fuerza del grano de trigo, del amor que se humilla y se da hasta el final, y que renueva realmente el mundo\u00bb.<\/span><\/p>\n<p><span class=\"text1noticias\"> <\/span><\/p>\n<p><span class=\"text1noticias\">\u00abTambi\u00e9n hoy esta fuerza produce fruto en los surcos de nuestra historia, marcada por tantas injusticias y violencias. Trae frutos de esperanza y dignidad donde hay miseria y exclusi\u00f3n, donde hay hambre y falta trabajo, a los pr\u00f3fugos y refugiados ?tantas veces rechazados por la cultura actual del descarte?, a las v\u00edctimas del narcotr\u00e1fico, de la trata de personas y de las distintas formas de esclavitud de nuestro tiempo\u00bb.<\/span><\/p>\n<p><span class=\"text1noticias\"> <\/span><\/p>\n<p><span class=\"text1noticias\">El Papa pidi\u00f3 paz \u00abpara el mundo entero\u00bb, comenzando por \u00abla amada y martirizada Siria, cuya poblaci\u00f3n est\u00e1 extenuada por una guerra que no tiene fin\u00bb. \u00abQue la luz de Cristo resucitado ilumine en esta Pascua las conciencias de todos los responsables pol\u00edticos y militares, para que se ponga fin inmediatamente al exterminio que se est\u00e1 llevando a cabo, se respete el derecho humanitario y se proceda a facilitar el acceso a las ayudas que estos hermanos y hermanas nuestros necesitan urgentemente, asegurando al mismo tiempo las condiciones adecuadas para el regreso de los desplazados\u00bb, or\u00f3.<\/span><\/p>\n<p><span class=\"text1noticias\"> <\/span><\/p>\n<p><span class=\"text1noticias\">Sobre Tierra Santa, \u00abque en estos d\u00edas tambi\u00e9n est\u00e1 siendo golpeada por conflictos abiertos que no respetan a los indefensos\u00bb, as\u00ed como \u00abpara Yemen y para todo el Oriente Pr\u00f3ximo\u00bb, rez\u00f3 con el fin de que \u00abel di\u00e1logo y el respeto mutuo prevalezcan sobre las divisiones y la violencia\u00bb.<\/span><\/p>\n<p><span class=\"text1noticias\"> <\/span><\/p>\n<p><span class=\"text1noticias\">\u00abQue nuestros hermanos en Cristo, que sufren frecuentemente abusos y persecuciones, puedan ser testigos luminosos del Resucitado y de la victoria del bien sobre el mal\u00bb, a\u00f1adi\u00f3.<\/span><\/p>\n<p><span class=\"text1noticias\"> <\/span><\/p>\n<p><span class=\"text1noticias\">Tambi\u00e9n mencion\u00f3 \u00c1frica al recordar a cuantos \u00abanhelan una vida m\u00e1s digna\u00bb, sobre todo a los \u00abque sufren por el hambre, por conflictos end\u00e9micos y el ter<\/span>rorismo\u00bb.<\/p>\n<\/p>\n<h6> 2018-04-01 09:20:03 <\/h6>\n<p><!--\n<link rel=\"stylesheet\" href=\"css\/bootstrap.min.css\">\n\n\n<ul class=\"pagination\">\n\t    \n\t\n\n<li >\n\t<a href='?page_no=10786'>Previous<\/a>\n\t<\/li>\n\n\n       \n    \n\n<li><a href='?page_no=1'>1<\/a><\/li>\n\n\n\n<li><a href='?page_no=2'>2<\/a><\/li>\n\n\n\n<li><a>...<\/a><\/li>\n\n\n\n<li><a href='?page_no=10785'>10785<\/a><\/li>\n\n\n\n<li><a href='?page_no=10786'>10786<\/a><\/li>\n\n\n\n<li class='active'><a>10787<\/a><\/li>\n\n\n\n<li><a href='?page_no=10788'>10788<\/a><\/li>\n\n\n\n<li><a href='?page_no=10789'>10789<\/a><\/li>\n\n\n\n<li><a>...<\/a><\/li>\n\n\n\n<li><a href='?page_no=51012'>51012<\/a><\/li>\n\n\n\n<li><a href='?page_no=51013'>51013<\/a><\/li>\n\n    \n\t\n\n<li >\n\t<a href='?page_no=10788'>Next<\/a>\n\t<\/li>\n\n\n    \n\n<li><a href='?page_no=51013'>Last &rsaquo;&rsaquo;<\/a><\/li>\n\n<\/ul>\n\n\n--><br \/>\n<\/body><\/p>\n","protected":false},"excerpt":{"rendered":"<p>Vaticano, 1 de abril, 2018.- En el Mensaje de Pascua de este a\u00f1o, el Papa Francisco pidi\u00f3 el cese del conflicto en Siria, invoc\u00f3 la paz para Tierra Santa y pidi\u00f3 solucionar la situaci\u00f3n de Venezuela. Desde el balc\u00f3n central de la Bas\u00edlica de San Pedro, el Papa Francisco ofreci\u00f3 el Mensaje de Pascua e [&hellip;]<\/p>\n","protected":false},"author":3,"featured_media":0,"comment_status":"open","ping_status":"open","sticky":false,"template":"","format":"standard","meta":{"footnotes":""},"categories":[23],"tags":[],"class_list":["post-231145","post","type-post","status-publish","format-standard","hentry","category-internacional"],"_links":{"self":[{"href":"https:\/\/diariodominicano.com\/index.php?rest_route=\/wp\/v2\/posts\/231145","targetHints":{"allow":["GET"]}}],"collection":[{"href":"https:\/\/diariodominicano.com\/index.php?rest_route=\/wp\/v2\/posts"}],"about":[{"href":"https:\/\/diariodominicano.com\/index.php?rest_route=\/wp\/v2\/types\/post"}],"author":[{"embeddable":true,"href":"https:\/\/diariodominicano.com\/index.php?rest_route=\/wp\/v2\/users\/3"}],"replies":[{"embeddable":true,"href":"https:\/\/diariodominicano.com\/index.php?rest_route=%2Fwp%2Fv2%2Fcomments&post=231145"}],"version-history":[{"count":0,"href":"https:\/\/diariodominicano.com\/index.php?rest_route=\/wp\/v2\/posts\/231145\/revisions"}],"wp:attachment":[{"href":"https:\/\/diariodominicano.com\/index.php?rest_route=%2Fwp%2Fv2%2Fmedia&parent=231145"}],"wp:term":[{"taxonomy":"category","embeddable":true,"href":"https:\/\/diariodominicano.com\/index.php?rest_route=%2Fwp%2Fv2%2Fcategories&post=231145"},{"taxonomy":"post_tag","embeddable":true,"href":"https:\/\/diariodominicano.com\/index.php?rest_route=%2Fwp%2Fv2%2Ftags&post=231145"}],"curies":[{"name":"wp","href":"https:\/\/api.w.org\/{rel}","templated":true}]}}