{"id":231144,"date":"2018-04-01T09:40:34","date_gmt":"2018-04-01T09:40:34","guid":{"rendered":"http:\/\/diariodominicano.ddns.net\/?p=231144"},"modified":"2018-04-01T09:40:34","modified_gmt":"2018-04-01T09:40:34","slug":"entra-en-vigor-en-mexico-horario-de-verano-adelantan-una-hora","status":"publish","type":"post","link":"https:\/\/diariodominicano.com\/?p=231144","title":{"rendered":"Entra en vigor en M\u00e9xico Horario de Verano, adelantan una hora"},"content":{"rendered":"<p><body><\/p>\n<p><img decoding=\"async\" src=\"img3\/cambiohorario2018.jpg\" \/>  <\/p>\n<p><span class=\"text1noticias\">M\u00e9xico, 1 abr (PL) La mayor parte de los mexicanos amanecieron hoy con el adelanto de una hora en los relojes, con la puesta en vigor del Horario de Verano (HV) 2018.<\/span><\/p>\n<p><span class=\"text1noticias\"> <\/span><\/p>\n<p><span class=\"text1noticias\">El HV se extender\u00e1 hasta el \u00faltimo domingo de octubre, salvo en los 33 municipios de la franja fronteriza norte donde estar\u00e1 vigente desde el segundo domingo de marzo al primer domingo de noviembre.<\/span><\/p>\n<p><span class=\"text1noticias\"> <\/span><\/p>\n<p><span class=\"text1noticias\">Los estados de Quintana Roo y Sonora no cambian la hora.<\/span><\/p>\n<p><span class=\"text1noticias\"> <\/span><\/p>\n<p><span class=\"text1noticias\">La Secretar\u00eda de Energ\u00eda (Sener) inform\u00f3 que durante el 2017 la aplicaci\u00f3n del Horario de Verano permiti\u00f3 el ahorro de 885,70 gigawatts hora, equivalente al consumo anual de 7,78 millones de l\u00e1mparas fluorescentes prendidas las 24 horas del d\u00eda.<\/span><\/p>\n<p><span class=\"text1noticias\"> <\/span><\/p>\n<p><span class=\"text1noticias\">Tambi\u00e9n evit\u00f3 la emisi\u00f3n de contaminantes a la atm\u00f3sfera.<\/span><\/p>\n<p><span class=\"text1noticias\"> <\/span><\/p>\n<p><span class=\"text1noticias\">La Sener destac\u00f3 que durante el HV tiene lugar la mayor insolaci\u00f3n en el pa\u00eds, por lo que adelantar una hora en el reloj reducir\u00e1 el consumo de electricidad.<\/span><\/p>\n<p><span class=\"text1noticias\"> <\/span><\/p>\n<p><span class=\"text1noticias\">El aeropuerto internacional de la Ciudad de M\u00e9xico alist\u00f3 un plan para el reacomodo de los horarios de llegada y pa<\/span>rtida.<\/p>\n<h6> 2018-04-01 09:40:34 <\/h6>\n<p><!--\n<link rel=\"stylesheet\" href=\"css\/bootstrap.min.css\">\n\n\n<ul class=\"pagination\">\n\t    \n\t\n\n<li >\n\t<a href='?page_no=10785'>Previous<\/a>\n\t<\/li>\n\n\n       \n    \n\n<li><a href='?page_no=1'>1<\/a><\/li>\n\n\n\n<li><a href='?page_no=2'>2<\/a><\/li>\n\n\n\n<li><a>...<\/a><\/li>\n\n\n\n<li><a href='?page_no=10784'>10784<\/a><\/li>\n\n\n\n<li><a href='?page_no=10785'>10785<\/a><\/li>\n\n\n\n<li class='active'><a>10786<\/a><\/li>\n\n\n\n<li><a href='?page_no=10787'>10787<\/a><\/li>\n\n\n\n<li><a href='?page_no=10788'>10788<\/a><\/li>\n\n\n\n<li><a>...<\/a><\/li>\n\n\n\n<li><a href='?page_no=51012'>51012<\/a><\/li>\n\n\n\n<li><a href='?page_no=51013'>51013<\/a><\/li>\n\n    \n\t\n\n<li >\n\t<a href='?page_no=10787'>Next<\/a>\n\t<\/li>\n\n\n    \n\n<li><a href='?page_no=51013'>Last &rsaquo;&rsaquo;<\/a><\/li>\n\n<\/ul>\n\n\n--><br \/>\n<\/body><\/p>\n","protected":false},"excerpt":{"rendered":"<p>M\u00e9xico, 1 abr (PL) La mayor parte de los mexicanos amanecieron hoy con el adelanto de una hora en los relojes, con la puesta en vigor del Horario de Verano (HV) 2018. El HV se extender\u00e1 hasta el \u00faltimo domingo de octubre, salvo en los 33 municipios de la franja fronteriza norte donde estar\u00e1 vigente [&hellip;]<\/p>\n","protected":false},"author":3,"featured_media":0,"comment_status":"open","ping_status":"open","sticky":false,"template":"","format":"standard","meta":{"footnotes":""},"categories":[23],"tags":[],"class_list":["post-231144","post","type-post","status-publish","format-standard","hentry","category-internacional"],"_links":{"self":[{"href":"https:\/\/diariodominicano.com\/index.php?rest_route=\/wp\/v2\/posts\/231144","targetHints":{"allow":["GET"]}}],"collection":[{"href":"https:\/\/diariodominicano.com\/index.php?rest_route=\/wp\/v2\/posts"}],"about":[{"href":"https:\/\/diariodominicano.com\/index.php?rest_route=\/wp\/v2\/types\/post"}],"author":[{"embeddable":true,"href":"https:\/\/diariodominicano.com\/index.php?rest_route=\/wp\/v2\/users\/3"}],"replies":[{"embeddable":true,"href":"https:\/\/diariodominicano.com\/index.php?rest_route=%2Fwp%2Fv2%2Fcomments&post=231144"}],"version-history":[{"count":0,"href":"https:\/\/diariodominicano.com\/index.php?rest_route=\/wp\/v2\/posts\/231144\/revisions"}],"wp:attachment":[{"href":"https:\/\/diariodominicano.com\/index.php?rest_route=%2Fwp%2Fv2%2Fmedia&parent=231144"}],"wp:term":[{"taxonomy":"category","embeddable":true,"href":"https:\/\/diariodominicano.com\/index.php?rest_route=%2Fwp%2Fv2%2Fcategories&post=231144"},{"taxonomy":"post_tag","embeddable":true,"href":"https:\/\/diariodominicano.com\/index.php?rest_route=%2Fwp%2Fv2%2Ftags&post=231144"}],"curies":[{"name":"wp","href":"https:\/\/api.w.org\/{rel}","templated":true}]}}