{"id":231142,"date":"2018-04-01T09:55:20","date_gmt":"2018-04-01T09:55:20","guid":{"rendered":"http:\/\/diariodominicano.ddns.net\/?p=231142"},"modified":"2018-04-01T09:55:20","modified_gmt":"2018-04-01T09:55:20","slug":"francia-a-las-puertas-de-una-amplia-huelga-ferroviaria","status":"publish","type":"post","link":"https:\/\/diariodominicano.com\/?p=231142","title":{"rendered":"Francia a las puertas de una amplia huelga ferroviaria"},"content":{"rendered":"<p><body><\/p>\n<p><img decoding=\"async\" src=\"img3\/huelgafrancia.jpg\" \/>  <\/p>\n<p><strong> Por Luisa Mar\u00eda Gonz\u00e1lez<\/strong><\/p>\n<p><strong>Par\u00eds, 1 abr (PL) <\/strong>Francia se encuentra hoy a las puertas de una amplia huelga ferroviaria que deber\u00e1 tener un fuerte impacto en la circulaci\u00f3n de trenes, al punto que algunas l\u00edneas estar\u00e1n completamente cerradas.<\/p>\n<\/p>\n<p>En entrevista con el semanario Journal du Dimanche, el director general de la Sociedad Nacional de Ferrocarriles (SNCF), Guillaume Pepy, explic\u00f3 que si bien el paro est\u00e1 convocado para martes y mi\u00e9rcoles, desde el lunes en la noche comenzar\u00e1n las perturbaciones que incluir\u00e1n cierres totales de algunas conexiones.<\/p>\n<\/p>\n<p>El directivo se\u00f1al\u00f3 que se enviar\u00e1n mensajes a todos los pasajeros con reservaci\u00f3n para alertarles sobre el estado de su tren, y reiter\u00f3 su llamado a los clientes a prever otros medios de transporte alternativos, dadas las interrupciones previstas desde el lunes hasta el jueves.<\/p>\n<\/p>\n<p>El inicio de la huelga coincide con el retorno a casa de los vacacionistas que se encuentran de viaje en el periodo de Pascuas, un proceso que podr\u00eda complicarse a causa de la protesta.<\/p>\n<\/p>\n<p>La movilizaci\u00f3n de trabajadores ferroviarios prevista desde el 3 de abril forma parte de un movimiento dirigido a rechazar los cambios en la SNCF previstos por el gobierno, que seg\u00fan los detractores significar\u00e1n el inicio de la privatizaci\u00f3n de esa compa\u00f1\u00eda considerada un modelo del servicio p\u00fablico en Francia.<\/p>\n<\/p>\n<p>Los sindicatos del sector llamaron a hacer huelga dos d\u00edas de cada cinco, desde el 3 de abril hasta finales de junio, lo que significa 36 jornadas de perturbaciones en el tr\u00e1fico de trenes.<\/p>\n<\/p>\n<p>En medio de un panorama tenso, la ministra de Transporte Elisabeth Borne lanz\u00f3 este domingo ataques contra el paro, que consider\u00f3 injustificado.<\/p>\n<\/p>\n<p>&#8216;Deploro francamente esta huelga muy penalizadora para los viajeros. Es incomprensible que los sindicatos tengan una postura de bloqueo injustificada, cuando nosotros estamos aportando respuestas en el proceso de concertaci\u00f3n&#8217;, indic\u00f3.<\/p>\n<\/p>\n<p>Si bien la titular defendi\u00f3 que el gobierno tiene una postura de di\u00e1logo, al mismo tiempo afirm\u00f3 que no ceder\u00e1n en la trasformaci\u00f3n de la SNCF y en algunos aspectos espec\u00edficos como la apertura a la competencia.<\/p>\n<\/p>\n<p>Precisamente ese es uno de los asuntos m\u00e1s cuestionados por los sindicatos, as\u00ed como la intenci\u00f3n oficial de suprimir el estatus de trabajador ferroviario, que hasta ahora garantizaba ventajas salariales y sociales en recompensa por la dureza de estas labores.<\/p>\n<\/p>\n<p>Los sindicatos afirman que la huelga es completamente necesaria a ra\u00edz de que, en la pr\u00e1ctica, las autoridades no los escuchan, y el plan es aprobar la reforma de la SNCF por decreto presidencial, sin tener en cuenta las opiniones de los actores involucrados.<\/p>\n<\/p>\n<p>De acuerdo con una encuesta Ifop, un 46 por ciento de los franceses considera justificada la movilizaci\u00f3n de los ferroviarios.<\/p>\n<\/p>\n<p>Aunque los favorables siguen siendo menos que los contrarios (51 por ciento), la tasa de ciudadanos que apoyan la manifestaci\u00f3n registr\u00f3 un aumento en las \u00faltimas dos semanas de cuatro puntos porcentuales.<\/p>\n<\/p>\n<p>Asimismo, un 72 por ciento de los ciudadanos opina que el Ejecutivo ir\u00e1 hasta el final con su reforma sin ceder a los reclamos de los trabajadores.<\/p>\n<\/p>\n<p>En este contexto, se vislumbra una primavera compleja en Francia que tuvo como primera acci\u00f3n la huelga nacional del 22 de marzo, en la cual cientos de miles de personas salieron a las calles en todo el pa\u00eds para protestar por las pol\u00edticas del gobierno.<\/p>\n<\/p>\n<p>mem\/lmg<\/p>\n<h6> 2018-04-01 09:55:20 <\/h6>\n<p><!--\n<link rel=\"stylesheet\" href=\"css\/bootstrap.min.css\">\n\n\n<ul class=\"pagination\">\n\t    \n\t\n\n<li >\n\t<a href='?page_no=10783'>Previous<\/a>\n\t<\/li>\n\n\n       \n    \n\n<li><a href='?page_no=1'>1<\/a><\/li>\n\n\n\n<li><a href='?page_no=2'>2<\/a><\/li>\n\n\n\n<li><a>...<\/a><\/li>\n\n\n\n<li><a href='?page_no=10782'>10782<\/a><\/li>\n\n\n\n<li><a href='?page_no=10783'>10783<\/a><\/li>\n\n\n\n<li class='active'><a>10784<\/a><\/li>\n\n\n\n<li><a href='?page_no=10785'>10785<\/a><\/li>\n\n\n\n<li><a href='?page_no=10786'>10786<\/a><\/li>\n\n\n\n<li><a>...<\/a><\/li>\n\n\n\n<li><a href='?page_no=51012'>51012<\/a><\/li>\n\n\n\n<li><a href='?page_no=51013'>51013<\/a><\/li>\n\n    \n\t\n\n<li >\n\t<a href='?page_no=10785'>Next<\/a>\n\t<\/li>\n\n\n    \n\n<li><a href='?page_no=51013'>Last &rsaquo;&rsaquo;<\/a><\/li>\n\n<\/ul>\n\n\n--><br \/>\n<\/body><\/p>\n","protected":false},"excerpt":{"rendered":"<p>Por Luisa Mar\u00eda Gonz\u00e1lez Par\u00eds, 1 abr (PL) Francia se encuentra hoy a las puertas de una amplia huelga ferroviaria que deber\u00e1 tener un fuerte impacto en la circulaci\u00f3n de trenes, al punto que algunas l\u00edneas estar\u00e1n completamente cerradas. En entrevista con el semanario Journal du Dimanche, el director general de la Sociedad Nacional de [&hellip;]<\/p>\n","protected":false},"author":3,"featured_media":0,"comment_status":"open","ping_status":"open","sticky":false,"template":"","format":"standard","meta":{"footnotes":""},"categories":[23],"tags":[],"class_list":["post-231142","post","type-post","status-publish","format-standard","hentry","category-internacional"],"_links":{"self":[{"href":"https:\/\/diariodominicano.com\/index.php?rest_route=\/wp\/v2\/posts\/231142","targetHints":{"allow":["GET"]}}],"collection":[{"href":"https:\/\/diariodominicano.com\/index.php?rest_route=\/wp\/v2\/posts"}],"about":[{"href":"https:\/\/diariodominicano.com\/index.php?rest_route=\/wp\/v2\/types\/post"}],"author":[{"embeddable":true,"href":"https:\/\/diariodominicano.com\/index.php?rest_route=\/wp\/v2\/users\/3"}],"replies":[{"embeddable":true,"href":"https:\/\/diariodominicano.com\/index.php?rest_route=%2Fwp%2Fv2%2Fcomments&post=231142"}],"version-history":[{"count":0,"href":"https:\/\/diariodominicano.com\/index.php?rest_route=\/wp\/v2\/posts\/231142\/revisions"}],"wp:attachment":[{"href":"https:\/\/diariodominicano.com\/index.php?rest_route=%2Fwp%2Fv2%2Fmedia&parent=231142"}],"wp:term":[{"taxonomy":"category","embeddable":true,"href":"https:\/\/diariodominicano.com\/index.php?rest_route=%2Fwp%2Fv2%2Fcategories&post=231142"},{"taxonomy":"post_tag","embeddable":true,"href":"https:\/\/diariodominicano.com\/index.php?rest_route=%2Fwp%2Fv2%2Ftags&post=231142"}],"curies":[{"name":"wp","href":"https:\/\/api.w.org\/{rel}","templated":true}]}}