{"id":231141,"date":"2018-04-01T10:30:42","date_gmt":"2018-04-01T10:30:42","guid":{"rendered":"http:\/\/diariodominicano.ddns.net\/?p=231141"},"modified":"2018-04-01T10:30:42","modified_gmt":"2018-04-01T10:30:42","slug":"israel-rechaza-llamados-a-una-investigacion-sobre-violencia-en-gaza","status":"publish","type":"post","link":"https:\/\/diariodominicano.com\/?p=231141","title":{"rendered":"&#13;Israel rechaza llamados a una investigaci\u00f3n sobre violencia en Gaza"},"content":{"rendered":"<p><body><\/p>\n<p><img decoding=\"async\" src=\"img3\/d72b81df772e290ef5440fd4d7ee6ba818f4e335.jpg\" \/><br \/><img decoding=\"async\" src=\"img3\/6b82801737289828d4c1a34c81e9fd6fa2a11cb4.jpg\" \/><br \/><img decoding=\"async\" src=\"img3\/b4281dd0961cc1643263633c10437725498318e3.jpg\" \/>  <\/p>\n<\/p>\n<p>AFP \/ Said Jatib<\/p>\n<p>Un palestino herido es evacuado por servicios m\u00e9dicos durante los enfrentamientos contra las fuerzas de seguridad israel\u00edes cerca de la frontera entre Gaza e Israel, el 31 de marzo de 2018<\/p>\n<p>El gobierno israel\u00ed rechaz\u00f3 los llamados internacionales a una investigaci\u00f3n independiente tras la matanza de 16 manifestantes palestinos por disparos de soldados israel\u00edes en la frontera entre la Franja de Gaza e Israel.<\/p>\n<\/p>\n<p>El Estado hebreo se ha enfrentado a cr\u00edticas de organizaciones de defensa de derechos humanos por la utilizaci\u00f3n de fuego real el pasado viernes, el d\u00eda m\u00e1s sangriento en el conflicto israelo-palestino desde la guerra de 2014.<\/p>\n<\/p>\n<p>Los palestinos, adem\u00e1s, han acusado a los soldados israel\u00edes de disparar contra manifestantes que no representaban ninguna amenaza.<\/p>\n<\/p>\n<p>Tanto el secretario general de la ONU, Antonio Guterres, como la jefa de la diplomacia de la Uni\u00f3n Europea, Federica Mogherini, han pedido una investigaci\u00f3n \u00abindependiente y transparente\u00bb sobre esos hechos.<\/p>\n<\/p>\n<p>El s\u00e1bado, Estados Unidos bloque\u00f3 un proyecto de declaraci\u00f3n del Consejo de Seguridad de la ONU que instaba a la moderaci\u00f3n y ped\u00eda una investigaci\u00f3n de los enfrentamientos en la frontera de Israel con Gaza.<\/p>\n<\/p>\n<p>Este domingo, el papa Francisco se refiri\u00f3 a este conflicto, en su tradicional mensaje Urbi et Orbi desde el balc\u00f3n de la bas\u00edlica San Pedro.<\/p>\n<\/p>\n<p>\u00abInvocamos frutos de reconciliaci\u00f3n para Tierra Santa, que en estos d\u00edas tambi\u00e9n est\u00e1 siendo golpeada por conflictos abiertos que no respetan a los indefensos\u00bb, pidi\u00f3.<\/p>\n<\/p>\n<p>&#8211; \u00abNo fue Woodstock\u00bb &#8211;<\/p>\n<\/p>\n<p>AFP \/ Mahmud Hams<\/p>\n<p>Una mujer familiar de Hamdan Abu Amsha, que muri\u00f3 en los enfrentamientos contra las fuerzas israel\u00edes, en su funeral en Beit Hanun, en el norte de la Franja de Gaza, el 31 de marzo de 2018<\/p>\n<p>Por su parte, el primer ministro israel\u00ed, Benjamin Netanyahu, felicit\u00f3 el s\u00e1bado al ej\u00e9rcito de su pa\u00eds por haber \u00abprotegido las fronteras del pa\u00eds\u00bb tras esa manifestaci\u00f3n del viernes.<\/p>\n<\/p>\n<p>El ministro de Defensa israel\u00ed, Avigdor Lieberman, asegur\u00f3 que esas protestas no fueron \u00abel festival de Woodstock\u00bb.<\/p>\n<\/p>\n<p>Seg\u00fan Lieberman, los llamados a una investigaci\u00f3n independiente son hip\u00f3critas, y este domingo reiter\u00f3 su rechazo a dichas investigaciones.<\/p>\n<\/p>\n<p>\u00abNo habr\u00e1 comisi\u00f3n de investigaci\u00f3n\u00bb afirm\u00f3 a la radio p\u00fablica de Israel. \u00abNo habr\u00e1 tal cosa aqu\u00ed. No cooperaremos con ninguna comisi\u00f3n de investigaci\u00f3n\u00bb, agreg\u00f3.<\/p>\n<\/p>\n<p>Netanyahu tambi\u00e9n rechaz\u00f3 este domingo las \u00ablecciones\u00bb del presidente turco Recep Tayyip Erdogan, que hab\u00eda calificado de \u00abataque inhumano\u00bb los hechos del viernes que causaron la muerte de 16 palestinos.<\/p>\n<\/p>\n<p>\u00abEl ej\u00e9rcito m\u00e1s \u00e9tico del mundo no necesita ninguna lecci\u00f3n de moral de uno que bombardea a los civiles sin juicio desde hace a\u00f1os\u00bb, dijo Netanyahu en Twitter.<\/p>\n<\/p>\n<p>Poco despu\u00e9s, Erdogan volvi\u00f3 el domingo a la carga y acus\u00f3 a Netanyahu de ser un \u00abterrorista\u00bb.<\/p>\n<\/p>\n<p>\u00ab\u00a1Eh, Netanyahu! \u00a1Eres un ocupante! Y est\u00e1s en esas tierras como ocupante. Y al mismo tiempo eres un terrorista\u00bb, dijo el mandatario turco en un discurso en Adana, en el sur del pa\u00eds.<\/p>\n<\/p>\n<p>&#8211; \u00abDerecho de retorno\u00bb &#8211;<\/p>\n<\/p>\n<p>El viernes los soldados israel\u00edes abrieron fuego contra los palestinos que se acercaron a la fortificada valla fronteriza entre la Franja de Gaza e Israel, habitualmente escenario de sangrientos disturbios.<\/p>\n<\/p>\n<p>Los militares israel\u00edes alegaron que dispararon solamente cuando fue necesario, mientras \u00ablos alborotadores hac\u00edan rodar neum\u00e1ticos en llamas y arrojaban bombas incendiarias y piedras a la valla de seguridad y a las tropas\u00bb israel\u00edes, seg\u00fan indic\u00f3 un portavoz militar, que estim\u00f3 que hubo el viernes unos 30.000 manifestantes.<\/p>\n<\/p>\n<p>AFP \/ Sophie RAMIS<\/p>\n<p>Localizaci\u00f3n de las principales manifestaciones en la Franja de Gaza del viernes<\/p>\n<p>Fuentes militares israel\u00edes adujeron tambi\u00e9n que hubo intentos de da\u00f1ar la valla y de infiltrarse en territorio israel\u00ed.<\/p>\n<\/p>\n<p>La movilizaci\u00f3n de los gazat\u00edes \u00abno era una manifestaci\u00f3n\u00bb sino una \u00abactividad terrorista organizada\u00bb por Hamas, advirti\u00f3 el general brigadier Ronen Manelis. Este movimiento islamista, que ha librado tres guerras contra Israel desde 2008, controla la Franja de Gaza.<\/p>\n<\/p>\n<p>Adem\u00e1s de los 16 muertos, los enfrentamientos dejaron m\u00e1s de 1.400 heridos, 758 de ellos por disparos y el resto por balas de goma o inhalaci\u00f3n de gases lacrim\u00f3genos, seg\u00fan el ministerio de Salud de Gaza.<\/p>\n<\/p>\n<p>No hubo v\u00edctimas o heridos del lado israel\u00ed.<\/p>\n<\/p>\n<p>La protesta palestina, que durar\u00e1 seis semanas con manifestaciones a lo largo de la valla de seguridad entre Gaza e Israel, fue convocada por la sociedad civil para exigir el \u00abderecho de retorno\u00bb de los refugiados palestinos y denunciar el estricto bloqueo impuesto por Israel en Gaza.<\/p>\n<\/p>\n<p>Otro de los temas de enfrentamiento entre israel\u00edes y palestinos es el estatus de Jerusal\u00e9n, a\u00fan m\u00e1s desde que el presidente estadounidense, Donald Trump, decidiera reconocer la Ciudad Santa como capital de Israel y trasladar all\u00ed la embajada de Estados Unidos.<\/p>\n<\/p>\n<p>1ABR2018<\/p>\n<\/p>\n<\/p>\n<p>0<\/p>\n<p>Compartir<\/p>\n<p>ANTERIOR  RETORNAR  SIGUIENTE<\/p>\n<p>La red mundial de AFP<\/p>\n<p>200 oficinas en 151 pa\u00edsesAmpliar<\/p>\n<p>Contacto AFP<\/p>\n<p>\u00bfDesea compartir una informaci\u00f3n, un comentario? Escr\u00edbanos a&#8230;MAILFACEBOOKTWITTER<\/p>\n<h6> 2018-04-01 10:30:42 <\/h6>\n<p><!--\n<link rel=\"stylesheet\" href=\"css\/bootstrap.min.css\">\n\n\n<ul class=\"pagination\">\n\t    \n\t\n\n<li >\n\t<a href='?page_no=10782'>Previous<\/a>\n\t<\/li>\n\n\n       \n    \n\n<li><a href='?page_no=1'>1<\/a><\/li>\n\n\n\n<li><a href='?page_no=2'>2<\/a><\/li>\n\n\n\n<li><a>...<\/a><\/li>\n\n\n\n<li><a href='?page_no=10781'>10781<\/a><\/li>\n\n\n\n<li><a href='?page_no=10782'>10782<\/a><\/li>\n\n\n\n<li class='active'><a>10783<\/a><\/li>\n\n\n\n<li><a href='?page_no=10784'>10784<\/a><\/li>\n\n\n\n<li><a href='?page_no=10785'>10785<\/a><\/li>\n\n\n\n<li><a>...<\/a><\/li>\n\n\n\n<li><a href='?page_no=51012'>51012<\/a><\/li>\n\n\n\n<li><a href='?page_no=51013'>51013<\/a><\/li>\n\n    \n\t\n\n<li >\n\t<a href='?page_no=10784'>Next<\/a>\n\t<\/li>\n\n\n    \n\n<li><a href='?page_no=51013'>Last &rsaquo;&rsaquo;<\/a><\/li>\n\n<\/ul>\n\n\n--><br \/>\n<\/body><\/p>\n","protected":false},"excerpt":{"rendered":"<p>AFP \/ Said Jatib Un palestino herido es evacuado por servicios m\u00e9dicos durante los enfrentamientos contra las fuerzas de seguridad israel\u00edes cerca de la frontera entre Gaza e Israel, el 31 de marzo de 2018 El gobierno israel\u00ed rechaz\u00f3 los llamados internacionales a una investigaci\u00f3n independiente tras la matanza de 16 manifestantes palestinos por disparos [&hellip;]<\/p>\n","protected":false},"author":3,"featured_media":0,"comment_status":"open","ping_status":"open","sticky":false,"template":"","format":"standard","meta":{"footnotes":""},"categories":[23],"tags":[],"class_list":["post-231141","post","type-post","status-publish","format-standard","hentry","category-internacional"],"_links":{"self":[{"href":"https:\/\/diariodominicano.com\/index.php?rest_route=\/wp\/v2\/posts\/231141","targetHints":{"allow":["GET"]}}],"collection":[{"href":"https:\/\/diariodominicano.com\/index.php?rest_route=\/wp\/v2\/posts"}],"about":[{"href":"https:\/\/diariodominicano.com\/index.php?rest_route=\/wp\/v2\/types\/post"}],"author":[{"embeddable":true,"href":"https:\/\/diariodominicano.com\/index.php?rest_route=\/wp\/v2\/users\/3"}],"replies":[{"embeddable":true,"href":"https:\/\/diariodominicano.com\/index.php?rest_route=%2Fwp%2Fv2%2Fcomments&post=231141"}],"version-history":[{"count":0,"href":"https:\/\/diariodominicano.com\/index.php?rest_route=\/wp\/v2\/posts\/231141\/revisions"}],"wp:attachment":[{"href":"https:\/\/diariodominicano.com\/index.php?rest_route=%2Fwp%2Fv2%2Fmedia&parent=231141"}],"wp:term":[{"taxonomy":"category","embeddable":true,"href":"https:\/\/diariodominicano.com\/index.php?rest_route=%2Fwp%2Fv2%2Fcategories&post=231141"},{"taxonomy":"post_tag","embeddable":true,"href":"https:\/\/diariodominicano.com\/index.php?rest_route=%2Fwp%2Fv2%2Ftags&post=231141"}],"curies":[{"name":"wp","href":"https:\/\/api.w.org\/{rel}","templated":true}]}}