{"id":231138,"date":"2018-04-01T13:16:02","date_gmt":"2018-04-01T13:16:02","guid":{"rendered":"http:\/\/diariodominicano.ddns.net\/?p=231138"},"modified":"2018-04-01T13:16:02","modified_gmt":"2018-04-01T13:16:02","slug":"motin-en-prision-de-mexico-deja-siete-policias-muertos-segun-medios-locales","status":"publish","type":"post","link":"https:\/\/diariodominicano.com\/?p=231138","title":{"rendered":"Mot\u00edn en prisi\u00f3n de M\u00e9xico deja siete polic\u00edas muertos, seg\u00fan medios locales"},"content":{"rendered":"<p><body><\/p>\n<p><img decoding=\"async\" src=\"img3\/Amatlan1.jpg\" \/>  <\/p>\n<p><span class=\"text1noticias\">     MEXICO, 1 abr (Xinhua) &#8212; Al menos siete polic\u00edas murieron al intentar controlar un mot\u00edn en una prisi\u00f3n en el estado mexicano de Veracruz (este), informaron hoy domingo medios locales.<\/span><\/p>\n<p><span class=\"text1noticias\"> <\/span><\/p>\n<p><span class=\"text1noticias\">     De acuerdo con \u00abEl Universal\u00bb, que cita al gobierno del estado, unos 1.300 reos se amotinaron desde la noche del s\u00e1bado en el penal La Toma, en el municipio de Amatl\u00e1n de los Reyes, en demanda de mejoras en sus condiciones.<\/span><\/p>\n<p><span class=\"text1noticias\"> <\/span><\/p>\n<p><span class=\"text1noticias\">     Al intentar ingresar al lugar, los polic\u00edas fueron recibidos con un incendio provocado por la quema de colchones, por lo que habr\u00edan muerto asfixiados.<\/span><\/p>\n<p><span class=\"text1noticias\"> <\/span><\/p>\n<p><span class=\"text1noticias\">     El mot\u00edn fue controlado la ma\u00f1ana del domingo, de acuerdo con los repor<\/span>tes<\/p>\n<h6> 2018-04-01 13:16:02 <\/h6>\n<p><!--\n<link rel=\"stylesheet\" href=\"css\/bootstrap.min.css\">\n\n\n<ul class=\"pagination\">\n\t    \n\t\n\n<li >\n\t<a href='?page_no=10779'>Previous<\/a>\n\t<\/li>\n\n\n       \n    \n\n<li><a href='?page_no=1'>1<\/a><\/li>\n\n\n\n<li><a href='?page_no=2'>2<\/a><\/li>\n\n\n\n<li><a>...<\/a><\/li>\n\n\n\n<li><a href='?page_no=10778'>10778<\/a><\/li>\n\n\n\n<li><a href='?page_no=10779'>10779<\/a><\/li>\n\n\n\n<li class='active'><a>10780<\/a><\/li>\n\n\n\n<li><a href='?page_no=10781'>10781<\/a><\/li>\n\n\n\n<li><a href='?page_no=10782'>10782<\/a><\/li>\n\n\n\n<li><a>...<\/a><\/li>\n\n\n\n<li><a href='?page_no=51012'>51012<\/a><\/li>\n\n\n\n<li><a href='?page_no=51013'>51013<\/a><\/li>\n\n    \n\t\n\n<li >\n\t<a href='?page_no=10781'>Next<\/a>\n\t<\/li>\n\n\n    \n\n<li><a href='?page_no=51013'>Last &rsaquo;&rsaquo;<\/a><\/li>\n\n<\/ul>\n\n\n--><br \/>\n<\/body><\/p>\n","protected":false},"excerpt":{"rendered":"<p>MEXICO, 1 abr (Xinhua) &#8212; Al menos siete polic\u00edas murieron al intentar controlar un mot\u00edn en una prisi\u00f3n en el estado mexicano de Veracruz (este), informaron hoy domingo medios locales. De acuerdo con \u00abEl Universal\u00bb, que cita al gobierno del estado, unos 1.300 reos se amotinaron desde la noche del s\u00e1bado en el penal La [&hellip;]<\/p>\n","protected":false},"author":3,"featured_media":0,"comment_status":"open","ping_status":"open","sticky":false,"template":"","format":"standard","meta":{"footnotes":""},"categories":[23],"tags":[],"class_list":["post-231138","post","type-post","status-publish","format-standard","hentry","category-internacional"],"_links":{"self":[{"href":"https:\/\/diariodominicano.com\/index.php?rest_route=\/wp\/v2\/posts\/231138","targetHints":{"allow":["GET"]}}],"collection":[{"href":"https:\/\/diariodominicano.com\/index.php?rest_route=\/wp\/v2\/posts"}],"about":[{"href":"https:\/\/diariodominicano.com\/index.php?rest_route=\/wp\/v2\/types\/post"}],"author":[{"embeddable":true,"href":"https:\/\/diariodominicano.com\/index.php?rest_route=\/wp\/v2\/users\/3"}],"replies":[{"embeddable":true,"href":"https:\/\/diariodominicano.com\/index.php?rest_route=%2Fwp%2Fv2%2Fcomments&post=231138"}],"version-history":[{"count":0,"href":"https:\/\/diariodominicano.com\/index.php?rest_route=\/wp\/v2\/posts\/231138\/revisions"}],"wp:attachment":[{"href":"https:\/\/diariodominicano.com\/index.php?rest_route=%2Fwp%2Fv2%2Fmedia&parent=231138"}],"wp:term":[{"taxonomy":"category","embeddable":true,"href":"https:\/\/diariodominicano.com\/index.php?rest_route=%2Fwp%2Fv2%2Fcategories&post=231138"},{"taxonomy":"post_tag","embeddable":true,"href":"https:\/\/diariodominicano.com\/index.php?rest_route=%2Fwp%2Fv2%2Ftags&post=231138"}],"curies":[{"name":"wp","href":"https:\/\/api.w.org\/{rel}","templated":true}]}}