{"id":231129,"date":"2018-04-02T09:57:26","date_gmt":"2018-04-02T09:57:26","guid":{"rendered":"http:\/\/diariodominicano.ddns.net\/?p=231129"},"modified":"2018-04-02T09:57:26","modified_gmt":"2018-04-02T09:57:26","slug":"trump-insiste-en-ley-de-inmigracion-y-control-fronterizo-para-ee-uu","status":"publish","type":"post","link":"https:\/\/diariodominicano.com\/?p=231129","title":{"rendered":"Trump insiste en ley de inmigraci\u00f3n y control fronterizo para EE.UU."},"content":{"rendered":"<p><body><\/p>\n<p><img decoding=\"async\" src=\"img3\/Trumpinmigracion.jpg\" \/>  <\/p>\n<p><span class=\"text1noticias\">Washington, 2 abr (PL) El presidente de Estados Unidos, Donald Trump, repiti\u00f3 hoy las mismas ideas expresadas la v\u00edspera sobre la necesidad de que el Congreso de su pa\u00eds apruebe una ley de inmigraci\u00f3n y control fronterizo.<\/span><\/p>\n<p><span class=\"text1noticias\"> <\/span><\/p>\n<p><span class=\"text1noticias\">Desde su misma cuenta personal de la red social Twitter, el mandatario republicano insisti\u00f3 en la llamada opci\u00f3n nuclear para detener lo que \u00e9l considera la entrada masiva de drogas y personas.<\/span><\/p>\n<p><span class=\"text1noticias\"> <\/span><\/p>\n<p><span class=\"text1noticias\">Tal alternativa, rechazada en ocasiones por miembros de su propio partido, llevar\u00eda a cambiar las normas del Senado para que la legislaci\u00f3n pueda aprobarse con una mayor\u00eda simple (51 votos de 100 posibles) en lugar de los 60 sufragios estipulados.<\/span><\/p>\n<p><span class=\"text1noticias\"> <\/span><\/p>\n<p><span class=\"text1noticias\">&#8216;Los agentes de la Patrulla Fronteriza y del Servicio de Inmigraci\u00f3n y Control de Aduanas son excelentes, pero las d\u00e9biles leyes de los dem\u00f3cratas no les permiten hacer su trabajo. Act\u00faa ahora Congreso, nuestro pa\u00eds est\u00e1 siendo robado&#8217;, apunt\u00f3 el gobernante.<\/span><\/p>\n<p><span class=\"text1noticias\"> <\/span><\/p>\n<p><span class=\"text1noticias\">Reiter\u00f3 en que el programa Acci\u00f3n Diferida para los Llegados en la Infancia (DACA), que protege de la deportaci\u00f3n a casi 700 mil j\u00f3venes inmigrantes indocumentados, &#8216;est\u00e1 muerto&#8217;, &#8216;ya no funciona&#8217;.<\/span><\/p>\n<p><span class=\"text1noticias\"> <\/span><\/p>\n<p><span class=\"text1noticias\">Trump orden\u00f3 el a\u00f1o pasado rescindir esa iniciativa, y despu\u00e9s orient\u00f3 al Congreso buscar una nueva propuesta, pero los esfuerzos en el \u00faltimo sentido no se concretaron.<\/span><\/p>\n<p><span class=\"text1noticias\"> <\/span><\/p>\n<p><span class=\"text1noticias\">A su juicio, a los legisladores del partido azul no les import\u00f3 actuar, sin embargo el jefe de la Casa Blanca se ha negado a firmar acuerdos bipartidistas al respecto.<\/span><\/p>\n<p><span class=\"text1noticias\"> <\/span><\/p>\n<p><span class=\"text1noticias\">Sugiri\u00f3 a inicios de 2018 un plan que incluir\u00eda el financiamiento de su pol\u00e9mico muro en la frontera con M\u00e9xico y otros proyectos legislativos que los dem\u00f3cratas rechazaron.<\/span><\/p>\n<p><span class=\"text1noticias\"> <\/span><\/p>\n<p><span class=\"text1noticias\">Debemos construir el muro y proteger nuestros l\u00edmites con la legislaci\u00f3n fronteriza adecuada, recalc\u00f3 Trump.<\/span><\/p>\n<p><span class=\"text1noticias\"> <\/span><\/p>\n<p><span class=\"text1noticias\">Consider\u00f3 que M\u00e9xico tiene el poder absoluto de no permitir que grandes &#8216;caravanas&#8217; de personas entren a su pa\u00eds.<\/span><\/p>\n<p><span class=\"text1noticias\"> <\/span><\/p>\n<p><span class=\"text1noticias\">&#8216;Deben detenerlos en su frontera norte, lo cual pueden hacer porque sus leyes fronterizas funcionan, no les permiten pasar a nuestra naci\u00f3n, que no tiene leyes fronterizas vigentes&#8217;, puntualiz\u00f3. Seg\u00fan reportes period\u00edsticos, la multitud aludida por Trump comenz\u00f3 en Honduras a mediados del mes \u00faltimo y hasta ayer ten\u00eda la participaci\u00f3n de unas dos mil personas en el sureste mexicano.<\/span><\/p>\n<p><span class=\"text1noticias\"> <\/span><\/p>\n<p><span class=\"text1noticias\">Llamada Caravana de refugiados 2018, la movilizaci\u00f3n cruz\u00f3 el 26 de marzo la frontera entre Guatemala y M\u00e9xico.<\/span><\/p>\n<p><span class=\"text1noticias\"> <\/span><\/p>\n<p><span class=\"text1noticias\">BuzzFeed News inform\u00f3 que los organizadores estimaban que dos tercios de los que marchan planeaban llegar a la l\u00ednea divisoria estadounidense, mientras que otros esperan reunirse con familiares en M\u00e9xico.<\/span><\/p>\n<p><span class=\"text1noticias\"> <\/span><\/p>\n<p><span class=\"text1noticias\">Por su parte, el canciller mexicano, Luis Videgaray, apunt\u00f3 ayer en la referida plataforma de microblogging que su pa\u00eds y Estados Unidos trabajan juntos en temas migratorios en la regi\u00f3n, y los datos as\u00ed lo demuestran.<\/span><\/p>\n<p><span class=\"text1noticias\"> <\/span><\/p>\n<p><span class=\"text1noticias\">Esta cooperaci\u00f3n no debiera cuestionarse a partir de reportes noticiosos imprecisos. Defender la dignidad y los derechos humanos no se contrapone con el estado de der<\/span>echo, sostuvo.<\/p>\n<h6> 2018-04-02 09:57:26 <\/h6>\n<p><!--\n<link rel=\"stylesheet\" href=\"css\/bootstrap.min.css\">\n\n\n<ul class=\"pagination\">\n\t    \n\t\n\n<li >\n\t<a href='?page_no=10771'>Previous<\/a>\n\t<\/li>\n\n\n       \n    \n\n<li><a href='?page_no=1'>1<\/a><\/li>\n\n\n\n<li><a href='?page_no=2'>2<\/a><\/li>\n\n\n\n<li><a>...<\/a><\/li>\n\n\n\n<li><a href='?page_no=10770'>10770<\/a><\/li>\n\n\n\n<li><a href='?page_no=10771'>10771<\/a><\/li>\n\n\n\n<li class='active'><a>10772<\/a><\/li>\n\n\n\n<li><a href='?page_no=10773'>10773<\/a><\/li>\n\n\n\n<li><a href='?page_no=10774'>10774<\/a><\/li>\n\n\n\n<li><a>...<\/a><\/li>\n\n\n\n<li><a href='?page_no=51012'>51012<\/a><\/li>\n\n\n\n<li><a href='?page_no=51013'>51013<\/a><\/li>\n\n    \n\t\n\n<li >\n\t<a href='?page_no=10773'>Next<\/a>\n\t<\/li>\n\n\n    \n\n<li><a href='?page_no=51013'>Last &rsaquo;&rsaquo;<\/a><\/li>\n\n<\/ul>\n\n\n--><br \/>\n<\/body><\/p>\n","protected":false},"excerpt":{"rendered":"<p>Washington, 2 abr (PL) El presidente de Estados Unidos, Donald Trump, repiti\u00f3 hoy las mismas ideas expresadas la v\u00edspera sobre la necesidad de que el Congreso de su pa\u00eds apruebe una ley de inmigraci\u00f3n y control fronterizo. Desde su misma cuenta personal de la red social Twitter, el mandatario republicano insisti\u00f3 en la llamada opci\u00f3n [&hellip;]<\/p>\n","protected":false},"author":3,"featured_media":0,"comment_status":"open","ping_status":"open","sticky":false,"template":"","format":"standard","meta":{"footnotes":""},"categories":[23],"tags":[],"class_list":["post-231129","post","type-post","status-publish","format-standard","hentry","category-internacional"],"_links":{"self":[{"href":"https:\/\/diariodominicano.com\/index.php?rest_route=\/wp\/v2\/posts\/231129","targetHints":{"allow":["GET"]}}],"collection":[{"href":"https:\/\/diariodominicano.com\/index.php?rest_route=\/wp\/v2\/posts"}],"about":[{"href":"https:\/\/diariodominicano.com\/index.php?rest_route=\/wp\/v2\/types\/post"}],"author":[{"embeddable":true,"href":"https:\/\/diariodominicano.com\/index.php?rest_route=\/wp\/v2\/users\/3"}],"replies":[{"embeddable":true,"href":"https:\/\/diariodominicano.com\/index.php?rest_route=%2Fwp%2Fv2%2Fcomments&post=231129"}],"version-history":[{"count":0,"href":"https:\/\/diariodominicano.com\/index.php?rest_route=\/wp\/v2\/posts\/231129\/revisions"}],"wp:attachment":[{"href":"https:\/\/diariodominicano.com\/index.php?rest_route=%2Fwp%2Fv2%2Fmedia&parent=231129"}],"wp:term":[{"taxonomy":"category","embeddable":true,"href":"https:\/\/diariodominicano.com\/index.php?rest_route=%2Fwp%2Fv2%2Fcategories&post=231129"},{"taxonomy":"post_tag","embeddable":true,"href":"https:\/\/diariodominicano.com\/index.php?rest_route=%2Fwp%2Fv2%2Ftags&post=231129"}],"curies":[{"name":"wp","href":"https:\/\/api.w.org\/{rel}","templated":true}]}}