{"id":231124,"date":"2018-04-02T12:24:51","date_gmt":"2018-04-02T12:24:51","guid":{"rendered":"http:\/\/diariodominicano.ddns.net\/?p=231124"},"modified":"2018-04-02T12:24:51","modified_gmt":"2018-04-02T12:24:51","slug":"facebook-precisa-algunos-anos-para-solucionar-problemas-dice-zuckerberg","status":"publish","type":"post","link":"https:\/\/diariodominicano.com\/?p=231124","title":{"rendered":"Facebook precisa \u00abalgunos a\u00f1os\u00bb para solucionar problemas, dice Zuckerberg"},"content":{"rendered":"<p><body><\/p>\n<p><img decoding=\"async\" src=\"img3\/f94759a7f2ce7c728fa5f2bc145d798df1149b7e.jpg\" \/>  <\/p>\n<p>AFP\/Archivos \/ Josh Edelson<\/p>\n<p>Jefe de Facebook, Mark Zuckerberg admite que llevar\u00e1 a\u00f1os arreglar problemas de seguridad<\/p>\n<p>Facebook probablemente llevar\u00e1 \u00abalgunos a\u00f1os\u00bb solucionar los problemas sobre el traspaso y uso irregular de datos privados de usuarios de la red, dijo el presidente ejecutivo Mark Zuckerberg en una entrevista publicada el lunes.<\/p>\n<\/p>\n<p>En declaraciones al sitio de noticias Vox, Zuckerberg defendi\u00f3 el modelo de negocios de la compa\u00f1\u00eda y rechaz\u00f3 duramente las cr\u00edticas al gigante de las redes sociales de parte del director general de Apple, Tim Cook, la semana pasada.<\/p>\n<\/p>\n<p>Zuckerberg sostuvo que uno de los problemas de Facebook es su \u00abidealismo\u00bb, centr\u00e1ndose en los aspectos positivos de conectar a las personas y que \u00abno pasamos el tiempo suficiente invirtiendo o pensando en algunos de los usos negativos de las herramientas\u00bb.<\/p>\n<\/p>\n<p>\u00abCreo que ahora la gente se centra adecuadamente en algunos de los riesgos y desventajas tambi\u00e9n\u00bb, dijo.<\/p>\n<\/p>\n<p>Adem\u00e1s detall\u00f3 al respecto: \u00abCreo que vamos a cavar a trav\u00e9s de este agujero, pero tomar\u00e1 algunos a\u00f1os. Ojal\u00e1 pudiera resolver todos estos problemas en tres meses o seis meses, pero creo que la realidad es que las respuestas a algunas de estas preguntas van a tomar un per\u00edodo m\u00e1s largo\u00bb.<\/p>\n<\/p>\n<p>El ejecutivo tambi\u00e9n respondi\u00f3 a los comentarios efectuados la semana pasada por Cook, quien argument\u00f3 que Facebook se meti\u00f3 en problemas debido a un modelo de negocios centrado en la monetizaci\u00f3n de los datos de las personas.<\/p>\n<\/p>\n<p>\u00abEncuentro ese argumento: que si no est\u00e1s pagando de alguna manera, no podemos preocuparnos por t\u00ed, es extremadamente simplista y no est\u00e1 del todo en l\u00ednea con la verdad\u00bb, dijo.<\/p>\n<\/p>\n<p>La entrevista fue la m\u00e1s reciente realizada por el jefe de Facebook para mitigar el impacto del esc\u00e1ndalo sobre la recolecci\u00f3n de datos personales de 50 millones de usuarios utilizados por parte de una firma vinculada a la campa\u00f1a electoral que llev\u00f3 al republicano Donald Trump a la presidencia.<\/p>\n<h6> 2018-04-02 12:24:51 <\/h6>\n<p><!--\n<link rel=\"stylesheet\" href=\"css\/bootstrap.min.css\">\n\n\n<ul class=\"pagination\">\n\t    \n\t\n\n<li >\n\t<a href='?page_no=10767'>Previous<\/a>\n\t<\/li>\n\n\n       \n    \n\n<li><a href='?page_no=1'>1<\/a><\/li>\n\n\n\n<li><a href='?page_no=2'>2<\/a><\/li>\n\n\n\n<li><a>...<\/a><\/li>\n\n\n\n<li><a href='?page_no=10766'>10766<\/a><\/li>\n\n\n\n<li><a href='?page_no=10767'>10767<\/a><\/li>\n\n\n\n<li class='active'><a>10768<\/a><\/li>\n\n\n\n<li><a href='?page_no=10769'>10769<\/a><\/li>\n\n\n\n<li><a href='?page_no=10770'>10770<\/a><\/li>\n\n\n\n<li><a>...<\/a><\/li>\n\n\n\n<li><a href='?page_no=51012'>51012<\/a><\/li>\n\n\n\n<li><a href='?page_no=51013'>51013<\/a><\/li>\n\n    \n\t\n\n<li >\n\t<a href='?page_no=10769'>Next<\/a>\n\t<\/li>\n\n\n    \n\n<li><a href='?page_no=51013'>Last &rsaquo;&rsaquo;<\/a><\/li>\n\n<\/ul>\n\n\n--><br \/>\n<\/body><\/p>\n","protected":false},"excerpt":{"rendered":"<p>AFP\/Archivos \/ Josh Edelson Jefe de Facebook, Mark Zuckerberg admite que llevar\u00e1 a\u00f1os arreglar problemas de seguridad Facebook probablemente llevar\u00e1 \u00abalgunos a\u00f1os\u00bb solucionar los problemas sobre el traspaso y uso irregular de datos privados de usuarios de la red, dijo el presidente ejecutivo Mark Zuckerberg en una entrevista publicada el lunes. En declaraciones al sitio [&hellip;]<\/p>\n","protected":false},"author":3,"featured_media":0,"comment_status":"open","ping_status":"open","sticky":false,"template":"","format":"standard","meta":{"footnotes":""},"categories":[23],"tags":[],"class_list":["post-231124","post","type-post","status-publish","format-standard","hentry","category-internacional"],"_links":{"self":[{"href":"https:\/\/diariodominicano.com\/index.php?rest_route=\/wp\/v2\/posts\/231124","targetHints":{"allow":["GET"]}}],"collection":[{"href":"https:\/\/diariodominicano.com\/index.php?rest_route=\/wp\/v2\/posts"}],"about":[{"href":"https:\/\/diariodominicano.com\/index.php?rest_route=\/wp\/v2\/types\/post"}],"author":[{"embeddable":true,"href":"https:\/\/diariodominicano.com\/index.php?rest_route=\/wp\/v2\/users\/3"}],"replies":[{"embeddable":true,"href":"https:\/\/diariodominicano.com\/index.php?rest_route=%2Fwp%2Fv2%2Fcomments&post=231124"}],"version-history":[{"count":0,"href":"https:\/\/diariodominicano.com\/index.php?rest_route=\/wp\/v2\/posts\/231124\/revisions"}],"wp:attachment":[{"href":"https:\/\/diariodominicano.com\/index.php?rest_route=%2Fwp%2Fv2%2Fmedia&parent=231124"}],"wp:term":[{"taxonomy":"category","embeddable":true,"href":"https:\/\/diariodominicano.com\/index.php?rest_route=%2Fwp%2Fv2%2Fcategories&post=231124"},{"taxonomy":"post_tag","embeddable":true,"href":"https:\/\/diariodominicano.com\/index.php?rest_route=%2Fwp%2Fv2%2Ftags&post=231124"}],"curies":[{"name":"wp","href":"https:\/\/api.w.org\/{rel}","templated":true}]}}