{"id":231123,"date":"2018-04-02T12:32:59","date_gmt":"2018-04-02T12:32:59","guid":{"rendered":"http:\/\/diariodominicano.ddns.net\/?p=231123"},"modified":"2018-04-02T12:32:59","modified_gmt":"2018-04-02T12:32:59","slug":"familia-winnie-mandela-destaca-su-valentia-y-lucha-permanente","status":"publish","type":"post","link":"https:\/\/diariodominicano.com\/?p=231123","title":{"rendered":"Familia Winnie Mandela destaca su valent\u00eda y lucha permanente"},"content":{"rendered":"<p><body><\/p>\n<p><strong>Pertoria, 2 abr (PL)<\/strong> Winnie Mandela, quien muri\u00f3 hoy a los 81 a\u00f1os, fue una de los principales \u00edconos de la lucha contra el apartheid en Sud\u00e1frica y sacrific\u00f3 su vida por la libertad del pa\u00eds, expresa una declaraci\u00f3n emitida por su familia.<\/p>\n<\/p>\n<p>Su activismo y resistencia al apartheid la condujo a la c\u00e1rcel en numerosas ocasiones y su aislamiento en la peque\u00f1a localidad de Brandfort, en la entonces provincia de Orange Free State, agrega la nota.<\/p>\n<\/p>\n<p>Informa que Winnie falleci\u00f3 en el hospital Netcare Milpark esta tarde a causa de una larga enfermedad que le hab\u00eda provocado numerosos ingresos desde comienzo de este a\u00f1o, estuvo acompa\u00f1ada por sus familiares y seres queridos.<\/p>\n<\/p>\n<p>Ella mantuvo viva la memoria de su encarcelado esposo Nelson Mandela durante sus a\u00f1os en Robben Island y se convirti\u00f3 en una de las caras m\u00e1s reconocidas de la lucha por la justicia en Sud\u00e1frica, a la cual dedic\u00f3 la mayor parte de su vida adulta, por eso era conocida como Madre de la Naci\u00f3n, agrega.<\/p>\n<\/p>\n<p>Despu\u00e9s de expresar su gratitud por el regalo de la vida de Winnie y su profundo pesar por su muerta, llama a los sudafricanos que la quer\u00edan celebrar a esta mujer sobresaliente y precisa que los detalles de sus funerales ser\u00e1n dados a conocer tan pronto sean acordados.<\/p>\n<\/p>\n<p>oda\/ir<\/p>\n<h6> 2018-04-02 12:32:59 <\/h6>\n<p><!--\n<link rel=\"stylesheet\" href=\"css\/bootstrap.min.css\">\n\n\n<ul class=\"pagination\">\n\t    \n\t\n\n<li >\n\t<a href='?page_no=10766'>Previous<\/a>\n\t<\/li>\n\n\n       \n    \n\n<li><a href='?page_no=1'>1<\/a><\/li>\n\n\n\n<li><a href='?page_no=2'>2<\/a><\/li>\n\n\n\n<li><a>...<\/a><\/li>\n\n\n\n<li><a href='?page_no=10765'>10765<\/a><\/li>\n\n\n\n<li><a href='?page_no=10766'>10766<\/a><\/li>\n\n\n\n<li class='active'><a>10767<\/a><\/li>\n\n\n\n<li><a href='?page_no=10768'>10768<\/a><\/li>\n\n\n\n<li><a href='?page_no=10769'>10769<\/a><\/li>\n\n\n\n<li><a>...<\/a><\/li>\n\n\n\n<li><a href='?page_no=51012'>51012<\/a><\/li>\n\n\n\n<li><a href='?page_no=51013'>51013<\/a><\/li>\n\n    \n\t\n\n<li >\n\t<a href='?page_no=10768'>Next<\/a>\n\t<\/li>\n\n\n    \n\n<li><a href='?page_no=51013'>Last &rsaquo;&rsaquo;<\/a><\/li>\n\n<\/ul>\n\n\n--><br \/>\n<\/body><\/p>\n","protected":false},"excerpt":{"rendered":"<p>Pertoria, 2 abr (PL) Winnie Mandela, quien muri\u00f3 hoy a los 81 a\u00f1os, fue una de los principales \u00edconos de la lucha contra el apartheid en Sud\u00e1frica y sacrific\u00f3 su vida por la libertad del pa\u00eds, expresa una declaraci\u00f3n emitida por su familia. Su activismo y resistencia al apartheid la condujo a la c\u00e1rcel en [&hellip;]<\/p>\n","protected":false},"author":3,"featured_media":0,"comment_status":"open","ping_status":"open","sticky":false,"template":"","format":"standard","meta":{"footnotes":""},"categories":[23],"tags":[],"class_list":["post-231123","post","type-post","status-publish","format-standard","hentry","category-internacional"],"_links":{"self":[{"href":"https:\/\/diariodominicano.com\/index.php?rest_route=\/wp\/v2\/posts\/231123","targetHints":{"allow":["GET"]}}],"collection":[{"href":"https:\/\/diariodominicano.com\/index.php?rest_route=\/wp\/v2\/posts"}],"about":[{"href":"https:\/\/diariodominicano.com\/index.php?rest_route=\/wp\/v2\/types\/post"}],"author":[{"embeddable":true,"href":"https:\/\/diariodominicano.com\/index.php?rest_route=\/wp\/v2\/users\/3"}],"replies":[{"embeddable":true,"href":"https:\/\/diariodominicano.com\/index.php?rest_route=%2Fwp%2Fv2%2Fcomments&post=231123"}],"version-history":[{"count":0,"href":"https:\/\/diariodominicano.com\/index.php?rest_route=\/wp\/v2\/posts\/231123\/revisions"}],"wp:attachment":[{"href":"https:\/\/diariodominicano.com\/index.php?rest_route=%2Fwp%2Fv2%2Fmedia&parent=231123"}],"wp:term":[{"taxonomy":"category","embeddable":true,"href":"https:\/\/diariodominicano.com\/index.php?rest_route=%2Fwp%2Fv2%2Fcategories&post=231123"},{"taxonomy":"post_tag","embeddable":true,"href":"https:\/\/diariodominicano.com\/index.php?rest_route=%2Fwp%2Fv2%2Ftags&post=231123"}],"curies":[{"name":"wp","href":"https:\/\/api.w.org\/{rel}","templated":true}]}}