{"id":231121,"date":"2018-04-02T13:25:07","date_gmt":"2018-04-02T13:25:07","guid":{"rendered":"http:\/\/diariodominicano.ddns.net\/?p=231121"},"modified":"2018-04-02T13:25:07","modified_gmt":"2018-04-02T13:25:07","slug":"evacuan-edificios-en-brasilia-y-sao-paulo-por-sismo-en-bolivia","status":"publish","type":"post","link":"https:\/\/diariodominicano.com\/?p=231121","title":{"rendered":"Evacuan edificios en Brasilia y Sao Paulo por sismo en Bolivia"},"content":{"rendered":"<p><body><\/p>\n<p><img decoding=\"async\" src=\"img3\/temblor2.jpg\" \/>  <\/p>\n<p><span class=\"text1noticias\">     BRASILIA, 2 abr (Xinhua) &#8212; Varios edificios comerciales y de oficinas fueron evacuados la ma\u00f1ana de hoy lunes en las brasile\u00f1as ciudades de Brasilia y Sao Paulo debido al sismo de magnitud 6,6 que se registr\u00f3 en Bolivia.<\/span><\/p>\n<p><span class=\"text1noticias\"> <\/span><\/p>\n<p><span class=\"text1noticias\">     De acuerdo con el Observatorio Sismol\u00f3gico de la Universidad de Brasilia (UnB), el sismo se sinti\u00f3 en las ciudades de San Paulo, Santos y Marilia, en el estado de Sao Paulo, y en el estado de R\u00edo Grande do Sul.<\/span><\/p>\n<p><span class=\"text1noticias\"> <\/span><\/p>\n<p><span class=\"text1noticias\">     En la capital brasile\u00f1a fueron evacuados edificios en el Sector Comercial Sur, los ministerios de Educaci\u00f3n, Justicia e Industria, y las sedes de la estatal Empresa Brasile\u00f1a de Infraestructura Aeroportuaria (Infraero), de la Secretar\u00eda de Seguridad P\u00fablica, la Agencia de Desarrollo y la Agencia de Planeaci\u00f3n del Distrito Federal.<\/span><\/p>\n<p><span class=\"text1noticias\"> <\/span><\/p>\n<p><span class=\"text1noticias\">     Tambi\u00e9n fue evacuado parcialmente el Palacio do Buriti, en el centro de Brasilia, sede del gobierno del Distrito Federal.<\/span><\/p>\n<p><span class=\"text1noticias\"> <\/span><\/p>\n<p><span class=\"text1noticias\">     En Brasilia, una ciudad construida por el gobierno a fines de la d\u00e9cada de 1950, numerosas personas aseguraron que nunca hab\u00edan sentido un temblor de semejante fuerza.<\/span><\/p>\n<p><span class=\"text1noticias\"> <\/span><\/p>\n<p><span class=\"text1noticias\">     Varios edificios de oficinas fueron evacuados en la avenida Paulista y en otros lugares del centro de Sao Paulo. Hasta el mediod\u00eda no hab\u00edan sido reportados heridos ni da\u00f1os materia<\/span>les. <\/p>\n<h6> 2018-04-02 13:25:07 <\/h6>\n<p><!--\n<link rel=\"stylesheet\" href=\"css\/bootstrap.min.css\">\n\n\n<ul class=\"pagination\">\n\t    \n\t\n\n<li >\n\t<a href='?page_no=10764'>Previous<\/a>\n\t<\/li>\n\n\n       \n    \n\n<li><a href='?page_no=1'>1<\/a><\/li>\n\n\n\n<li><a href='?page_no=2'>2<\/a><\/li>\n\n\n\n<li><a>...<\/a><\/li>\n\n\n\n<li><a href='?page_no=10763'>10763<\/a><\/li>\n\n\n\n<li><a href='?page_no=10764'>10764<\/a><\/li>\n\n\n\n<li class='active'><a>10765<\/a><\/li>\n\n\n\n<li><a href='?page_no=10766'>10766<\/a><\/li>\n\n\n\n<li><a href='?page_no=10767'>10767<\/a><\/li>\n\n\n\n<li><a>...<\/a><\/li>\n\n\n\n<li><a href='?page_no=51012'>51012<\/a><\/li>\n\n\n\n<li><a href='?page_no=51013'>51013<\/a><\/li>\n\n    \n\t\n\n<li >\n\t<a href='?page_no=10766'>Next<\/a>\n\t<\/li>\n\n\n    \n\n<li><a href='?page_no=51013'>Last &rsaquo;&rsaquo;<\/a><\/li>\n\n<\/ul>\n\n\n--><br \/>\n<\/body><\/p>\n","protected":false},"excerpt":{"rendered":"<p>BRASILIA, 2 abr (Xinhua) &#8212; Varios edificios comerciales y de oficinas fueron evacuados la ma\u00f1ana de hoy lunes en las brasile\u00f1as ciudades de Brasilia y Sao Paulo debido al sismo de magnitud 6,6 que se registr\u00f3 en Bolivia. De acuerdo con el Observatorio Sismol\u00f3gico de la Universidad de Brasilia (UnB), el sismo se sinti\u00f3 en [&hellip;]<\/p>\n","protected":false},"author":3,"featured_media":0,"comment_status":"open","ping_status":"open","sticky":false,"template":"","format":"standard","meta":{"footnotes":""},"categories":[23],"tags":[],"class_list":["post-231121","post","type-post","status-publish","format-standard","hentry","category-internacional"],"_links":{"self":[{"href":"https:\/\/diariodominicano.com\/index.php?rest_route=\/wp\/v2\/posts\/231121","targetHints":{"allow":["GET"]}}],"collection":[{"href":"https:\/\/diariodominicano.com\/index.php?rest_route=\/wp\/v2\/posts"}],"about":[{"href":"https:\/\/diariodominicano.com\/index.php?rest_route=\/wp\/v2\/types\/post"}],"author":[{"embeddable":true,"href":"https:\/\/diariodominicano.com\/index.php?rest_route=\/wp\/v2\/users\/3"}],"replies":[{"embeddable":true,"href":"https:\/\/diariodominicano.com\/index.php?rest_route=%2Fwp%2Fv2%2Fcomments&post=231121"}],"version-history":[{"count":0,"href":"https:\/\/diariodominicano.com\/index.php?rest_route=\/wp\/v2\/posts\/231121\/revisions"}],"wp:attachment":[{"href":"https:\/\/diariodominicano.com\/index.php?rest_route=%2Fwp%2Fv2%2Fmedia&parent=231121"}],"wp:term":[{"taxonomy":"category","embeddable":true,"href":"https:\/\/diariodominicano.com\/index.php?rest_route=%2Fwp%2Fv2%2Fcategories&post=231121"},{"taxonomy":"post_tag","embeddable":true,"href":"https:\/\/diariodominicano.com\/index.php?rest_route=%2Fwp%2Fv2%2Ftags&post=231121"}],"curies":[{"name":"wp","href":"https:\/\/api.w.org\/{rel}","templated":true}]}}