{"id":231119,"date":"2018-04-02T13:40:08","date_gmt":"2018-04-02T13:40:08","guid":{"rendered":"http:\/\/diariodominicano.ddns.net\/?p=231119"},"modified":"2018-04-02T13:40:08","modified_gmt":"2018-04-02T13:40:08","slug":"muere-lider-clave-de-taliban-en-norte-de-afganistan","status":"publish","type":"post","link":"https:\/\/diariodominicano.com\/?p=231119","title":{"rendered":"Muere l\u00edder clave de Talib\u00e1n en norte de Afganist\u00e1n"},"content":{"rendered":"<p><body><\/p>\n<p><span class=\"text1noticias\">     KUNDUZ, Afganist\u00e1n, 2 abr (Xinhua) &#8212; Mawlawi Burhan, un l\u00edder clave del Talib\u00e1n, es una de las 15 personas muertas hoy en ataques a\u00e9reos en el distrito de Dasht Archi en la provincia de Kunduz, norte de Afganist\u00e1n, dijo un funcionario local.<\/span><\/p>\n<p><span class=\"text1noticias\"> <\/span><\/p>\n<p><span class=\"text1noticias\">     La muerte del Burhan ocurri\u00f3 esta tarde durante intensos ataques a\u00e9reos contra el Talib\u00e1n en el \u00e1rea Daftani del distrito Dasht Archi, dijo el funcionario, quien pidi\u00f3 el anonimato.<\/span><\/p>\n<p><span class=\"text1noticias\"> <\/span><\/p>\n<p><span class=\"text1noticias\">     Un oficial de la oficina de relaciones p\u00fablicas de los 20 Cuerpos Pamir tambi\u00e9n confirm\u00f3 la muerte del cabecilla. Burhan estaba visitando a los combatientes del grupo para reorganizarlo, pero muri\u00f3 junto con otros 14 insurgentes.<\/span><\/p>\n<p><span class=\"text1noticias\"> <\/span><\/p>\n<p><span class=\"text1noticias\">     Adem\u00e1s de los 15 milicianos muertos, otros 10 resultaron heridos.<\/span><\/p>\n<p><span class=\"text1noticias\"> <\/span><\/p>\n<p><span class=\"text1noticias\">     Sin embargo, pobladores del lugar creen que el n\u00famero de v\u00edctimas podr\u00eda ser mayor a la reportada.<\/span><\/p>\n<p><span class=\"text1noticias\"> <\/span><\/p>\n<p><span class=\"text1noticias\">     El vocero de la polic\u00eda de Kunduz, Inamudin Rahmani, tambi\u00e9n confirm\u00f3 los ataques a\u00e9reos y asegur\u00f3 que m\u00e1s de dos docenas de milicianos murieron o resultaron heridos.<\/span><\/p>\n<p><span class=\"text1noticias\"> <\/span><\/p>\n<p><span class=\"text1noticias\">     El Talib\u00e1n no ha emitido comentarios sobre el rep<\/span>orte. <\/p>\n<h6> 2018-04-02 13:40:08 <\/h6>\n<p><!--\n<link rel=\"stylesheet\" href=\"css\/bootstrap.min.css\">\n\n\n<ul class=\"pagination\">\n\t    \n\t\n\n<li >\n\t<a href='?page_no=10762'>Previous<\/a>\n\t<\/li>\n\n\n       \n    \n\n<li><a href='?page_no=1'>1<\/a><\/li>\n\n\n\n<li><a href='?page_no=2'>2<\/a><\/li>\n\n\n\n<li><a>...<\/a><\/li>\n\n\n\n<li><a href='?page_no=10761'>10761<\/a><\/li>\n\n\n\n<li><a href='?page_no=10762'>10762<\/a><\/li>\n\n\n\n<li class='active'><a>10763<\/a><\/li>\n\n\n\n<li><a href='?page_no=10764'>10764<\/a><\/li>\n\n\n\n<li><a href='?page_no=10765'>10765<\/a><\/li>\n\n\n\n<li><a>...<\/a><\/li>\n\n\n\n<li><a href='?page_no=51012'>51012<\/a><\/li>\n\n\n\n<li><a href='?page_no=51013'>51013<\/a><\/li>\n\n    \n\t\n\n<li >\n\t<a href='?page_no=10764'>Next<\/a>\n\t<\/li>\n\n\n    \n\n<li><a href='?page_no=51013'>Last &rsaquo;&rsaquo;<\/a><\/li>\n\n<\/ul>\n\n\n--><br \/>\n<\/body><\/p>\n","protected":false},"excerpt":{"rendered":"<p>KUNDUZ, Afganist\u00e1n, 2 abr (Xinhua) &#8212; Mawlawi Burhan, un l\u00edder clave del Talib\u00e1n, es una de las 15 personas muertas hoy en ataques a\u00e9reos en el distrito de Dasht Archi en la provincia de Kunduz, norte de Afganist\u00e1n, dijo un funcionario local. La muerte del Burhan ocurri\u00f3 esta tarde durante intensos ataques a\u00e9reos contra el [&hellip;]<\/p>\n","protected":false},"author":3,"featured_media":0,"comment_status":"open","ping_status":"open","sticky":false,"template":"","format":"standard","meta":{"footnotes":""},"categories":[23],"tags":[],"class_list":["post-231119","post","type-post","status-publish","format-standard","hentry","category-internacional"],"_links":{"self":[{"href":"https:\/\/diariodominicano.com\/index.php?rest_route=\/wp\/v2\/posts\/231119","targetHints":{"allow":["GET"]}}],"collection":[{"href":"https:\/\/diariodominicano.com\/index.php?rest_route=\/wp\/v2\/posts"}],"about":[{"href":"https:\/\/diariodominicano.com\/index.php?rest_route=\/wp\/v2\/types\/post"}],"author":[{"embeddable":true,"href":"https:\/\/diariodominicano.com\/index.php?rest_route=\/wp\/v2\/users\/3"}],"replies":[{"embeddable":true,"href":"https:\/\/diariodominicano.com\/index.php?rest_route=%2Fwp%2Fv2%2Fcomments&post=231119"}],"version-history":[{"count":0,"href":"https:\/\/diariodominicano.com\/index.php?rest_route=\/wp\/v2\/posts\/231119\/revisions"}],"wp:attachment":[{"href":"https:\/\/diariodominicano.com\/index.php?rest_route=%2Fwp%2Fv2%2Fmedia&parent=231119"}],"wp:term":[{"taxonomy":"category","embeddable":true,"href":"https:\/\/diariodominicano.com\/index.php?rest_route=%2Fwp%2Fv2%2Fcategories&post=231119"},{"taxonomy":"post_tag","embeddable":true,"href":"https:\/\/diariodominicano.com\/index.php?rest_route=%2Fwp%2Fv2%2Ftags&post=231119"}],"curies":[{"name":"wp","href":"https:\/\/api.w.org\/{rel}","templated":true}]}}