{"id":231118,"date":"2018-04-02T13:44:50","date_gmt":"2018-04-02T13:44:50","guid":{"rendered":"http:\/\/diariodominicano.ddns.net\/?p=231118"},"modified":"2018-04-02T13:44:50","modified_gmt":"2018-04-02T13:44:50","slug":"presidente-de-bolivia-anuncia-investigacion-legislativa-por-caso-odebrecht","status":"publish","type":"post","link":"https:\/\/diariodominicano.com\/?p=231118","title":{"rendered":"Presidente de Bolivia anuncia investigaci\u00f3n legislativa por caso Odebrecht"},"content":{"rendered":"<p><body><\/p>\n<p><span class=\"text1noticias\">     LA PAZ, 2 abr (Xinhua) &#8212; El presidente de Bolivia, Evo Morales, anunci\u00f3 hoy lunes la decisi\u00f3n de solicitar a la Asamblea Legislativa conformar una comisi\u00f3n mixta de legisladores oficialistas y opositores para que investigue las denuncias de presunta corrupci\u00f3n en el pa\u00eds relacionada a la constructora brasile\u00f1a Odebrecht.<\/span><\/p>\n<p><span class=\"text1noticias\"> <\/span><\/p>\n<p><span class=\"text1noticias\">     El mandatario manifest\u00f3 en conferencia de prensa que \u00e9l es el m\u00e1s interesado en que se investigue este tipo de denuncias y publicaciones que aluden a Bolivia, como muestra de transparencia de su gobierno.<\/span><\/p>\n<p><span class=\"text1noticias\"> <\/span><\/p>\n<p><span class=\"text1noticias\">     \u00abUltimamente se menciona a Bolivia sobre estos temas. Quiero decirles que soy el m\u00e1s interesado en que se investigue sobre estos actos de corrupci\u00f3n (&#8230;) estamos pidiendo una profunda investigaci\u00f3n de ex autoridades que mencionan los medios de comunicaci\u00f3n\u00bb, dijo.<\/span><\/p>\n<p><span class=\"text1noticias\"> <\/span><\/p>\n<p><span class=\"text1noticias\">     Enfatiz\u00f3, no obstante, que su gobierno no est\u00e1 implicado en ning\u00fan acto de corrupci\u00f3n con el grupo brasile\u00f1o Odebrecht, como ha difundido la prensa.<\/span><\/p>\n<p><span class=\"text1noticias\"> <\/span><\/p>\n<p><span class=\"text1noticias\">     Dijo que no tiene ning\u00fan tipo de informaci\u00f3n sobre un caso que involucre a su gobierno, aunque las investigaciones de la comisi\u00f3n mixta determinar\u00e1n si se produjeron en anteriores administraciones gubernamentales.<\/span><\/p>\n<p><span class=\"text1noticias\"> <\/span><\/p>\n<p><span class=\"text1noticias\">     El diario \u00abEl Deber\u00bb difundi\u00f3 recientemente, con base en documentos del Ministerio de Justicia de Brasil, sobornos pagados por constructoras para obtener licitaciones de obras, casos en los que se menciona a Bolivia, adem\u00e1s de otros pa\u00edses de Am\u00e9rica Latina.<\/span><\/p>\n<p><span class=\"text1noticias\"> <\/span><\/p>\n<p><span class=\"text1noticias\">     Se mencion\u00f3 el caso de la operaci\u00f3n \u00abCastillo de Arena\u00bb, donde el ex director de la constructora brasile\u00f1a Camargo Correa, Pietro Giavina Bianchi, ofrece detalles sobre el supuesto destino del dinero para diversas obras, en las que aparece varias veces el nombre de Bolivia.<\/span><\/p>\n<p><span class=\"text1noticias\"> <\/span><\/p>\n<p><span class=\"text1noticias\">     En el documento publicado se revela el pago de dos presuntas comisiones a la gerencia general del ex Servicio Nacional de Caminos, hoy la estatal Administradora Boliviana de Carreteras, por la construcci\u00f3n de la v\u00eda Robor\u00e9-El Carmen.<\/span><\/p>\n<p><span class=\"text1noticias\"> <\/span><\/p>\n<p><span class=\"text1noticias\">     La publicaci\u00f3n se\u00f1al\u00f3 que la puesta en marcha del proyecto carretero Robor\u00e9-El Carmen alcanz\u00f3 a varios gobiernos.<\/span><\/p>\n<p><span class=\"text1noticias\"> <\/span><\/p>\n<p><span class=\"text1noticias\">     Seg\u00fan la documentaci\u00f3n publicada, los decretos para la obra se aprobaron durante los gobiernos de los ex presidentes bolivianos Carlos Mesa (2003-2005) y Eduardo Rodr\u00edguez Veltz\u00e9 (2005-2006).<\/span><\/p>\n<p><span class=\"text1noticias\"> <\/span><\/p>\n<p><span class=\"text1noticias\">     La construcci\u00f3n de la obra fue supervisada y entregada durante la actual admini<\/span>straci\u00f3n. <\/p>\n<h6> 2018-04-02 13:44:50 <\/h6>\n<p><!--\n<link rel=\"stylesheet\" href=\"css\/bootstrap.min.css\">\n\n\n<ul class=\"pagination\">\n\t    \n\t\n\n<li >\n\t<a href='?page_no=10761'>Previous<\/a>\n\t<\/li>\n\n\n       \n    \n\n<li><a href='?page_no=1'>1<\/a><\/li>\n\n\n\n<li><a href='?page_no=2'>2<\/a><\/li>\n\n\n\n<li><a>...<\/a><\/li>\n\n\n\n<li><a href='?page_no=10760'>10760<\/a><\/li>\n\n\n\n<li><a href='?page_no=10761'>10761<\/a><\/li>\n\n\n\n<li class='active'><a>10762<\/a><\/li>\n\n\n\n<li><a href='?page_no=10763'>10763<\/a><\/li>\n\n\n\n<li><a href='?page_no=10764'>10764<\/a><\/li>\n\n\n\n<li><a>...<\/a><\/li>\n\n\n\n<li><a href='?page_no=51012'>51012<\/a><\/li>\n\n\n\n<li><a href='?page_no=51013'>51013<\/a><\/li>\n\n    \n\t\n\n<li >\n\t<a href='?page_no=10763'>Next<\/a>\n\t<\/li>\n\n\n    \n\n<li><a href='?page_no=51013'>Last &rsaquo;&rsaquo;<\/a><\/li>\n\n<\/ul>\n\n\n--><br \/>\n<\/body><\/p>\n","protected":false},"excerpt":{"rendered":"<p>LA PAZ, 2 abr (Xinhua) &#8212; El presidente de Bolivia, Evo Morales, anunci\u00f3 hoy lunes la decisi\u00f3n de solicitar a la Asamblea Legislativa conformar una comisi\u00f3n mixta de legisladores oficialistas y opositores para que investigue las denuncias de presunta corrupci\u00f3n en el pa\u00eds relacionada a la constructora brasile\u00f1a Odebrecht. El mandatario manifest\u00f3 en conferencia de [&hellip;]<\/p>\n","protected":false},"author":3,"featured_media":0,"comment_status":"open","ping_status":"open","sticky":false,"template":"","format":"standard","meta":{"footnotes":""},"categories":[23],"tags":[],"class_list":["post-231118","post","type-post","status-publish","format-standard","hentry","category-internacional"],"_links":{"self":[{"href":"https:\/\/diariodominicano.com\/index.php?rest_route=\/wp\/v2\/posts\/231118","targetHints":{"allow":["GET"]}}],"collection":[{"href":"https:\/\/diariodominicano.com\/index.php?rest_route=\/wp\/v2\/posts"}],"about":[{"href":"https:\/\/diariodominicano.com\/index.php?rest_route=\/wp\/v2\/types\/post"}],"author":[{"embeddable":true,"href":"https:\/\/diariodominicano.com\/index.php?rest_route=\/wp\/v2\/users\/3"}],"replies":[{"embeddable":true,"href":"https:\/\/diariodominicano.com\/index.php?rest_route=%2Fwp%2Fv2%2Fcomments&post=231118"}],"version-history":[{"count":0,"href":"https:\/\/diariodominicano.com\/index.php?rest_route=\/wp\/v2\/posts\/231118\/revisions"}],"wp:attachment":[{"href":"https:\/\/diariodominicano.com\/index.php?rest_route=%2Fwp%2Fv2%2Fmedia&parent=231118"}],"wp:term":[{"taxonomy":"category","embeddable":true,"href":"https:\/\/diariodominicano.com\/index.php?rest_route=%2Fwp%2Fv2%2Fcategories&post=231118"},{"taxonomy":"post_tag","embeddable":true,"href":"https:\/\/diariodominicano.com\/index.php?rest_route=%2Fwp%2Fv2%2Ftags&post=231118"}],"curies":[{"name":"wp","href":"https:\/\/api.w.org\/{rel}","templated":true}]}}