{"id":231117,"date":"2018-04-02T14:39:42","date_gmt":"2018-04-02T14:39:42","guid":{"rendered":"http:\/\/diariodominicano.ddns.net\/?p=231117"},"modified":"2018-04-02T14:39:42","modified_gmt":"2018-04-02T14:39:42","slug":"gobierno-y-eln-de-colombia-evaluan-nuevo-cese-el-fuego","status":"publish","type":"post","link":"https:\/\/diariodominicano.com\/?p=231117","title":{"rendered":"Gobierno y ELN de Colombia eval\u00faan nuevo cese el fuego"},"content":{"rendered":"<p><body><\/p>\n<p><img decoding=\"async\" src=\"img3\/1dialgos-900x485.jpg\" \/>  <\/p>\n<p><strong> Bogot\u00e1, 2 abr (PL) <\/strong>El Gobierno y el Ej\u00e9rcito de Liberaci\u00f3n Nacional (ELN) de Colombia buscar\u00e1n desde hoy negociar un nuevo cese el fuego bilateral para poder avanzar en la mesa negociadora de Quito.<\/p>\n<\/p>\n<p>El jefe del equipo gubernamental en la instancia de di\u00e1logo, Gustavo Bell, dijo en esta capital que el prop\u00f3sito es pactar una tregua que sea suficientemente estable, lo cual no podr\u00eda garantizarse con un alto el fuego temporal como el acordado entre el 1 de octubre y el 9 de enero.<\/p>\n<\/p>\n<p>&#8216;En la medida que sea indefinido, el avance de la agenda estar\u00eda garantizado. Por eso, ponerle una fecha no es consecuente&#8217;, declar\u00f3 al diario El Tiempo.<\/p>\n<\/p>\n<p>Bell estim\u00f3 que las negociaciones en este quinto ciclo pueden avanzar r\u00e1pido.<\/p>\n<\/p>\n<p>Al respecto, ilustr\u00f3, que hay consenso entre las partes en que los ejercicios relativos al primer punto de la agenda (participaci\u00f3n de la sociedad en la construcci\u00f3n de la paz) se coordinen en los pr\u00f3ximos 15 o 20 d\u00edas.<\/p>\n<\/p>\n<p>&#8216;Podemos, en los pr\u00f3ximos meses, avanzar en la agenda. El clima con el que se inici\u00f3 este quinto ciclo es bastante cordial y pudimos ponernos de acuerdo en una metodolog\u00eda para abordar el cese el fuego y el primer punto de la agenda&#8217;, enfatiz\u00f3 el exembajador colombiano.<\/p>\n<\/p>\n<p>Destac\u00f3, adem\u00e1s, que el Ej\u00e9rcito de Liberaci\u00f3n Nacional lleg\u00f3 &#8216;con una nueva t\u00f3nica&#8217; a esta ronda de conversaciones y en tal sentido mencion\u00f3 c\u00f3mo decretaron un cese el fuego unilateral que han mantenido m\u00e1s all\u00e1 de las elecciones legislativas del 11 de marzo.<\/p>\n<\/p>\n<p>Bell opin\u00f3 que &#8216;en un tiempo razonable se podr\u00eda estar firmando el acuerdo&#8217; (de paz con la guerrilla).<\/p>\n<\/p>\n<p>Manifest\u00f3 que no es desestimable que antes que termine el Gobierno de Juan Manuel Santos en agosto se est\u00e9 firmando el fin del conflicto armado con el ELN.<\/p>\n<\/p>\n<p>Si ello no fuera posible, Bell consider\u00f3 que &#8216;se puede avanzar hasta el punto de que esto sea pol\u00edticamente irreversible&#8230; que el pr\u00f3ximo gobierno entienda que es una oportunidad para consolidar la paz&#8217;.<\/p>\n<\/p>\n<p>ocs\/tpa<\/p>\n<h6> 2018-04-02 14:39:42 <\/h6>\n<p><!--\n<link rel=\"stylesheet\" href=\"css\/bootstrap.min.css\">\n\n\n<ul class=\"pagination\">\n\t    \n\t\n\n<li >\n\t<a href='?page_no=10760'>Previous<\/a>\n\t<\/li>\n\n\n       \n    \n\n<li><a href='?page_no=1'>1<\/a><\/li>\n\n\n\n<li><a href='?page_no=2'>2<\/a><\/li>\n\n\n\n<li><a>...<\/a><\/li>\n\n\n\n<li><a href='?page_no=10759'>10759<\/a><\/li>\n\n\n\n<li><a href='?page_no=10760'>10760<\/a><\/li>\n\n\n\n<li class='active'><a>10761<\/a><\/li>\n\n\n\n<li><a href='?page_no=10762'>10762<\/a><\/li>\n\n\n\n<li><a href='?page_no=10763'>10763<\/a><\/li>\n\n\n\n<li><a>...<\/a><\/li>\n\n\n\n<li><a href='?page_no=51012'>51012<\/a><\/li>\n\n\n\n<li><a href='?page_no=51013'>51013<\/a><\/li>\n\n    \n\t\n\n<li >\n\t<a href='?page_no=10762'>Next<\/a>\n\t<\/li>\n\n\n    \n\n<li><a href='?page_no=51013'>Last &rsaquo;&rsaquo;<\/a><\/li>\n\n<\/ul>\n\n\n--><br \/>\n<\/body><\/p>\n","protected":false},"excerpt":{"rendered":"<p>Bogot\u00e1, 2 abr (PL) El Gobierno y el Ej\u00e9rcito de Liberaci\u00f3n Nacional (ELN) de Colombia buscar\u00e1n desde hoy negociar un nuevo cese el fuego bilateral para poder avanzar en la mesa negociadora de Quito. El jefe del equipo gubernamental en la instancia de di\u00e1logo, Gustavo Bell, dijo en esta capital que el prop\u00f3sito es pactar [&hellip;]<\/p>\n","protected":false},"author":3,"featured_media":0,"comment_status":"open","ping_status":"open","sticky":false,"template":"","format":"standard","meta":{"footnotes":""},"categories":[23],"tags":[],"class_list":["post-231117","post","type-post","status-publish","format-standard","hentry","category-internacional"],"_links":{"self":[{"href":"https:\/\/diariodominicano.com\/index.php?rest_route=\/wp\/v2\/posts\/231117","targetHints":{"allow":["GET"]}}],"collection":[{"href":"https:\/\/diariodominicano.com\/index.php?rest_route=\/wp\/v2\/posts"}],"about":[{"href":"https:\/\/diariodominicano.com\/index.php?rest_route=\/wp\/v2\/types\/post"}],"author":[{"embeddable":true,"href":"https:\/\/diariodominicano.com\/index.php?rest_route=\/wp\/v2\/users\/3"}],"replies":[{"embeddable":true,"href":"https:\/\/diariodominicano.com\/index.php?rest_route=%2Fwp%2Fv2%2Fcomments&post=231117"}],"version-history":[{"count":0,"href":"https:\/\/diariodominicano.com\/index.php?rest_route=\/wp\/v2\/posts\/231117\/revisions"}],"wp:attachment":[{"href":"https:\/\/diariodominicano.com\/index.php?rest_route=%2Fwp%2Fv2%2Fmedia&parent=231117"}],"wp:term":[{"taxonomy":"category","embeddable":true,"href":"https:\/\/diariodominicano.com\/index.php?rest_route=%2Fwp%2Fv2%2Fcategories&post=231117"},{"taxonomy":"post_tag","embeddable":true,"href":"https:\/\/diariodominicano.com\/index.php?rest_route=%2Fwp%2Fv2%2Ftags&post=231117"}],"curies":[{"name":"wp","href":"https:\/\/api.w.org\/{rel}","templated":true}]}}