{"id":231116,"date":"2018-04-03T00:03:29","date_gmt":"2018-04-03T00:03:29","guid":{"rendered":"http:\/\/diariodominicano.ddns.net\/?p=231116"},"modified":"2018-04-03T00:03:29","modified_gmt":"2018-04-03T00:03:29","slug":"presidente-peruano-juramenta-a-gabinete-ministerial","status":"publish","type":"post","link":"https:\/\/diariodominicano.com\/?p=231116","title":{"rendered":"Presidente peruano juramenta a gabinete ministerial"},"content":{"rendered":"<p><body><\/p>\n<\/p>\n<p><strong>   LIMA, 2 abr (Xinhua) &#8212;<\/strong> El presidente peruano, Mart\u00edn Vizcarra, tom\u00f3 hoy juramento al gabinete ministerial que encabeza el presidente del Consejo de Ministros, C\u00e9sar Villanueva, durante una ceremonia efectuada en el Patio de Honor del Palacio de Gobierno.<\/p>\n<\/p>\n<p>   El gabinete lo integran N\u00e9stor Popolizio, en el Ministerio de Relaciones Exteriores; el general Jos\u00e9 Huerta, en Defensa; David Tuesta, en Econom\u00eda y Finanzas; el general Mauro Medina, en Interior; y Salvador Heresi, en Justicia y Derechos Humanos.<\/p>\n<\/p>\n<p>   Tambi\u00e9n est\u00e1n Daniel Alfaro, en Educaci\u00f3n; Silvia Pessah, en Salud; Gustavo Mostajo en Agricultura y Riego; Christian S\u00e1nchez, en Trabajo y Promoci\u00f3n del Empleo; Daniel C\u00f3rdova, en Producci\u00f3n; y Roger Valencia en Comercio Exterior y Turismo.<\/p>\n<\/p>\n<p>   Se incluye a Francisco Ismodes, en Energ\u00eda y Minas; Edmer Trujillo, en Transportes y Comunicaciones; Javier Piqu\u00e9, en Vivienda, Construcci\u00f3n y Saneamiento; Ana Mendieta, en Mujer y Poblaciones Vulnerables; Fabiola Mu\u00f1oz en Ambiente; Patricia Balbuena en Cultura; y Liliana La Rosa, en Desarrollo e Inclusi\u00f3n Social. <\/p>\n<\/p>\n<p>   La ceremonia protocolar dur\u00f3 30 minutos, y previamente se dio lectura a las resoluciones que dan cuenta de la renuncia del total del gabinete que estaba a cargo de la ahora ex presidenta del Consejo de Ministros, Mercedes Ar\u00e1oz.<\/p>\n<\/p>\n<p>   El presidente Vizcarra fue investido en el cargo el pasado 23 de marzo, al aceptar el Congreso la renuncia, por amplia mayor\u00eda, de Pedro Pablo Kuczynski, por presuntas irregularidades cometidas durante su gesti\u00f3n como presidente del Consejo de Ministros y ministro de Econom\u00eda y Finanzas en el gobierno del ex presidente Alejandro Toledo. <\/p>\n<\/p>\n<p>   Vizcarra completar\u00e1 el periodo constitucional que se inici\u00f3 el 28 de julio de 2016 y que concluir\u00e1 el 28 de julio de 2021. Fin<\/p>\n<\/p>\n<h6> 2018-04-03 00:03:29 <\/h6>\n<p><!--\n<link rel=\"stylesheet\" href=\"css\/bootstrap.min.css\">\n\n\n<ul class=\"pagination\">\n\t    \n\t\n\n<li >\n\t<a href='?page_no=10759'>Previous<\/a>\n\t<\/li>\n\n\n       \n    \n\n<li><a href='?page_no=1'>1<\/a><\/li>\n\n\n\n<li><a href='?page_no=2'>2<\/a><\/li>\n\n\n\n<li><a>...<\/a><\/li>\n\n\n\n<li><a href='?page_no=10758'>10758<\/a><\/li>\n\n\n\n<li><a href='?page_no=10759'>10759<\/a><\/li>\n\n\n\n<li class='active'><a>10760<\/a><\/li>\n\n\n\n<li><a href='?page_no=10761'>10761<\/a><\/li>\n\n\n\n<li><a href='?page_no=10762'>10762<\/a><\/li>\n\n\n\n<li><a>...<\/a><\/li>\n\n\n\n<li><a href='?page_no=51012'>51012<\/a><\/li>\n\n\n\n<li><a href='?page_no=51013'>51013<\/a><\/li>\n\n    \n\t\n\n<li >\n\t<a href='?page_no=10761'>Next<\/a>\n\t<\/li>\n\n\n    \n\n<li><a href='?page_no=51013'>Last &rsaquo;&rsaquo;<\/a><\/li>\n\n<\/ul>\n\n\n--><br \/>\n<\/body><\/p>\n","protected":false},"excerpt":{"rendered":"<p>LIMA, 2 abr (Xinhua) &#8212; El presidente peruano, Mart\u00edn Vizcarra, tom\u00f3 hoy juramento al gabinete ministerial que encabeza el presidente del Consejo de Ministros, C\u00e9sar Villanueva, durante una ceremonia efectuada en el Patio de Honor del Palacio de Gobierno. El gabinete lo integran N\u00e9stor Popolizio, en el Ministerio de Relaciones Exteriores; el general Jos\u00e9 Huerta, [&hellip;]<\/p>\n","protected":false},"author":3,"featured_media":0,"comment_status":"open","ping_status":"open","sticky":false,"template":"","format":"standard","meta":{"footnotes":""},"categories":[23],"tags":[],"class_list":["post-231116","post","type-post","status-publish","format-standard","hentry","category-internacional"],"_links":{"self":[{"href":"https:\/\/diariodominicano.com\/index.php?rest_route=\/wp\/v2\/posts\/231116","targetHints":{"allow":["GET"]}}],"collection":[{"href":"https:\/\/diariodominicano.com\/index.php?rest_route=\/wp\/v2\/posts"}],"about":[{"href":"https:\/\/diariodominicano.com\/index.php?rest_route=\/wp\/v2\/types\/post"}],"author":[{"embeddable":true,"href":"https:\/\/diariodominicano.com\/index.php?rest_route=\/wp\/v2\/users\/3"}],"replies":[{"embeddable":true,"href":"https:\/\/diariodominicano.com\/index.php?rest_route=%2Fwp%2Fv2%2Fcomments&post=231116"}],"version-history":[{"count":0,"href":"https:\/\/diariodominicano.com\/index.php?rest_route=\/wp\/v2\/posts\/231116\/revisions"}],"wp:attachment":[{"href":"https:\/\/diariodominicano.com\/index.php?rest_route=%2Fwp%2Fv2%2Fmedia&parent=231116"}],"wp:term":[{"taxonomy":"category","embeddable":true,"href":"https:\/\/diariodominicano.com\/index.php?rest_route=%2Fwp%2Fv2%2Fcategories&post=231116"},{"taxonomy":"post_tag","embeddable":true,"href":"https:\/\/diariodominicano.com\/index.php?rest_route=%2Fwp%2Fv2%2Ftags&post=231116"}],"curies":[{"name":"wp","href":"https:\/\/api.w.org\/{rel}","templated":true}]}}