{"id":231113,"date":"2018-04-03T08:41:19","date_gmt":"2018-04-03T08:41:19","guid":{"rendered":"http:\/\/diariodominicano.ddns.net\/?p=231113"},"modified":"2018-04-03T08:41:19","modified_gmt":"2018-04-03T08:41:19","slug":"consejo-de-seguridad-analizara-mision-de-la-onu-en-haiti","status":"publish","type":"post","link":"https:\/\/diariodominicano.com\/?p=231113","title":{"rendered":"Consejo de Seguridad analizar\u00e1 misi\u00f3n de la ONU en Hait\u00ed"},"content":{"rendered":"<p><body><\/p>\n<p><img decoding=\"async\" src=\"img3\/Haiti-Minujusth3.jpg\" \/>  <\/p>\n<p><span class=\"text1noticias\">Naciones Unidas, 3 abr (PL) El Consejo de Seguridad de la ONU analiza hoy la Misi\u00f3n de Apoyo a la Justicia en Hait\u00ed (Minujusth), uno de los temas priorizados por Per\u00fa que ejerce la presidencia rotatoria del \u00f3rgano de 15 miembros.<\/span><\/p>\n<p><span class=\"text1noticias\"> <\/span><\/p>\n<p><span class=\"text1noticias\">En esta sesi\u00f3n se conocer\u00e1 el informe del secretario general de la ONU, Antonio Guterres, sobre la Minujusth, que se activ\u00f3 en octubre del a\u00f1o anterior, una vez concluida la Misi\u00f3n de Estabilizaci\u00f3n en Hait\u00ed (Minustah) <\/span><\/p>\n<p><span class=\"text1noticias\"> <\/span><\/p>\n<p><span class=\"text1noticias\">La Minustah hab\u00eda comenzado mandato comenz\u00f3 en abril de 2004 y estaba dirigido a lidiar con un escenario de inestabilidad, violencia pol\u00edtica, impunidad y proliferaci\u00f3n de la delincuencia en la naci\u00f3n caribe\u00f1a.<\/span><\/p>\n<p><span class=\"text1noticias\"> <\/span><\/p>\n<p><span class=\"text1noticias\">De acuerdo con el representante permanente de Per\u00fa ante la ONU, Gustavo Meza-Cuadra, la Minujusth enfrenta ahora muchos problemas en cuanto a los recursos y destac\u00f3 la necesidad de ofrecerles mayor apoyo en la lucha contra el c\u00f3lera.<\/span><\/p>\n<p><span class=\"text1noticias\"> <\/span><\/p>\n<p><span class=\"text1noticias\">El mes anterior, el jefe de las Operaciones de Mantenimiento de Paz de la ONU, Jean-Pierre Lacroix, reiter\u00f3 la intenci\u00f3n del organismo multilateral de fortalecer la asociaci\u00f3n con Hait\u00ed, basada en la solidaridad, el respeto y la confianza mutua.<\/span><\/p>\n<p><span class=\"text1noticias\"> <\/span><\/p>\n<p><span class=\"text1noticias\">Al concluir su visita en Hait\u00ed, Lacroix dijo que hab\u00eda sido una oportunidad &#8216;para profundizar el di\u00e1logo con el Gobierno y promover una mayor coherencia en el trabajo de las Naciones Unidas&#8217;.<\/span><\/p>\n<p><span class=\"text1noticias\"> <\/span><\/p>\n<p><span class=\"text1noticias\">Tambi\u00e9n subray\u00f3 la importancia de las acciones conjuntas para preparar la transici\u00f3n de la Minustah a una forma de cooperaci\u00f3n distinta a la de una operaci\u00f3n de mantenimiento de paz, de conformidad con las resoluciones del Consejo de Seguridad.<\/span><\/p>\n<p><span class=\"text1noticias\"> <\/span><\/p>\n<p><span class=\"text1noticias\">Con respecto a la lucha contra el c\u00f3lera, recalc\u00f3 el compromiso del secretario general de la ONU, Ant\u00f3nio Guterres, de apoyar los esfuerzos dirigidos a eliminar esa epidemia, iniciada en 2010 por negligencia de algunos miembros de las fuerzas de mantenimiento de paz.<\/span><\/p>\n<p><span class=\"text1noticias\"> <\/span><\/p>\n<p><span class=\"text1noticias\">Otro tema que caus\u00f3 pol\u00e9mica en el mandato de la Minustah fueron los reportes de abusos sexuales por parte de los cascos <\/span>azules.<\/p>\n<h6> 2018-04-03 08:41:19 <\/h6>\n<p><!--\n<link rel=\"stylesheet\" href=\"css\/bootstrap.min.css\">\n\n\n<ul class=\"pagination\">\n\t    \n\t\n\n<li >\n\t<a href='?page_no=10757'>Previous<\/a>\n\t<\/li>\n\n\n       \n    \n\n<li><a href='?page_no=1'>1<\/a><\/li>\n\n\n\n<li><a href='?page_no=2'>2<\/a><\/li>\n\n\n\n<li><a>...<\/a><\/li>\n\n\n\n<li><a href='?page_no=10756'>10756<\/a><\/li>\n\n\n\n<li><a href='?page_no=10757'>10757<\/a><\/li>\n\n\n\n<li class='active'><a>10758<\/a><\/li>\n\n\n\n<li><a href='?page_no=10759'>10759<\/a><\/li>\n\n\n\n<li><a href='?page_no=10760'>10760<\/a><\/li>\n\n\n\n<li><a>...<\/a><\/li>\n\n\n\n<li><a href='?page_no=51012'>51012<\/a><\/li>\n\n\n\n<li><a href='?page_no=51013'>51013<\/a><\/li>\n\n    \n\t\n\n<li >\n\t<a href='?page_no=10759'>Next<\/a>\n\t<\/li>\n\n\n    \n\n<li><a href='?page_no=51013'>Last &rsaquo;&rsaquo;<\/a><\/li>\n\n<\/ul>\n\n\n--><br \/>\n<\/body><\/p>\n","protected":false},"excerpt":{"rendered":"<p>Naciones Unidas, 3 abr (PL) El Consejo de Seguridad de la ONU analiza hoy la Misi\u00f3n de Apoyo a la Justicia en Hait\u00ed (Minujusth), uno de los temas priorizados por Per\u00fa que ejerce la presidencia rotatoria del \u00f3rgano de 15 miembros. En esta sesi\u00f3n se conocer\u00e1 el informe del secretario general de la ONU, Antonio [&hellip;]<\/p>\n","protected":false},"author":3,"featured_media":0,"comment_status":"open","ping_status":"open","sticky":false,"template":"","format":"standard","meta":{"footnotes":""},"categories":[23],"tags":[],"class_list":["post-231113","post","type-post","status-publish","format-standard","hentry","category-internacional"],"_links":{"self":[{"href":"https:\/\/diariodominicano.com\/index.php?rest_route=\/wp\/v2\/posts\/231113","targetHints":{"allow":["GET"]}}],"collection":[{"href":"https:\/\/diariodominicano.com\/index.php?rest_route=\/wp\/v2\/posts"}],"about":[{"href":"https:\/\/diariodominicano.com\/index.php?rest_route=\/wp\/v2\/types\/post"}],"author":[{"embeddable":true,"href":"https:\/\/diariodominicano.com\/index.php?rest_route=\/wp\/v2\/users\/3"}],"replies":[{"embeddable":true,"href":"https:\/\/diariodominicano.com\/index.php?rest_route=%2Fwp%2Fv2%2Fcomments&post=231113"}],"version-history":[{"count":0,"href":"https:\/\/diariodominicano.com\/index.php?rest_route=\/wp\/v2\/posts\/231113\/revisions"}],"wp:attachment":[{"href":"https:\/\/diariodominicano.com\/index.php?rest_route=%2Fwp%2Fv2%2Fmedia&parent=231113"}],"wp:term":[{"taxonomy":"category","embeddable":true,"href":"https:\/\/diariodominicano.com\/index.php?rest_route=%2Fwp%2Fv2%2Fcategories&post=231113"},{"taxonomy":"post_tag","embeddable":true,"href":"https:\/\/diariodominicano.com\/index.php?rest_route=%2Fwp%2Fv2%2Ftags&post=231113"}],"curies":[{"name":"wp","href":"https:\/\/api.w.org\/{rel}","templated":true}]}}