{"id":231111,"date":"2018-04-03T11:04:03","date_gmt":"2018-04-03T11:04:03","guid":{"rendered":"http:\/\/diariodominicano.ddns.net\/?p=231111"},"modified":"2018-04-03T11:04:03","modified_gmt":"2018-04-03T11:04:03","slug":"en-haiti-realizaran-evento-energias-renovables-para-rehabilitacion-rural-en-haiti","status":"publish","type":"post","link":"https:\/\/diariodominicano.com\/?p=231111","title":{"rendered":"En Hait\u00ed realizar\u00e1n evento: Energ\u00edas renovables para rehabilitaci\u00f3n rural en Hait\u00ed"},"content":{"rendered":"<p><body><\/p>\n<p><img decoding=\"async\" src=\"img3\/Renoagric3.jpg\" \/>  <\/p>\n<p><span class=\"text1noticias\">Puerto Pr\u00edncipe, 3 abr (PL) El central distrito haitiano de Hincha acoger\u00e1 el 7 y 8 de abril la cuarta edici\u00f3n de Village Alternatiba (Ciudad Alternativa) que promueve iniciativas en energ\u00edas renovables, gesti\u00f3n de residuos y ciudadan\u00eda, se anunci\u00f3 hoy.<\/span><\/p>\n<p><span class=\"text1noticias\"> <\/span><\/p>\n<p><span class=\"text1noticias\">Seg\u00fan sus organizadores, la actual entrega se dedica a la agricultura como alternativa real para la reducci\u00f3n del calentamiento global.<\/span><\/p>\n<p><span class=\"text1noticias\"> <\/span><\/p>\n<p><span class=\"text1noticias\">El documental \u00bfD\u00f3nde se han ido nuestros \u00e1rboles?, de Mario Delatour, y una pel\u00edcula sobre la gesti\u00f3n de residuos en Jacmel, al sudeste de esta capital, abrir\u00e1n las sesiones de esta edici\u00f3n, que incluye adem\u00e1s muestras fotogr\u00e1ficas sobre la biodiversidad nacional, caminatas ecol\u00f3gicas, as\u00ed como talleres para ni\u00f1os y adultos.<\/span><\/p>\n<p><span class=\"text1noticias\"> <\/span><\/p>\n<p><span class=\"text1noticias\">Entre otras tem\u00e1ticas, investigadores y ponentes debatir\u00e1n sobre educaci\u00f3n para el medio ambiente, alimentaci\u00f3n, construcci\u00f3n ecol\u00f3gica, calentamiento global y agroecolog\u00eda.<\/span><\/p>\n<p><span class=\"text1noticias\"> <\/span><\/p>\n<p><span class=\"text1noticias\">Auspiciado por Alternatiba Central Plateau, en asociaci\u00f3n con la coordinaci\u00f3n de Alternatiba en Hait\u00ed y el Grupo de Acci\u00f3n Franc\u00f3fono para el Medio Ambiente (GAFE), el proyecto presentar\u00e1 m\u00faltiples soluciones innovadoras, extra\u00eddas del mundo campesino, para proteger la naturaleza y el clima.<\/span><\/p>\n<p><span class=\"text1noticias\"> <\/span><\/p>\n<p><span class=\"text1noticias\">David Tilus, presidente del GAFE, se\u00f1al\u00f3 que este a\u00f1o la iniciativa pone \u00e9nfasis en el mundo rural y resalta, no solo las dificultades que tienen, sino tambi\u00e9n el conjunto de riquezas, con la idea de participar en la rehabilitaci\u00f3n de lo rural en Hait\u00ed.<\/span><\/p>\n<p><span class=\"text1noticias\"> <\/span><\/p>\n<p><span class=\"text1noticias\">El movimiento naci\u00f3 en Francia en 2013 y ahora tiene miles de activistas en todo el mundo. Uno de sus principales objetivos es mostrar que existen soluciones viables que esperan ser implemen<\/span>tadas.<\/p>\n<h6> 2018-04-03 11:04:03 <\/h6>\n<p><!--\n<link rel=\"stylesheet\" href=\"css\/bootstrap.min.css\">\n\n\n<ul class=\"pagination\">\n\t    \n\t\n\n<li >\n\t<a href='?page_no=10755'>Previous<\/a>\n\t<\/li>\n\n\n       \n    \n\n<li><a href='?page_no=1'>1<\/a><\/li>\n\n\n\n<li><a href='?page_no=2'>2<\/a><\/li>\n\n\n\n<li><a>...<\/a><\/li>\n\n\n\n<li><a href='?page_no=10754'>10754<\/a><\/li>\n\n\n\n<li><a href='?page_no=10755'>10755<\/a><\/li>\n\n\n\n<li class='active'><a>10756<\/a><\/li>\n\n\n\n<li><a href='?page_no=10757'>10757<\/a><\/li>\n\n\n\n<li><a href='?page_no=10758'>10758<\/a><\/li>\n\n\n\n<li><a>...<\/a><\/li>\n\n\n\n<li><a href='?page_no=51012'>51012<\/a><\/li>\n\n\n\n<li><a href='?page_no=51013'>51013<\/a><\/li>\n\n    \n\t\n\n<li >\n\t<a href='?page_no=10757'>Next<\/a>\n\t<\/li>\n\n\n    \n\n<li><a href='?page_no=51013'>Last &rsaquo;&rsaquo;<\/a><\/li>\n\n<\/ul>\n\n\n--><br \/>\n<\/body><\/p>\n","protected":false},"excerpt":{"rendered":"<p>Puerto Pr\u00edncipe, 3 abr (PL) El central distrito haitiano de Hincha acoger\u00e1 el 7 y 8 de abril la cuarta edici\u00f3n de Village Alternatiba (Ciudad Alternativa) que promueve iniciativas en energ\u00edas renovables, gesti\u00f3n de residuos y ciudadan\u00eda, se anunci\u00f3 hoy. Seg\u00fan sus organizadores, la actual entrega se dedica a la agricultura como alternativa real para [&hellip;]<\/p>\n","protected":false},"author":3,"featured_media":0,"comment_status":"open","ping_status":"open","sticky":false,"template":"","format":"standard","meta":{"footnotes":""},"categories":[23],"tags":[],"class_list":["post-231111","post","type-post","status-publish","format-standard","hentry","category-internacional"],"_links":{"self":[{"href":"https:\/\/diariodominicano.com\/index.php?rest_route=\/wp\/v2\/posts\/231111","targetHints":{"allow":["GET"]}}],"collection":[{"href":"https:\/\/diariodominicano.com\/index.php?rest_route=\/wp\/v2\/posts"}],"about":[{"href":"https:\/\/diariodominicano.com\/index.php?rest_route=\/wp\/v2\/types\/post"}],"author":[{"embeddable":true,"href":"https:\/\/diariodominicano.com\/index.php?rest_route=\/wp\/v2\/users\/3"}],"replies":[{"embeddable":true,"href":"https:\/\/diariodominicano.com\/index.php?rest_route=%2Fwp%2Fv2%2Fcomments&post=231111"}],"version-history":[{"count":0,"href":"https:\/\/diariodominicano.com\/index.php?rest_route=\/wp\/v2\/posts\/231111\/revisions"}],"wp:attachment":[{"href":"https:\/\/diariodominicano.com\/index.php?rest_route=%2Fwp%2Fv2%2Fmedia&parent=231111"}],"wp:term":[{"taxonomy":"category","embeddable":true,"href":"https:\/\/diariodominicano.com\/index.php?rest_route=%2Fwp%2Fv2%2Fcategories&post=231111"},{"taxonomy":"post_tag","embeddable":true,"href":"https:\/\/diariodominicano.com\/index.php?rest_route=%2Fwp%2Fv2%2Ftags&post=231111"}],"curies":[{"name":"wp","href":"https:\/\/api.w.org\/{rel}","templated":true}]}}