{"id":231110,"date":"2018-04-03T13:15:45","date_gmt":"2018-04-03T13:15:45","guid":{"rendered":"http:\/\/diariodominicano.ddns.net\/?p=231110"},"modified":"2018-04-03T13:15:45","modified_gmt":"2018-04-03T13:15:45","slug":"abogado-de-puigdemont-espera-que-alemania-rechace-su-extradicion","status":"publish","type":"post","link":"https:\/\/diariodominicano.com\/?p=231110","title":{"rendered":"Abogado de Puigdemont espera que Alemania rechace su extradici\u00f3n"},"content":{"rendered":"<p><body><\/p>\n<p><img decoding=\"async\" src=\"img3\/europa-puigdemont-alemania.jpg\" \/>  <\/p>\n<p><strong> Madrid, 3 abr (PL) <\/strong>La defensa del expresidente de Catalu\u00f1a Carles Puigdemont confi\u00f3 hoy en que la justicia de Alemania impugne la extradici\u00f3n a Espa\u00f1a del l\u00edder independentista, procesado por intentar la secesi\u00f3n de esa comunidad aut\u00f3noma en 2017.<\/p>\n<\/p>\n<p>En declaraciones a la radioemisora catalana RAC1, el abogado Jaume Alonso-Cuevillas manifest\u00f3 no estar sorprendido por la decisi\u00f3n de la Fiscal\u00eda alemana de solicitar la entrega a Madrid del cesado mandatario, detenido hace nueve d\u00edas en territorio germano.<\/p>\n<\/p>\n<p>&#8216;Cuando se cursa una euroorden (de arresto), es la Fiscal\u00eda del Estado requerido la que asume la defensa del Estado solicitante. La Fiscal\u00eda de Alemania asume la defensa del Estado espa\u00f1ol&#8217;, explic\u00f3 el letrado.<\/p>\n<\/p>\n<p>La l\u00f3gica, por tanto, es que fuera admitida a tr\u00e1mite esa orden de detenci\u00f3n, asegur\u00f3 el abogado que coordina la defensa de Puigdemont, en alusi\u00f3n a la demanda de extradici\u00f3n cursada el pasado 23 de marzo por el Tribunal Supremo (TS) de este pa\u00eds.<\/p>\n<\/p>\n<p>Alonso-Cuevillas confi\u00f3, sin embargo, en que el Tribunal Regional Superior de Schleswig-Holstein -estado federado donde se encuentra preso su defendido- &#8216;tumbe&#8217; el pedido de entrega del TS, que acusa a Puigdemont de rebeli\u00f3n y malversaci\u00f3n de fondos p\u00fablicos.<\/p>\n<\/p>\n<p>Ser\u00e1 esa corte la encargada de analizar el reclamo y determinar si la extradici\u00f3n a las autoridades espa\u00f1olas es admisible legalmente.<\/p>\n<\/p>\n<p>&#8216;Era una noticia esperada y entraba dentro de la l\u00f3gica: lo que hubiera sido excepcional es lo contrario&#8217;, remarc\u00f3 el jurista.<\/p>\n<\/p>\n<p>Durante la entrevista radiof\u00f3nica, Alonso-Cuevillas indic\u00f3 que la decisi\u00f3n definitiva de la audiencia de Schleswig-Holstein puede dilatarse entre dos y tres meses.<\/p>\n<\/p>\n<p>Seg\u00fan su criterio, el del defenestrado gobernante auton\u00f3mico es un caso excepcional por su relevancia, el componente pol\u00edtico y la vulneraci\u00f3n de derechos fundamentales que se han producido en el pa\u00eds de origen.<\/p>\n<\/p>\n<p>\u00c9l tiene claro que es &#8216;un preso pol\u00edtico y que el Estado espa\u00f1ol intentar\u00e1 hacerle pagar por todo y est\u00e1 preparado para ello&#8217;, concluy\u00f3.<\/p>\n<\/p>\n<p>Puigdemont fue destituido por el gobierno de Mariano Rajoy tras impulsar la fallida declaraci\u00f3n unilateral de independencia de Catalu\u00f1a, aprobada el pasado 27 de octubre por el parlamento de esa pr\u00f3spera regi\u00f3n del noreste de la naci\u00f3n ib\u00e9rica.<\/p>\n<\/p>\n<p>El domingo 25 marzo fue arrestado en un \u00e1rea de servicio del norte de Alemania, en virtud de una orden de captura europea emitida dos d\u00edas antes por el TS, que lo investiga por presunta rebeli\u00f3n y malversaci\u00f3n de fondos p\u00fablicos.<\/p>\n<\/p>\n<p>mgt\/edu<\/p>\n<h6> 2018-04-03 13:15:45 <\/h6>\n<p><!--\n<link rel=\"stylesheet\" href=\"css\/bootstrap.min.css\">\n\n\n<ul class=\"pagination\">\n\t    \n\t\n\n<li >\n\t<a href='?page_no=10754'>Previous<\/a>\n\t<\/li>\n\n\n       \n    \n\n<li><a href='?page_no=1'>1<\/a><\/li>\n\n\n\n<li><a href='?page_no=2'>2<\/a><\/li>\n\n\n\n<li><a>...<\/a><\/li>\n\n\n\n<li><a href='?page_no=10753'>10753<\/a><\/li>\n\n\n\n<li><a href='?page_no=10754'>10754<\/a><\/li>\n\n\n\n<li class='active'><a>10755<\/a><\/li>\n\n\n\n<li><a href='?page_no=10756'>10756<\/a><\/li>\n\n\n\n<li><a href='?page_no=10757'>10757<\/a><\/li>\n\n\n\n<li><a>...<\/a><\/li>\n\n\n\n<li><a href='?page_no=51012'>51012<\/a><\/li>\n\n\n\n<li><a href='?page_no=51013'>51013<\/a><\/li>\n\n    \n\t\n\n<li >\n\t<a href='?page_no=10756'>Next<\/a>\n\t<\/li>\n\n\n    \n\n<li><a href='?page_no=51013'>Last &rsaquo;&rsaquo;<\/a><\/li>\n\n<\/ul>\n\n\n--><br \/>\n<\/body><\/p>\n","protected":false},"excerpt":{"rendered":"<p>Madrid, 3 abr (PL) La defensa del expresidente de Catalu\u00f1a Carles Puigdemont confi\u00f3 hoy en que la justicia de Alemania impugne la extradici\u00f3n a Espa\u00f1a del l\u00edder independentista, procesado por intentar la secesi\u00f3n de esa comunidad aut\u00f3noma en 2017. En declaraciones a la radioemisora catalana RAC1, el abogado Jaume Alonso-Cuevillas manifest\u00f3 no estar sorprendido por [&hellip;]<\/p>\n","protected":false},"author":3,"featured_media":0,"comment_status":"open","ping_status":"open","sticky":false,"template":"","format":"standard","meta":{"footnotes":""},"categories":[23],"tags":[],"class_list":["post-231110","post","type-post","status-publish","format-standard","hentry","category-internacional"],"_links":{"self":[{"href":"https:\/\/diariodominicano.com\/index.php?rest_route=\/wp\/v2\/posts\/231110","targetHints":{"allow":["GET"]}}],"collection":[{"href":"https:\/\/diariodominicano.com\/index.php?rest_route=\/wp\/v2\/posts"}],"about":[{"href":"https:\/\/diariodominicano.com\/index.php?rest_route=\/wp\/v2\/types\/post"}],"author":[{"embeddable":true,"href":"https:\/\/diariodominicano.com\/index.php?rest_route=\/wp\/v2\/users\/3"}],"replies":[{"embeddable":true,"href":"https:\/\/diariodominicano.com\/index.php?rest_route=%2Fwp%2Fv2%2Fcomments&post=231110"}],"version-history":[{"count":0,"href":"https:\/\/diariodominicano.com\/index.php?rest_route=\/wp\/v2\/posts\/231110\/revisions"}],"wp:attachment":[{"href":"https:\/\/diariodominicano.com\/index.php?rest_route=%2Fwp%2Fv2%2Fmedia&parent=231110"}],"wp:term":[{"taxonomy":"category","embeddable":true,"href":"https:\/\/diariodominicano.com\/index.php?rest_route=%2Fwp%2Fv2%2Fcategories&post=231110"},{"taxonomy":"post_tag","embeddable":true,"href":"https:\/\/diariodominicano.com\/index.php?rest_route=%2Fwp%2Fv2%2Ftags&post=231110"}],"curies":[{"name":"wp","href":"https:\/\/api.w.org\/{rel}","templated":true}]}}